{"id":182235,"date":"2025-06-17T01:55:10","date_gmt":"2025-06-17T01:55:10","guid":{"rendered":"https:\/\/www.europesays.com\/fr\/182235\/"},"modified":"2025-06-17T01:55:10","modified_gmt":"2025-06-17T01:55:10","slug":"un-americain-tue-lors-de-frappes-aeriennes-russes-sur-kiev","status":"publish","type":"post","link":"https:\/\/www.europesays.com\/fr\/182235\/","title":{"rendered":"Un Am\u00e9ricain tu\u00e9 lors de frappes a\u00e9riennes russes sur Kiev"},"content":{"rendered":"<p>Est-ce une mort qui va avoir un impact sur les relations entre la <a href=\"https:\/\/www.20minutes.fr\/monde\/etats-unis\/\" target=\"_blank\" class=\"color-ultramarine c-link\" rel=\"nofollow noopener\">Maison-Blanche<\/a> et le <a href=\"https:\/\/www.20minutes.fr\/monde\/russie\/\" target=\"_blank\" class=\"color-ultramarine c-link\" rel=\"nofollow noopener\">Kremlin<\/a>\u00a0? La question est pos\u00e9e alors que des frappes a\u00e9riennes russes qui ont cibl\u00e9 Kiev dans la nuit de lundi \u00e0 ce mardi ont fait au moins un mort, un citoyen am\u00e9ricain, a annonc\u00e9 le maire de la capitale ukrainienne Vitali Klitschko.<\/p>\n<p>\u00ab\u00a0Dans le district de Solomiansky, un citoyen am\u00e9ricain de 62 ans est d\u00e9c\u00e9d\u00e9 dans une maison situ\u00e9e en face de l\u2019endroit o\u00f9 les m\u00e9decins portaient assistance aux bless\u00e9s\u00a0\u00bb, a d\u00e9clar\u00e9 le maire sur Telegram.<\/p>\n<p>Au moins 16 bless\u00e9s<\/p>\n<p>Vitali Klitschko avait peu avant fait \u00e9tat de \u00ab\u00a016 bless\u00e9s dans la capitale. La plupart d\u2019entre eux se trouvent dans le district de Solomiansky. Deux personnes dans le district de Darnytsky et une dans le district de Dnipro\u00a0\u00bb. \u00ab\u00a0Les drones ennemis se dirigent toujours vers la ville depuis trois directions. Il y a \u00e9galement une menace de missiles\u00a0! Ne quittez pas les abris\u00a0!\u00a0\u00bb, avait-il aussi plus t\u00f4t averti.<\/p>\n<\/p>\n<p>Le chef de l\u2019administration militaire de la ville de Kiev, Tymur Tkachenko, a de son c\u00f4t\u00e9 indiqu\u00e9 qu\u2019une \u00ab\u00a0attaque combin\u00e9e\u00a0\u00bb de \u00ab\u00a0missiles et des drones\u00a0\u00bb russes avaient provoqu\u00e9 \u00ab\u00a0des incendies dans plusieurs zones\u00a0\u00bb de la capitale. Et le chef de cabinet du pr\u00e9sident ukrainien <a href=\"https:\/\/www.20minutes.fr\/monde\/volodymyr-zelensky\/\" target=\"_blank\" class=\"color-ultramarine c-link\" rel=\"nofollow noopener\">Volodymyr Zelensky<\/a>, Andriy Yermak, a d\u00e9nonc\u00e9 sur Telegram de nouvelles frappes russes sur \u00ab\u00a0des immeubles r\u00e9sidentiels \u00e0 Kiev. La Russie poursuit sa guerre contre les civils.\u00a0\u00bb<\/p>\n<p><a href=\"https:\/\/www.20minutes.fr\/monde\/ukraine\/\" target=\"_blank\" class=\"c-link c-btn c-btn--primary\" rel=\"nofollow noopener\">Notre dossier sur la Guerre en Ukraine<\/a><\/p>\n<p>Les r\u00e9cents pourparlers de paix entre Moscou et Kiev sont bloqu\u00e9s, alors que les deux camps campent sur leurs positions, tr\u00e8s \u00e9loign\u00e9es. Moscou a rejet\u00e9 la tr\u00eave \u00ab\u00a0inconditionnelle\u00a0\u00bb voulue par Kiev et les Europ\u00e9ens, tandis que l\u2019Ukraine a qualifi\u00e9 d&rsquo;\u00ab\u00a0ultimatums\u00a0\u00bb les demandes russes.<\/p>\n","protected":false},"excerpt":{"rendered":"Est-ce une mort qui va avoir un impact sur les relations entre la Maison-Blanche et le Kremlin\u00a0? La&hellip;\n","protected":false},"author":2,"featured_media":182236,"comment_status":"","ping_status":"","sticky":false,"template":"","format":"standard","meta":{"footnotes":""},"categories":[1590],"tags":[47,11,75,73,1777,674,131,74,12,132,220,133,135,134],"class_list":{"0":"post-182235","1":"post","2":"type-post","3":"status-publish","4":"format-standard","5":"has-post-thumbnail","7":"category-ukraine","8":"tag-actualite","9":"tag-actualites","10":"tag-donald-trump","11":"tag-etats-unis","12":"tag-eu","13":"tag-europe","14":"tag-guerre-en-ukraine","15":"tag-monde","16":"tag-news","17":"tag-russie","18":"tag-ukraine","19":"tag-video","20":"tag-vladimir-poutine","21":"tag-volodymyr-zelensky"},"share_on_mastodon":{"url":"https:\/\/pubeurope.com\/@fr\/114696219978209240","error":""},"_links":{"self":[{"href":"https:\/\/www.europesays.com\/fr\/wp-json\/wp\/v2\/posts\/182235","targetHints":{"allow":["GET"]}}],"collection":[{"href":"https:\/\/www.europesays.com\/fr\/wp-json\/wp\/v2\/posts"}],"about":[{"href":"https:\/\/www.europesays.com\/fr\/wp-json\/wp\/v2\/types\/post"}],"author":[{"embeddable":true,"href":"https:\/\/www.europesays.com\/fr\/wp-json\/wp\/v2\/users\/2"}],"replies":[{"embeddable":true,"href":"https:\/\/www.europesays.com\/fr\/wp-json\/wp\/v2\/comments?post=182235"}],"version-history":[{"count":0,"href":"https:\/\/www.europesays.com\/fr\/wp-json\/wp\/v2\/posts\/182235\/revisions"}],"wp:featuredmedia":[{"embeddable":true,"href":"https:\/\/www.europesays.com\/fr\/wp-json\/wp\/v2\/media\/182236"}],"wp:attachment":[{"href":"https:\/\/www.europesays.com\/fr\/wp-json\/wp\/v2\/media?parent=182235"}],"wp:term":[{"taxonomy":"category","embeddable":true,"href":"https:\/\/www.europesays.com\/fr\/wp-json\/wp\/v2\/categories?post=182235"},{"taxonomy":"post_tag","embeddable":true,"href":"https:\/\/www.europesays.com\/fr\/wp-json\/wp\/v2\/tags?post=182235"}],"curies":[{"name":"wp","href":"https:\/\/api.w.org\/{rel}","templated":true}]}}