{"id":182248,"date":"2025-06-17T02:02:15","date_gmt":"2025-06-17T02:02:15","guid":{"rendered":"https:\/\/www.europesays.com\/fr\/182248\/"},"modified":"2025-06-17T02:02:15","modified_gmt":"2025-06-17T02:02:15","slug":"la-publicite-arrive-sur-whatsapp-qui-etait-lun-des-derniers-espaces-dinternet-a-y-echapper-encore","status":"publish","type":"post","link":"https:\/\/www.europesays.com\/fr\/182248\/","title":{"rendered":"La publicit\u00e9 arrive sur WhatsApp qui \u00e9tait l\u2019un des derniers espaces d\u2019Internet \u00e0 y \u00e9chapper encore"},"content":{"rendered":"<p>        <img decoding=\"async\" loading=\"lazy\" src=\"https:\/\/www.europesays.com\/fr\/wp-content\/uploads\/2025\/06\/9549607_upload-1-l8r1lauvvtft-2025-02-08t212910z-1720030057-mt1sipa0000t89ds-rtrmadp-3-sipa-usa.JPG\"  width=\"728\" height=\"409\" alt=\"La publicit\u00e9 arrive sur WhatsApp qui \u00e9tait l\u2019un des derniers espaces d\u2019Internet \u00e0 y \u00e9chapper encore\"\/>  <\/p>\n<p>Jonathan Raa \/ Jonathan Raa\/Sipa USA via Reuters Connect<\/p>\n<p>La publicit\u00e9 arrive sur WhatsApp qui \u00e9tait l\u2019un des derniers espaces d\u2019Internet \u00e0 y \u00e9chapper encore<\/p>\n<p class=\"asset asset-text\">INTERNET &#8211; Depuis son rachat par Meta en 2014, la question revenait souvent chez WhatsApp\u00a0: quand la publicit\u00e9 fera-t-elle son apparition sur la messagerie\u00a0? Car contrairement \u00e0 Facebook, Instagram ou d\u2019autres plateformes du <a href=\"https:\/\/www.huffingtonpost.fr\/international\/article\/facebook-instagram-whatsapp-les-services-de-meta-touches-par-une-panne-mondiale_243436.html\" rel=\"nofollow noopener\" target=\"_blank\">groupe dirig\u00e9 par Mark Zuckerberg<\/a>, l<a href=\"https:\/\/www.huffingtonpost.fr\/international\/article\/sur-whatsapp-bientot-des-publicites-la-direction-de-meta-balaye-l-hypothese_223141.html\" rel=\"nofollow noopener\" target=\"_blank\">\u2019application \u00e9chappait grandement \u00e0 la publicit\u00e9<\/a>.<\/p>\n<p class=\"asset asset-text\">Cette sp\u00e9cificit\u00e9 n\u2019en sera bient\u00f4t plus une puisque <a href=\"https:\/\/blog.whatsapp.com\/helping-you-find-more-channels-and-businesses-on-whatsapp\" target=\"_blank\" rel=\"noopener nofollow\" title=\"Nouvelle fen\u00eatre\">la direction de WhatsApp<\/a> a annonc\u00e9 ce lundi 16\u00a0juin l\u2019introduction prochaine de nouveaux espaces publicitaires, un tournant important pour elle. Le calendrier de d\u00e9ploiement des nouvelles fonctionnalit\u00e9s n\u2019a cependant pas \u00e9t\u00e9 pr\u00e9cis\u00e9.<\/p>\n<p class=\"asset asset-text\">On sait en revanche o\u00f9 ses publicit\u00e9s vont atterrir dans l\u2019application pl\u00e9biscit\u00e9e pour sa facilit\u00e9 d\u2019utilisation et ses fonctionnalit\u00e9s (appels audio et vid\u00e9o, messages vocaux&#8230;), ses messages chiffr\u00e9s et son apparente neutralit\u00e9 commerciale. Jusqu\u2019\u00e0 pr\u00e9sent, les seuls formats publicitaires consistaient en des messages promotionnels envoy\u00e9s via l\u2019outil WhatsApp Business \u00e0 des utilisateurs ayant donn\u00e9 leur accord, ainsi que quelques exp\u00e9rimentations sur certains march\u00e9s.<\/p>\n<p class=\"asset asset-text\">L\u2019entreprise pr\u00e9cise que les nouveaux espaces publicitaires appara\u00eetront exclusivement dans l\u2019onglet \u00ab\u00a0Actus\u00a0\u00bb, qui regroupe les \u00ab\u00a0Statuts\u00a0\u00bb et les \u00ab\u00a0Cha\u00eenes\u00a0\u00bb, et est utilis\u00e9 quotidiennement par environ 1,5\u00a0milliard de personnes dans le monde. Les utilisateurs qui se servent de WhatsApp uniquement pour discuter avec leurs proches ne verront aucun changement, cet onglet pouvant par ailleurs \u00eatre d\u00e9sactiv\u00e9 dans les param\u00e8tres.<\/p>\n<p>                     Meta pr\u00e9serve vos messages WhatsApp    <\/p>\n<p class=\"asset asset-text\">\u00ab\u00a0Je veux \u00eatre tr\u00e8s claire\u00a0: vos messages personnels, vos appels et vos statuts resteront chiffr\u00e9s de bout en bout. Cela signifie que personne, pas m\u00eame nous, ne peut les voir ou les \u00e9couter. Ils ne seront jamais utilis\u00e9s pour de la publicit\u00e9\u00a0\u00bb, a promis Nikila Srinivasan, une vice-pr\u00e9sidente de Meta, lors d\u2019un appel \u00e0 la presse.<\/p>\n<p>         <img decoding=\"async\" loading=\"lazy\" src=\"https:\/\/www.europesays.com\/fr\/wp-content\/uploads\/2025\/06\/03b6467_upload-1-lw9muhgn4luz-pub-whatsapp.png\"  width=\"728\" height=\"410\" alt=\"\"\/>      <\/p>\n<p class=\"asset asset-text\">L\u2019entreprise s\u2019est engag\u00e9e \u00e0 ne jamais vendre ou partager les num\u00e9ros de t\u00e9l\u00e9phone avec des annonceurs, et a assur\u00e9 que les informations issues des discussions personnelles, des appels ou des groupes ne serviront pas au ciblage publicitaire. Les publicit\u00e9s diffus\u00e9es dans l\u2019onglet Actus reposeront uniquement sur des donn\u00e9es basiques comme la localisation approximative, la langue du t\u00e9l\u00e9phone ou l\u2019activit\u00e9 dans cet espace de la messagerie.<\/p>\n<p class=\"asset asset-text\">Les nouvelles fonctionnalit\u00e9s pr\u00e9sent\u00e9es ce lundi incluent des abonnements payants \u00e0 certaines Cha\u00eenes, la promotion de Cha\u00eenes dans l\u2019annuaire de d\u00e9couverte et des publicit\u00e9s int\u00e9gr\u00e9es dans les Statuts, \u00e9quivalents des Stories d\u2019Instagram. \u00ab\u00a0Nous parlons depuis des ann\u00e9es de notre intention de cr\u00e9er une activit\u00e9 qui n\u2019interrompt pas vos conversations personnelles et nous pensons que l\u2019onglet Actus est le bon endroit pour ces nouveaux outils\u00a0\u00bb, a d\u00e9clar\u00e9 la filiale de Meta.<\/p>\n<p class=\"asset asset-text\">Meta semble donc avoir enfin trouv\u00e9 comment tirer des revenus de l\u2019\u00e9norme base d\u2019utilisateurs de WhatsApp\u00a0; on estime en effet \u00e0 plus de deux milliards le nombre d\u2019utilisateurs actifs chaque mois.<\/p>\n","protected":false},"excerpt":{"rendered":"Jonathan Raa \/ Jonathan Raa\/Sipa USA via Reuters Connect La publicit\u00e9 arrive sur WhatsApp qui \u00e9tait l\u2019un des&hellip;\n","protected":false},"author":2,"featured_media":182249,"comment_status":"","ping_status":"","sticky":false,"template":"","format":"standard","meta":{"footnotes":""},"categories":[2],"tags":[11,33,1011,27,310,12,1834,25,24551,250],"class_list":{"0":"post-182248","1":"post","2":"type-post","3":"status-publish","4":"format-standard","5":"has-post-thumbnail","7":"category-actualites","8":"tag-actualites","9":"tag-economie","10":"tag-fr","11":"tag-france","12":"tag-internet","13":"tag-news","14":"tag-publicite","15":"tag-republique-francaise","16":"tag-tech-futurs","17":"tag-whatsapp"},"share_on_mastodon":{"url":"https:\/\/pubeurope.com\/@fr\/114696247329054351","error":""},"_links":{"self":[{"href":"https:\/\/www.europesays.com\/fr\/wp-json\/wp\/v2\/posts\/182248","targetHints":{"allow":["GET"]}}],"collection":[{"href":"https:\/\/www.europesays.com\/fr\/wp-json\/wp\/v2\/posts"}],"about":[{"href":"https:\/\/www.europesays.com\/fr\/wp-json\/wp\/v2\/types\/post"}],"author":[{"embeddable":true,"href":"https:\/\/www.europesays.com\/fr\/wp-json\/wp\/v2\/users\/2"}],"replies":[{"embeddable":true,"href":"https:\/\/www.europesays.com\/fr\/wp-json\/wp\/v2\/comments?post=182248"}],"version-history":[{"count":0,"href":"https:\/\/www.europesays.com\/fr\/wp-json\/wp\/v2\/posts\/182248\/revisions"}],"wp:featuredmedia":[{"embeddable":true,"href":"https:\/\/www.europesays.com\/fr\/wp-json\/wp\/v2\/media\/182249"}],"wp:attachment":[{"href":"https:\/\/www.europesays.com\/fr\/wp-json\/wp\/v2\/media?parent=182248"}],"wp:term":[{"taxonomy":"category","embeddable":true,"href":"https:\/\/www.europesays.com\/fr\/wp-json\/wp\/v2\/categories?post=182248"},{"taxonomy":"post_tag","embeddable":true,"href":"https:\/\/www.europesays.com\/fr\/wp-json\/wp\/v2\/tags?post=182248"}],"curies":[{"name":"wp","href":"https:\/\/api.w.org\/{rel}","templated":true}]}}