{"id":18225,"date":"2025-04-11T20:49:13","date_gmt":"2025-04-11T20:49:13","guid":{"rendered":"https:\/\/www.europesays.com\/fr\/18225\/"},"modified":"2025-04-11T20:49:13","modified_gmt":"2025-04-11T20:49:13","slug":"strasbourg-le-lions-club-dillkirch-organise-un-gala-a-linsp-gilbert-gress-parraine-levenement","status":"publish","type":"post","link":"https:\/\/www.europesays.com\/fr\/18225\/","title":{"rendered":"Strasbourg. Le Lions Club d\u2019Illkirch organise un gala \u00e0 l\u2019INSP, Gilbert Gress parraine l&rsquo;\u00e9v\u00e9nement"},"content":{"rendered":"<p>L\u2019INSP \u00e0 Strasbourg accueille le jeudi 24\u00a0avril le Lions club Illkirch Doyen pour une soir\u00e9e plac\u00e9e sous le signe du jazz. Au programme, un\u00a0big band, une chanteuse, un parrain bien sp\u00e9cial et des fonds revers\u00e9s \u00e0 une association. Les b\u00e9n\u00e9fices de la soir\u00e9e sont revers\u00e9s \u00e0 l\u2019association Passage.<\/p>\n<p>L\u2019\u00e9picerie sociale d\u2019Illkirch-Graffenstaden permet aux familles en difficult\u00e9 financi\u00e8re d\u2019\u00eatre accompagn\u00e9es, en plus d\u2019offrir un acc\u00e8s \u00e0 des denr\u00e9es alimentaires \u00e0 seulement 10\u00a0% de leur prix. \u00ab <a href=\"https:\/\/www.dna.fr\/societe\/2022\/04\/26\/les-40-ans-du-lions-club\" target=\"_blank\" rel=\"nofollow noopener\">Le Lions club Illkirch Doyen<\/a> poursuit sa volont\u00e9 d\u2019aider le plus grand nombre d\u2019associations locales\u00a0\u00bb, ajoute son pr\u00e9sident Thierry Pottecher.<\/p>\n<p>25 musiciens sur sc\u00e8ne<\/p>\n<p>Dirig\u00e9 par <a href=\"https:\/\/www.republicain-lorrain.fr\/culture-loisirs\/2022\/10\/29\/chris-big-band-christian-thoux-troubadour-jazzy-du-xxie-siecle\" target=\"_blank\" rel=\"nofollow noopener\">Christian Thoux<\/a> , le Chris&rsquo; Big Band est accompagn\u00e9 de la chanteuse\u00a0Caroline Sturtzer.<\/p>\n<p>Ce contenu est bloqu\u00e9 car vous n&rsquo;avez pas accept\u00e9 les cookies et autres traceurs.<\/p>\n<p>En cliquant sur \u00ab J\u2019accepte \u00bb, les cookies et autres traceurs seront d\u00e9pos\u00e9s et vous pourrez visualiser les contenus  (<a href=\"\" class=\"consentModule_policy\" target=\"_blank\" title=\"Consulter la politique de protection des donn\u00e9es du fournisseur\">plus d&rsquo;informations<\/a>).<\/p>\n<p>En cliquant sur \u00ab J\u2019accepte tous les cookies \u00bb, vous autorisez des d\u00e9p\u00f4ts de cookies et autres traceurs pour le stockage de vos donn\u00e9es sur nos sites et applications \u00e0 des fins de personnalisation et de ciblage publicitaire.<\/p>\n<p class=\"consentModule_secondaryText\">Vous gardez la possibilit\u00e9 de retirer votre consentement \u00e0 tout moment en consultant notre <a href=\"https:\/\/www.dna.fr\/protection-des-donnees\" target=\"_blank\" title=\"Consulter notre politique de protection des donn\u00e9es\" rel=\"nofollow noopener\">politique de protection des donn\u00e9es<\/a>. <br \/>&#13;<br \/>\n            <a href=\"https:\/\/www.dna.fr\/culture-loisirs\/2025\/04\/11\/javascript:Didomi.notice.show()\" class=\"consentModule_cmp\" rel=\"nofollow noopener\" target=\"_blank\">G\u00e9rer mes choix<\/a>&#13;\n        <\/p>\n<p>&#13;<br \/>\n                        J&rsquo;accepte&#13;<br \/>\n            J&rsquo;accepte tous les cookies&#13;\n        <\/p>\n<p>Le chef de l\u2019ensemble pr\u00e9pare un r\u00e9pertoire jazz agr\u00e9ment\u00e9 de musiques actuelles \u00ab\u00a0pour plaire au plus grand nombre et mettre en valeur la voix de Caroline\u00a0\u00bb. Le Lions Club pr\u00e9voit une petite restauration d\u00e8s 18\u00a0h\u00a030 le temps d\u2019appr\u00e9cier les 25 musiciens sur sc\u00e8ne. Une soir\u00e9e prestige est aussi pr\u00e9vue avec un cocktail d\u00eenatoire et un salon VIP.<\/p>\n<p>  Une ic\u00f4ne du Racing comme parrain<\/p>\n<p>L\u2019embl\u00e9matique joueur et entra\u00eeneur du Racing club de Strasbourg Alsace <a href=\"https:\/\/www.dna.fr\/sport\/2022\/02\/14\/richard-godie-gilbert-gress-41-ans-d-amitie\" target=\"_blank\" rel=\"nofollow noopener\">Gilbert Gress<\/a> parraine l\u2019\u00e9v\u00e9nement. Lui qui a tout connu avec les bleu et blanc s\u2019engage r\u00e9guli\u00e8rement dans le monde associatif\u00a0: \u00ab\u00a0Je n\u2019h\u00e9site pas une seule seconde lorsque je peux rendre service aux plus d\u00e9munis\u00a0\u00bb. La pr\u00e9sence de l\u2019entra\u00eeneur du seul titre du club en 1979 est appr\u00e9ci\u00e9e et consid\u00e9r\u00e9e comme \u00ab\u00a0un vecteur pour une soir\u00e9e comme celle-ci\u00a0\u00bb par le pr\u00e9sident du Lions Club Illkirch Doyen.<\/p>\n<p class=\"note\">Informations pratiques\u00a0: Entr\u00e9e : 25 euros\/100 euros pour la soir\u00e9e VIP Adresse\u00a0: INSP, 1, rue Sainte-Marguerite \u00e0 Strasbourg Horaire\u00a0: accueil d\u00e8s 18\u00a0h\u00a030 et fin du concert \u00e0 22\u00a0h\u00a030 R\u00e9servation\u00a0: https:\/\/www.helloasso.com\/associations\/lions-club-illkirch-doyen\/evenements\/jazz-a-l-insp Renseignements compl\u00e9mentaires\u00a0: 07\u00a067\u00a081\u00a048\u00a086<\/p>\n","protected":false},"excerpt":{"rendered":"L\u2019INSP \u00e0 Strasbourg accueille le jeudi 24\u00a0avril le Lions club Illkirch Doyen pour une soir\u00e9e plac\u00e9e sous le&hellip;\n","protected":false},"author":2,"featured_media":18226,"comment_status":"","ping_status":"","sticky":false,"template":"","format":"standard","meta":{"footnotes":""},"categories":[2820],"tags":[1111,11,1687,2880,1777,674,107,1011,27,775,873,12,25,104,3140,640,2879,1631],"class_list":{"0":"post-18225","1":"post","2":"type-post","3":"status-publish","4":"format-standard","5":"has-post-thumbnail","7":"category-strasbourg","8":"tag-actu","9":"tag-actualites","10":"tag-culture-loisirs","11":"tag-edition-strasbourg","12":"tag-eu","13":"tag-europe","14":"tag-fil-info","15":"tag-fr","16":"tag-france","17":"tag-grand-est","18":"tag-musique","19":"tag-news","20":"tag-republique-francaise","21":"tag-societe","22":"tag-spectacle","23":"tag-strasbourg","24":"tag-strasbourg-ville","25":"tag-vie-associative"},"share_on_mastodon":{"url":"https:\/\/pubeurope.com\/@fr\/114321304025546694","error":""},"_links":{"self":[{"href":"https:\/\/www.europesays.com\/fr\/wp-json\/wp\/v2\/posts\/18225","targetHints":{"allow":["GET"]}}],"collection":[{"href":"https:\/\/www.europesays.com\/fr\/wp-json\/wp\/v2\/posts"}],"about":[{"href":"https:\/\/www.europesays.com\/fr\/wp-json\/wp\/v2\/types\/post"}],"author":[{"embeddable":true,"href":"https:\/\/www.europesays.com\/fr\/wp-json\/wp\/v2\/users\/2"}],"replies":[{"embeddable":true,"href":"https:\/\/www.europesays.com\/fr\/wp-json\/wp\/v2\/comments?post=18225"}],"version-history":[{"count":0,"href":"https:\/\/www.europesays.com\/fr\/wp-json\/wp\/v2\/posts\/18225\/revisions"}],"wp:featuredmedia":[{"embeddable":true,"href":"https:\/\/www.europesays.com\/fr\/wp-json\/wp\/v2\/media\/18226"}],"wp:attachment":[{"href":"https:\/\/www.europesays.com\/fr\/wp-json\/wp\/v2\/media?parent=18225"}],"wp:term":[{"taxonomy":"category","embeddable":true,"href":"https:\/\/www.europesays.com\/fr\/wp-json\/wp\/v2\/categories?post=18225"},{"taxonomy":"post_tag","embeddable":true,"href":"https:\/\/www.europesays.com\/fr\/wp-json\/wp\/v2\/tags?post=18225"}],"curies":[{"name":"wp","href":"https:\/\/api.w.org\/{rel}","templated":true}]}}