{"id":182254,"date":"2025-06-17T02:07:10","date_gmt":"2025-06-17T02:07:10","guid":{"rendered":"https:\/\/www.europesays.com\/fr\/182254\/"},"modified":"2025-06-17T02:07:10","modified_gmt":"2025-06-17T02:07:10","slug":"atp-dan-evans-qui-vise-alcaraz-zverev-ruud-jentends-certains-joueurs-se-plaindre-du-calendrier-mais-ils-ne-sont-pas-obliges-de-jouer-toutes-les-semaines-la-raison-pour-laquelle-ils-jouent","status":"publish","type":"post","link":"https:\/\/www.europesays.com\/fr\/182254\/","title":{"rendered":"ATP > Dan Evans (qui vise Alcaraz, Zverev, Ruud) : \u00ab\u00a0J&rsquo;entends certains joueurs se plaindre du calendrier, mais ils ne sont pas oblig\u00e9s de jouer toutes les semaines. La raison pour laquelle ils jouent, c&rsquo;est pour toucher leur bonus \u00e0 la fin de l&rsquo;ann\u00e9e"},"content":{"rendered":"<p>Sujet majeur et redon\u00addant sur le circuit profes\u00adsionnel depuis d\u00e9j\u00e0 plusieurs ann\u00e9es, le calen\u00addrier est au coeur de nombreuses discussions.\u00a0<\/p>\n<p>Alors que plusieurs stars du circuit dont Carlos Alcaraz, Alexander Zverev, Casper Ruud ou encore Taylor Fritz ont d\u00e9j\u00e0 exprim\u00e9 leur m\u00e9con\u00adten\u00adte\u00adment concer\u00adnant la cadence jug\u00e9e exces\u00adsive, Daniel Evans, inter\u00adrog\u00e9 par la BBC en marge du tournoi du Queen\u2019s, a tenu \u00e0 faire passer un message assez\u00a0clair.\u00a0<\/p>\n<blockquote class=\"twitter-tweet\">\n<p lang=\"en\" dir=\"ltr\">\ud83d\udde3 \u00ab\u202fThere\u2019s other people in the world strug\u00adgling for work.\u00ab\u202f<\/p>\n<p>Dan Evans says tennis players have to be \u00ab\u202fcareful\u202f\u00bb complai\u00adning about the busy sche\u00addule. <a href=\"https:\/\/t.co\/ZflWL0DB21\" data-wpel-link=\"external\" target=\"_blank\" rel=\"nofollow external noopener\">pic.twitter.com\/ZflWL0DB21<\/a><\/p>\n<p>\u2014 BBC Sport (@BBCSport) <a href=\"https:\/\/twitter.com\/BBCSport\/status\/1934298943828918286?ref_src=twsrc%5Etfw\" data-wpel-link=\"external\" target=\"_blank\" rel=\"nofollow external noopener\">June 15,\u00a02025<\/a><\/p><\/blockquote>\n<p><strong>\u00ab\u202fJe pense qu\u2019a\u00advant tout, nous sommes dans une posi\u00adtion privi\u00adl\u00e9\u00adgi\u00e9e. Quand j\u2019entends certains joueurs se plaindre du calen\u00addrier, ils ne sont pas oblig\u00e9s de jouer toutes les semaines. Tu n\u2019es pas oblig\u00e9 de jouer. La raison pour laquelle ils jouent, c\u2019est pour toucher leur prime\u2010bonus \u00e0 la fin de l\u2019ann\u00e9e. Nous avons beau\u00adcoup de travail, ce qui est une bonne chose. Il y a d\u2019autres personnes dans le monde qui se battent pour trouver du travail. Je pense que nous devons \u00eatre prudents lorsque nous parlons d\u2019un calen\u00addrier diffi\u00adcile. Nous sommes auto\u00adris\u00e9s \u00e0 prendre des semaines de cong\u00e9, nous sommes des entre\u00adpre\u00adneurs ind\u00e9\u00adpen\u00addants. Nous pouvons prendre une semaine de\u00a0cong\u00e9.\u202f\u00bb<\/strong><\/p>\n<p class=\"post-published-date\" style=\"color: silver; font-size: 75%; text-align: left;\">Publi\u00e9 le lundi 16 juin 2025 \u00e0 18:40<\/p>\n<p><script async src=\"https:\/\/platform.twitter.com\/widgets.js\" charset=\"utf-8\"><\/script><\/p>\n","protected":false},"excerpt":{"rendered":"Sujet majeur et redon\u00addant sur le circuit profes\u00adsionnel depuis d\u00e9j\u00e0 plusieurs ann\u00e9es, le calen\u00addrier est au coeur de&hellip;\n","protected":false},"author":2,"featured_media":182255,"comment_status":"","ping_status":"","sticky":false,"template":"","format":"standard","meta":{"footnotes":""},"categories":[1415],"tags":[1744,1011,27,60,1467,4542],"class_list":{"0":"post-182254","1":"post","2":"type-post","3":"status-publish","4":"format-standard","5":"has-post-thumbnail","7":"category-tennis","8":"tag-alcaraz","9":"tag-fr","10":"tag-france","11":"tag-sports","12":"tag-tennis","13":"tag-zverev"},"share_on_mastodon":{"url":"https:\/\/pubeurope.com\/@fr\/114696266919165690","error":""},"_links":{"self":[{"href":"https:\/\/www.europesays.com\/fr\/wp-json\/wp\/v2\/posts\/182254","targetHints":{"allow":["GET"]}}],"collection":[{"href":"https:\/\/www.europesays.com\/fr\/wp-json\/wp\/v2\/posts"}],"about":[{"href":"https:\/\/www.europesays.com\/fr\/wp-json\/wp\/v2\/types\/post"}],"author":[{"embeddable":true,"href":"https:\/\/www.europesays.com\/fr\/wp-json\/wp\/v2\/users\/2"}],"replies":[{"embeddable":true,"href":"https:\/\/www.europesays.com\/fr\/wp-json\/wp\/v2\/comments?post=182254"}],"version-history":[{"count":0,"href":"https:\/\/www.europesays.com\/fr\/wp-json\/wp\/v2\/posts\/182254\/revisions"}],"wp:featuredmedia":[{"embeddable":true,"href":"https:\/\/www.europesays.com\/fr\/wp-json\/wp\/v2\/media\/182255"}],"wp:attachment":[{"href":"https:\/\/www.europesays.com\/fr\/wp-json\/wp\/v2\/media?parent=182254"}],"wp:term":[{"taxonomy":"category","embeddable":true,"href":"https:\/\/www.europesays.com\/fr\/wp-json\/wp\/v2\/categories?post=182254"},{"taxonomy":"post_tag","embeddable":true,"href":"https:\/\/www.europesays.com\/fr\/wp-json\/wp\/v2\/tags?post=182254"}],"curies":[{"name":"wp","href":"https:\/\/api.w.org\/{rel}","templated":true}]}}