{"id":182266,"date":"2025-06-17T02:14:11","date_gmt":"2025-06-17T02:14:11","guid":{"rendered":"https:\/\/www.europesays.com\/fr\/182266\/"},"modified":"2025-06-17T02:14:11","modified_gmt":"2025-06-17T02:14:11","slug":"a-milan-un-petit-studio-de-26m2-qui-ne-sacrifie-jamais-le-confort","status":"publish","type":"post","link":"https:\/\/www.europesays.com\/fr\/182266\/","title":{"rendered":"\u00c0 Milan, un petit studio de 26m2 qui ne sacrifie jamais le confort"},"content":{"rendered":"<p><strong>Studio \u00e0 Milan : peut-on vivre dans seulement 26 m\u00e8tres carr\u00e9s sans renoncer au confort ? La r\u00e9ponse est oui.<\/strong><\/p>\n<p>Dans une m\u00e9tropole comme Milan, o\u00f9 le temps est un <a href=\"https:\/\/www.admagazine.fr\/article\/petit-espace-luxe-calme-serein-batignolles\" target=\"_blank\" rel=\"noopener\">luxe<\/a> et l\u2019espace une denr\u00e9e de plus en plus rare, un nouveau concept d\u2019habitation est en train d\u2019\u00e9merger. Il n\u2019est plus n\u00e9cessaire de viser les grandes dimensions pour se sentir chez soi, au contraire : les nouvelles g\u00e9n\u00e9rations red\u00e9couvrent la valeur des espaces restreints, mais bien pens\u00e9s. La Casa Nido, avec seulement 26 m\u00e8tres carr\u00e9s, en est un exemple extraordinaire.<\/p>\n<p>Foto di Nicola Colella.<\/p>\n<p>La petite cuisine ouverte a \u00e9t\u00e9 r\u00e9alis\u00e9e sur mesure par un artisan menuisier. Au sol et sur les murs, les carreaux de porcelaine Boqueria de Dune, un <a href=\"https:\/\/www.admagazine.fr\/article\/integrer-motifs-floraux-interieur\" target=\"_blank\" rel=\"noopener\">motif floral<\/a> contemporain dans les tons gris, cannelle, blanc et noir, qui rappelle l\u2019esth\u00e9tique d\u00e9corative inspir\u00e9e de l\u2019univers de Gaud\u00ed.<\/p>\n<p>Foto di Nicola Colella.Le logement vu par la nouvelle g\u00e9n\u00e9ration<\/p>\n<p>\u00ab\u00a0Pour la nouvelle g\u00e9n\u00e9ration, la maison n\u2019est plus cet endroit parfait et bien rang\u00e9 que l\u2019on a peur de montrer \u00e0 ses invit\u00e9s. Au contraire, c\u2019est un espace convivial et authentique o\u00f9 la personnalisation est le mot d\u2019ordre \u00bb, explique Arianna Gritti, la jeune architecte \u00e0 l\u2019origine de ce projet. Il ne s\u2019agit donc pas d\u2019une simple <a href=\"https:\/\/www.admagazine.fr\/article\/une-retraite-intemporelle-avec-vue-en-toscane\" target=\"_blank\" rel=\"noopener\">retraite<\/a> priv\u00e9e, mais d\u2019un environnement o\u00f9 les fonctions premi\u00e8res sont revues, sans espaces \u00ab cach\u00e9s \u00bb ou inutilis\u00e9s. Pour les jeunes de 20 \u00e0 30 ans, le nid domestique est l\u2019endroit o\u00f9 se d\u00e9connecter, se ressourcer et se sentir soi-m\u00eame, apr\u00e8s des journ\u00e9es pass\u00e9es \u00e0 l\u2019ext\u00e9rieur, entre l\u2019universit\u00e9, le travail et la vie sociale.<\/p>\n","protected":false},"excerpt":{"rendered":"Studio \u00e0 Milan : peut-on vivre dans seulement 26 m\u00e8tres carr\u00e9s sans renoncer au confort ? La r\u00e9ponse&hellip;\n","protected":false},"author":2,"featured_media":182267,"comment_status":"","ping_status":"","sticky":false,"template":"","format":"standard","meta":{"footnotes":""},"categories":[1358],"tags":[1348,1384,1385,1386,58,59,1011,27,452,8628,9986],"class_list":{"0":"post-182266","1":"post","2":"type-post","3":"status-publish","4":"format-standard","5":"has-post-thumbnail","7":"category-arts-et-design","8":"tag-arts","9":"tag-arts-and-design","10":"tag-arts-et-design","11":"tag-design","12":"tag-divertissement","13":"tag-entertainment","14":"tag-fr","15":"tag-france","16":"tag-italie","17":"tag-milan","18":"tag-petits-espaces"},"share_on_mastodon":{"url":"https:\/\/pubeurope.com\/@fr\/114696294508794381","error":""},"_links":{"self":[{"href":"https:\/\/www.europesays.com\/fr\/wp-json\/wp\/v2\/posts\/182266","targetHints":{"allow":["GET"]}}],"collection":[{"href":"https:\/\/www.europesays.com\/fr\/wp-json\/wp\/v2\/posts"}],"about":[{"href":"https:\/\/www.europesays.com\/fr\/wp-json\/wp\/v2\/types\/post"}],"author":[{"embeddable":true,"href":"https:\/\/www.europesays.com\/fr\/wp-json\/wp\/v2\/users\/2"}],"replies":[{"embeddable":true,"href":"https:\/\/www.europesays.com\/fr\/wp-json\/wp\/v2\/comments?post=182266"}],"version-history":[{"count":0,"href":"https:\/\/www.europesays.com\/fr\/wp-json\/wp\/v2\/posts\/182266\/revisions"}],"wp:featuredmedia":[{"embeddable":true,"href":"https:\/\/www.europesays.com\/fr\/wp-json\/wp\/v2\/media\/182267"}],"wp:attachment":[{"href":"https:\/\/www.europesays.com\/fr\/wp-json\/wp\/v2\/media?parent=182266"}],"wp:term":[{"taxonomy":"category","embeddable":true,"href":"https:\/\/www.europesays.com\/fr\/wp-json\/wp\/v2\/categories?post=182266"},{"taxonomy":"post_tag","embeddable":true,"href":"https:\/\/www.europesays.com\/fr\/wp-json\/wp\/v2\/tags?post=182266"}],"curies":[{"name":"wp","href":"https:\/\/api.w.org\/{rel}","templated":true}]}}