{"id":18227,"date":"2025-04-11T20:50:10","date_gmt":"2025-04-11T20:50:10","guid":{"rendered":"https:\/\/www.europesays.com\/fr\/18227\/"},"modified":"2025-04-11T20:50:10","modified_gmt":"2025-04-11T20:50:10","slug":"declaration-dimpot-les-avocats-du-barreau-de-nice-mobilises-pour","status":"publish","type":"post","link":"https:\/\/www.europesays.com\/fr\/18227\/","title":{"rendered":"D\u00e9claration d\u2019imp\u00f4t : les avocats du barreau de Nice mobilis\u00e9s pour (\u2026)"},"content":{"rendered":"<p>                    <img loading=\"lazy\" decoding=\"async\" src=\"https:\/\/www.europesays.com\/fr\/wp-content\/uploads\/2025\/04\/d8a2e0e2bb1f00eedad4d645e1ef53.png\" class=\"img-responsive post-image\" width=\"680\" height=\"510\" alt=\"D\u00e9claration d'imp\u00f4t : (\u2026)\" title=\"D\u00e9claration d'imp\u00f4t : les avocats du barreau de Nice mobilis\u00e9s pour conseiller les contribuables le jeudi 15 mai\"\/><\/p>\n<p class=\"chapo\">Jeudi 15 mai, le barreau de Nice se mobilise pour offrir aux contribuables ni\u00e7ois des conseils ainsi qu\u2019une assistance gratuite pour remplir leur d\u00e9claration d\u2019imp\u00f4t sur le revenu.<\/p>\n<p>Cette journ\u00e9e s\u2019inscrit dans le cadre de l\u2019op\u00e9ration nationale \u00ab\u00a0Journ\u00e9e des fiscalistes\u00a0\u00bb, initi\u00e9e par la Conf\u00e9rence nationale des B\u00e2tonniers, visant \u00e0 faciliter l\u2019acc\u00e8s au droit et \u00e0 l\u2019information fiscale pour tous les citoyens. 163 barreaux membres de la Conf\u00e9rence des b\u00e2tonniers sont mobilis\u00e9s pour cette nouvelle \u00e9dition.<\/p>\n<p>Pr\u00e9sentation de l\u2019\u00e9dition 2025, avec le b\u00e2tonnier Emmanuel Bracalenoni, pour qui \u00ab\u00a0dans ce domaine comme dans tous les autres, l\u2019anticipation est la cl\u00e9\u00a0!\u00a0\u00bb.<\/p>\n<p>Pourquoi le Barreau de Nice participe activement \u00e0 cette \u2019Journ\u00e9e des fiscalistes\u2019\u00a0?<\/p>\n<p>\t\t<img loading=\"lazy\" decoding=\"async\" src=\"https:\/\/www.europesays.com\/fr\/wp-content\/uploads\/2025\/04\/journee_fiscalistes_2025_emmanuel_brancaleoni_.png\" width=\"180\" height=\"250\" alt=\"\"\/><\/p>\n<p>\u00a9S.G\n<\/p>\n<p><strong>Monsieur le b\u00e2tonnier Emmanuel Brancaleoni <\/strong>\u00a0: Le barreau de Nice veut attester de son engagement et sa place aux c\u00f4tes des contribuables pour<strong> les assister face au millefeuille fiscal <\/strong> parfois difficile \u00e0 appr\u00e9hender pour le contribuable. Cette manifestation a d\u00e9j\u00e0 eu lieu l\u2019ann\u00e9e derni\u00e8re \u00e0 Nice et dans de nombreux autres barreaux. Cette journ\u00e9e permet \u00e9galement au barreau de Nice de mettre en avant la comp\u00e9tence reconnue des avocats en mati\u00e8re fiscale qu\u2019il s\u2019agisse du conseil ou du contentieux.<\/p>\n<p>\u00c0 quel type de probl\u00e9matiques fiscales les contribuables peuvent-ils venir chercher des r\u00e9ponses pendant cette journ\u00e9e\u00a0?<\/p>\n<p><strong>Emmanuel Brancaleoni <\/strong>\u00a0: Les probl\u00e9matiques sont tr\u00e8s diverses. Elles vont des cat\u00e9gories juridiques dans lesquelles les revenus doivent \u00eatre d\u00e9clar\u00e9s (salaries, revenus fonciers, etc) aux probl\u00e9matiques de d\u00e9duction fiscale de certaines sommes (d\u00e9duction de la part contributive pay\u00e9e \u00e0 l\u2019ex conjoint, somme vers\u00e9es aux enfants \u00e0 charge, d\u00e9duction en mati\u00e8re d\u2019investissement immobilier pour certains dispositif (Pinel par exemple), d\u00e9duction des personnes employ\u00e9es \u00e0 domicile, des dons aux associations etc\u2026.<\/p>\n<p>Les consultations sont-elles accessibles \u00e0 tous, particuliers et chefs d\u2019entreprise\u00a0? Faut-il pr\u00e9parer quelque chose avant de venir consulter pour optimiser l\u2019\u00e9change\u00a0?<\/p>\n<p><strong>Emmanuel Brancaleoni <\/strong>\u00a0:  Les avocats fiscalistes ont une comp\u00e9tence transversale qui leur permet de r\u00e9pondre \u00e0 toutes les cat\u00e9gories de contribuables, particuliers ou entreprises. Id\u00e9alement que les contribuables viennent avec leur d\u00e9claration et les justificatifs pour les questions qu\u2019ils se posent.<\/p>\n<p>Quel message souhaitez-vous adresser \u00e0 celles et ceux qui h\u00e9sitent encore \u00e0 venir consulter un avocat ce jour-l\u00e0\u00a0?<\/p>\n<p><strong>Emmanuel Brancaleoni <\/strong>\u00a0:  Un probl\u00e8me ou une question en mati\u00e8re fiscales\u00a0? un avocat\u00a0! Il vaut mieux anticiper une difficult\u00e9 plut\u00f4t que d\u2019avoir \u00e0 la r\u00e9soudre. Dans ce domaine comme dans tous les autres, l\u2019anticipation est la cl\u00e9\u00a0!<br class=\"autobr\"\/><br \/>\n &#8212;&#8212;&#8212;<\/p>\n<p><strong>Consultations gratuites \u00e0 Nice<\/strong><\/p>\n<p>Toute la journ\u00e9e, de 9h30 \u00e0 17h, des avocats fiscalistes du barreau proposeront des consultations gratuites sans rendez-vous et en toute confidentialit\u00e9. Ils apporteront leurs conseils sur des sujets relatifs \u00e0 la fiscalit\u00e9. Ces consultations se d\u00e9rouleront dans le respect du secret professionnel des avocats. Il est recommand\u00e9 aux participants de se munir de leur d\u00e9claration pr\u00e9-remplie afin de faciliter les \u00e9changes.<br class=\"autobr\"\/><br \/>\n<strong>Le lieu des consultations <\/strong> \u00e0 Nice sera communiqu\u00e9 dans les prochains jours<\/p>\n<p>Visuel de Une \u00a9Conf\u00e9rence nationale des B\u00e2tonniers<\/p>\n","protected":false},"excerpt":{"rendered":"Jeudi 15 mai, le barreau de Nice se mobilise pour offrir aux contribuables ni\u00e7ois des conseils ainsi qu\u2019une&hellip;\n","protected":false},"author":2,"featured_media":18228,"comment_status":"","ping_status":"","sticky":false,"template":"","format":"standard","meta":{"footnotes":""},"categories":[2819],"tags":[1111,11,2408,1777,674,1011,27,12,2401,882,25],"class_list":{"0":"post-18227","1":"post","2":"type-post","3":"status-publish","4":"format-standard","5":"has-post-thumbnail","7":"category-nice","8":"tag-actu","9":"tag-actualites","10":"tag-appels-d","11":"tag-eu","12":"tag-europe","13":"tag-fr","14":"tag-france","15":"tag-news","16":"tag-nice","17":"tag-provence-alpes-cote-dazur","18":"tag-republique-francaise"},"share_on_mastodon":{"url":"https:\/\/pubeurope.com\/@fr\/114321307982838288","error":""},"_links":{"self":[{"href":"https:\/\/www.europesays.com\/fr\/wp-json\/wp\/v2\/posts\/18227","targetHints":{"allow":["GET"]}}],"collection":[{"href":"https:\/\/www.europesays.com\/fr\/wp-json\/wp\/v2\/posts"}],"about":[{"href":"https:\/\/www.europesays.com\/fr\/wp-json\/wp\/v2\/types\/post"}],"author":[{"embeddable":true,"href":"https:\/\/www.europesays.com\/fr\/wp-json\/wp\/v2\/users\/2"}],"replies":[{"embeddable":true,"href":"https:\/\/www.europesays.com\/fr\/wp-json\/wp\/v2\/comments?post=18227"}],"version-history":[{"count":0,"href":"https:\/\/www.europesays.com\/fr\/wp-json\/wp\/v2\/posts\/18227\/revisions"}],"wp:featuredmedia":[{"embeddable":true,"href":"https:\/\/www.europesays.com\/fr\/wp-json\/wp\/v2\/media\/18228"}],"wp:attachment":[{"href":"https:\/\/www.europesays.com\/fr\/wp-json\/wp\/v2\/media?parent=18227"}],"wp:term":[{"taxonomy":"category","embeddable":true,"href":"https:\/\/www.europesays.com\/fr\/wp-json\/wp\/v2\/categories?post=18227"},{"taxonomy":"post_tag","embeddable":true,"href":"https:\/\/www.europesays.com\/fr\/wp-json\/wp\/v2\/tags?post=18227"}],"curies":[{"name":"wp","href":"https:\/\/api.w.org\/{rel}","templated":true}]}}