{"id":182270,"date":"2025-06-17T02:16:16","date_gmt":"2025-06-17T02:16:16","guid":{"rendered":"https:\/\/www.europesays.com\/fr\/182270\/"},"modified":"2025-06-17T02:16:16","modified_gmt":"2025-06-17T02:16:16","slug":"une-prise-dotage-eclate-margot-grievement-blessee-florent-condamne-le-resume-de-lepisode-1665-du-mardi-17-juin-2025","status":"publish","type":"post","link":"https:\/\/www.europesays.com\/fr\/182270\/","title":{"rendered":"Une prise d&rsquo;otage \u00e9clate, Margot gri\u00e8vement bless\u00e9e, Florent condamn\u00e9&#8230; Le r\u00e9sum\u00e9 de l&rsquo;\u00e9pisode 1665 du mardi 17 juin 2025"},"content":{"rendered":"<p><b>Mardi 17 juin 2025 dans <\/b><b>Un si grand soleil<\/b> &#8211; r\u00e9cemment marqu\u00e9e par<a href=\"https:\/\/www.programme-tv.net\/news\/series-tv\/380195-je-suis-partie-parce-que-marie-fevre-revele-enfin-pourquoi-elle-a-quitte-un-si-grand-soleil-et-se-confie-sur-son-arrivee-dans-tout-pour-la-lumiere-la-nouvelle-serie-de-tf1-et-netflix\/\" data-api-deeplink=\"teleloisirs:\/\/news\/380195\" target=\"_blank\" rel=\"noopener\"> le d\u00e9part d&rsquo;une actrice pour le nouveau feuilleton de TF1<\/a>&#8230; La situation devient vite dramatique au cabinet BGL, <a href=\"https:\/\/www.programme-tv.net\/news\/series-tv\/381084-un-si-grand-soleil-en-avance-florent-menace-par-yves-va-t-il-mourir-un-nouveau-couple-se-forme-a-montpellier-le-resume-de-l-episode-1664-du-lundi-16-juin-2025\/\" data-api-deeplink=\"teleloisirs:\/\/news\/381084\" target=\"_blank\" rel=\"noopener\">apr\u00e8s la menace de la veille par Yves (Marc Faget)<\/a>. Tentant de calmer ce-dernier, l&rsquo;avocat est alors projet\u00e9 au sol, provoquant l&rsquo;arriv\u00e9e de Johanna (<a href=\"https:\/\/www.programme-tv.net\/biographie\/210077-delplace-aurore\/\" data-link-people=\"48d5eb41-76bb-4460-8044-3f5639952e91\" target=\"_blank\" rel=\"noopener\">Aurore Delplace<\/a> &#8211; <a href=\"https:\/\/www.programme-tv.net\/news\/series-tv\/332805-exclu-un-si-grand-soleil-on-se-marie-demain-avec-kevin-aurore-delplace-johanna-annonce-son-mariage-surprise-avec-un-acteur-de-demain-nous-appartient\/\" data-api-deeplink=\"teleloisirs:\/\/news\/332805\" target=\"_blank\" rel=\"noopener\">mari\u00e9e depuis juillet 2023 \u00e0 un autre com\u00e9dien<\/a>) et Margot (Clara Botte). Mais, tentant de d\u00e9jouer l&rsquo;attention du preneur d&rsquo;otage, la jeune femme finit par se prendre un coup de cross de revolver en pleine t\u00eate, avant de perdre connaissance. C&rsquo;est \u00e0 ce moment-l\u00e0 que Johanna parvient \u00e0 donner l&rsquo;alerte en appelant Yann (Constantin Balsan) qui comprend vite la dangerosit\u00e9 de la situation. Becker (Yvon Back) appelle alors C\u00e9cile (Marie-Ga\u00eblle Cals), boulevers\u00e9e lorsqu&rsquo;elle apprend que sa soeur fait partie des otages. Mais bient\u00f4t, la tension monte encore d&rsquo;un cran. Alors que Florent tente de convaincre Yves se se rendre, le fr\u00e8re d&rsquo;Iris (Doroth\u00e9e Deblaton) entend la police arriver. De quoi faire p\u00e9ter un c\u00e2ble \u00e0 l&rsquo;homme au bord de la crise de nerfs tandis que Margot se vide de son sang&#8230;<\/p>\n<p>                        Un si grand soleil : Cl\u00e9mence s&rsquo;installe d\u00e9finitivement \u00e0 Montpellier, Victor exulte, Elisabeth prise \u00e0 son propre pi\u00e8ge<\/p>\n<p>Au petit matin, c&rsquo;est la douche froide aux Sauvages lorsque Victor (Bertrand Farge) apprend de la bouche d&rsquo;Emma (Sarah Jague,<a href=\"https:\/\/www.programme-tv.net\/news\/series-tv\/321987-un-si-grand-soleil-france-2-que-cache-emma-sarah-jague-la-nouvelle-serveuse-des-sauvages\/\" data-api-deeplink=\"teleloisirs:\/\/news\/321987\" target=\"_blank\" rel=\"noopener\"> l&rsquo;ancienne actrice de Demain nous appartient<\/a>) que Cl\u00e9mence doit rentrer \u00e0 Nice de fa\u00e7on imminente et surtout d\u00e9finitive. Il ne comprend pas pourquoi la m\u00e8re de Flore (Emmanuelle Bouaziz) ne lui en a pas parl\u00e9. David (Quentin Gratias) serait presque du m\u00eame avis. Alors qu&rsquo;ils discutent tous deux d&rsquo;une patiente, l&rsquo;infirmier est surpris, voire d\u00e9\u00e7ue d&rsquo;apprendre que la m\u00e9decin va bient\u00f4t quitter la capitale h\u00e9raultaise. Plus tard, l&rsquo;heure des explications est venue pour la grand-m\u00e8re de Tiago (F\u00e9liciien Araud) et le p\u00e8re de Claire (<a href=\"https:\/\/www.programme-tv.net\/biographie\/5718-maudran-melanie\/\" data-link-people=\"02cedb67-cdf7-42d7-93fa-8e9e246ba74a\" target=\"_blank\" rel=\"noopener\">M\u00e9lanie Maudran<\/a>). Si le barman est d&rsquo;abord en col\u00e8re, il finit par se calmer lorsqu&rsquo;elle lui apprend que finalement elle a d\u00e9cid\u00e9 de rester dans la r\u00e9gion, pour sa famille, et peut-\u00eatre un peu pour lui ? En tout cas, Victor semble ravi de cette d\u00e9cision, \u00e0 l&rsquo;instar d&rsquo;Alain (Fr\u00e9d\u00e9ric Van Den Driessche), mais pas d&rsquo;Elisabeth (<a href=\"https:\/\/www.programme-tv.net\/biographie\/247539-labaude-chrystelle\/\" data-link-people=\"d31898f5-881b-4757-8642-059c45dc288e\" target=\"_blank\" rel=\"noopener\">Chrystelle Labaude<\/a>) lorsqu&rsquo;elle apprend la nouvelle. La femme d&rsquo;affaires d\u00e9chante. Son plan d&rsquo;attaques n&rsquo;a pas fonctionn\u00e9&#8230;<\/p>\n<p>            Un si grand soleil : Yves arr\u00eat\u00e9, Margot sauv\u00e9e, Florent condamn\u00e9<\/p>\n<p>Au cabinet BGL, tandis qu&rsquo;Yves semble de plus en plus proche du craquage, il finit par menacer de se suicider. Heureusement, Florent parvient \u00e0 le calmer, et \u00e0 lui subtiliser son arme. L&rsquo;homme est alors arr\u00eat\u00e9, et le drame est \u00e9vit\u00e9 de justesse. Johanna, visiblement soulag\u00e9e, s&rsquo;effondre au t\u00e9l\u00e9phone avec Yann (Constantin Balsan). De son c\u00f4t\u00e9, C\u00e9cile oscille entre compassion et col\u00e8re. En effet, se pr\u00e9cipitant vers Margot, gravement bless\u00e9e, la juge accompagne alors sa soeur qui doit \u00eatre op\u00e9rer d&rsquo;urgence. Le soir venu, tandis que Margot est hors de danger, l&rsquo;heure des retrouvailles a sonn\u00e9 pour C\u00e9cile et Florent. Mais, la femme tient l&rsquo;avocat pour responsable de ce qui s&rsquo;est pass\u00e9. Elle va m\u00eame jusqu&rsquo;\u00e0 dire qu&rsquo;elle n&rsquo;aurait pas pardonn\u00e9 son compagnon, si sa soeur \u00e9tait morte. C&rsquo;en est trop, Florent s&rsquo;en va, bless\u00e9&#8230;<\/p>\n","protected":false},"excerpt":{"rendered":"Mardi 17 juin 2025 dans Un si grand soleil &#8211; r\u00e9cemment marqu\u00e9e par le d\u00e9part d&rsquo;une actrice pour&hellip;\n","protected":false},"author":2,"featured_media":182271,"comment_status":"","ping_status":"","sticky":false,"template":"","format":"standard","meta":{"footnotes":""},"categories":[1356],"tags":[244,58,59,1011,27,876,22198,252,1364,9766,26118,26117],"class_list":{"0":"post-182270","1":"post","2":"type-post","3":"status-publish","4":"format-standard","5":"has-post-thumbnail","7":"category-television","8":"tag-commentaire","9":"tag-divertissement","10":"tag-entertainment","11":"tag-fr","12":"tag-france","13":"tag-france-3","14":"tag-france-tv","15":"tag-television","16":"tag-tv","17":"tag-un-si-grand-soleil","18":"tag-un-si-grand-soleil-ru00e9sumu00e9","19":"tag-un-si-grand-soleil-ru00e9sumu00e9-en-avance"},"share_on_mastodon":{"url":"https:\/\/pubeurope.com\/@fr\/114696302528711535","error":""},"_links":{"self":[{"href":"https:\/\/www.europesays.com\/fr\/wp-json\/wp\/v2\/posts\/182270","targetHints":{"allow":["GET"]}}],"collection":[{"href":"https:\/\/www.europesays.com\/fr\/wp-json\/wp\/v2\/posts"}],"about":[{"href":"https:\/\/www.europesays.com\/fr\/wp-json\/wp\/v2\/types\/post"}],"author":[{"embeddable":true,"href":"https:\/\/www.europesays.com\/fr\/wp-json\/wp\/v2\/users\/2"}],"replies":[{"embeddable":true,"href":"https:\/\/www.europesays.com\/fr\/wp-json\/wp\/v2\/comments?post=182270"}],"version-history":[{"count":0,"href":"https:\/\/www.europesays.com\/fr\/wp-json\/wp\/v2\/posts\/182270\/revisions"}],"wp:featuredmedia":[{"embeddable":true,"href":"https:\/\/www.europesays.com\/fr\/wp-json\/wp\/v2\/media\/182271"}],"wp:attachment":[{"href":"https:\/\/www.europesays.com\/fr\/wp-json\/wp\/v2\/media?parent=182270"}],"wp:term":[{"taxonomy":"category","embeddable":true,"href":"https:\/\/www.europesays.com\/fr\/wp-json\/wp\/v2\/categories?post=182270"},{"taxonomy":"post_tag","embeddable":true,"href":"https:\/\/www.europesays.com\/fr\/wp-json\/wp\/v2\/tags?post=182270"}],"curies":[{"name":"wp","href":"https:\/\/api.w.org\/{rel}","templated":true}]}}