{"id":182272,"date":"2025-06-17T02:17:12","date_gmt":"2025-06-17T02:17:12","guid":{"rendered":"https:\/\/www.europesays.com\/fr\/182272\/"},"modified":"2025-06-17T02:17:12","modified_gmt":"2025-06-17T02:17:12","slug":"avec-elle-on-rigole-vraiment-mylene-farmer-son-plus-fidele-acolyte-revele-sa-collaboration-avec-rihanna-drake-ou-encore-taylor-swift","status":"publish","type":"post","link":"https:\/\/www.europesays.com\/fr\/182272\/","title":{"rendered":"\u00ab\u00a0Avec elle, on rigole vraiment\u00a0\u00bb, Myl\u00e8ne Farmer : son plus fid\u00e8le acolyte r\u00e9v\u00e8le sa collaboration avec Rihanna, Drake ou encore Taylor Swift"},"content":{"rendered":"<p>Depuis le d\u00e9but des ann\u00e9es 2020, Woodkid et <a href=\"https:\/\/www.public.fr\/tag\/mylene-farmer\" target=\"_blank\" rel=\"noopener\">Myl\u00e8ne Farmer<\/a> ne se l\u00e2chent plus. Les deux artistes se sont rencontr\u00e9s il y a quelques ann\u00e9es et ne cessent de collaborer depuis. Que ce soit pour les pochettes d\u2019albums ou leurs morceaux.<\/p>\n<p>N\u00e9anmoins, m\u00eame s\u2019il reste tr\u00e8s proche de la chanteuse de 63 ans, cela n\u2019emp\u00eache pas Yoann Lemoine, de son vrai nom, de pr\u00eater main forte \u00e0 d\u2019autres stars internationales. Invit\u00e9 de Camille Combal ce lundi 16 juin 2025, l\u2019acolyte de Myl\u00e8ne Farmer a justement \u00e9voqu\u00e9 ses prestigieuses collaborations.<\/p>\n<p>Woodkid a collabor\u00e9 avec les plus grands<\/p>\n<p>En plus de jouir d\u2019une grande carri\u00e8re solo, l\u2019acolyte de Myl\u00e8ne Farmer est aussi connu pour son travail avec d\u2019autres chanteurs et chanteuses. <a href=\"https:\/\/www.public.fr\/tag\/drake\" target=\"_blank\" rel=\"noopener\">Drake<\/a>, <a href=\"https:\/\/www.public.fr\/tag\/rihanna\" target=\"_blank\" rel=\"noopener\">Rihanna<\/a>, <a href=\"https:\/\/www.public.fr\/tag\/taylor-swift\" target=\"_blank\" rel=\"noopener\">Taylor Swift<\/a>, ou encore Harry Styles, ont eu la chance de collaborer avec lui comme le principal int\u00e9ress\u00e9 vient de le rappeler.<\/p>\n<p>En effet, Camille Combal le recevait dans son \u00e9mission de 16h \u00e0 19h sur NRJ et n\u2019a pas manqu\u00e9 de l\u2019interroger sur ses contributions avec les plus grandes stars de la musique. \u00ab\u00a0<strong>Tu as r\u00e9alis\u00e9 le clip de \u2018Teenage Dream\u2019<\/strong>. Je vous dis, il a dit \u00e0 \u2018Katy Perry: T&rsquo;es mignonne, Katy. Neuf heures, ce n&rsquo;est pas neuf heures et quart\u2019\u00a0\u00bb, a ironis\u00e9 le compagnon de Marie Treille Stefani.<\/p>\n<p>\u00ab\u00a0Tu ne sais pas \u00e0 quel point tu es dans le vrai quand tu dis \u00e7a. C&rsquo;est fou\u00a0\u00bb, a alors confirm\u00e9 Woodkid, ayant visiblement v\u00e9cu une collaboration difficile \u00e0 cause du manque de ponctualit\u00e9 de la part de Katy Perry.<\/p>\n<p>L&rsquo;acolyte de Myl\u00e8ne Farmer, \u00e0 l&rsquo;origine de \u00ab\u00a0l&rsquo;envol\u00a0\u00bb d&rsquo;Harry Styles dans le clip \u00ab\u00a0Sign of the Times\u00a0\u00bb<\/p>\n<p>Par la suite, Camille Combal a interrog\u00e9 l\u2019acolyte de Myl\u00e8ne Farmer sur sa collaboration avec Taylor Swift et plus particuli\u00e8rement pour le clip <strong>Back to December.<\/strong> Visiblement, ce serait le label de l\u2019artiste am\u00e9ricaine qui aurait directement contact\u00e9 les \u00e9quipes de Woodkid : \u00ab\u00a0Souvent, \u00e7a se fait de mani\u00e8re assez protocolaire. C&rsquo;est les labels qui appellent les productions, les productions qui contactent le r\u00e9alisateur\u00a0\u00bb.<\/p>\n<p>En plus de Katy Perry, Taylor Swift, ou encore Lana del Rey, Woodkid se trouve \u00e9galement \u00e0 l\u2019origine du clip du morceau <strong>Sign of the Times<\/strong> de Harry Styles. \u00ab\u00a0Il y a pas de post-prod, c&rsquo;est pour de vrai. <strong>Je l&rsquo;ai vraiment accroch\u00e9 \u00e0 un h\u00e9licopt\u00e8re<\/strong>. Quand il est venu me voir, au d\u00e9but, j&rsquo;\u00e9tais pas s\u00fbr. Et puis j&rsquo;ai entendu le morceau, j&rsquo;ai dit: \u2018Allez, c&rsquo;est bon, c&rsquo;est parti. Mais par contre, si on le fait, on fait un truc de malade, on fait un truc de fou\u2019\u00a0\u00bb.<\/p>\n<p>Apr\u00e8s cette r\u00e9v\u00e9lation, l\u2019acolyte de Myl\u00e8ne Farmer a r\u00e9v\u00e9l\u00e9 avoir travaill\u00e9 avec Drake et <a href=\"https:\/\/vsd.fr\/61354-des-gens-extraordinaires-rihanna-totalement-fan-du-couple-macron\/\" target=\"_blank\" rel=\"noopener\">Rihanna<\/a> et <strong>m\u00eame \u00ab\u00a0plusieurs fois\u00a0\u00bb avec cette derni\u00e8re<\/strong>. Une r\u00e9v\u00e9lation qui n\u2019a d&rsquo;ailleurs pas manqu\u00e9 d\u2019\u00e9pater Camille Combal, admiratif. \u00a0<\/p>\n<p>      Mentionn\u00e9s dans cet article<\/p>\n<p>\u00c0 lire aussi<\/p>\n","protected":false},"excerpt":{"rendered":"Depuis le d\u00e9but des ann\u00e9es 2020, Woodkid et Myl\u00e8ne Farmer ne se l\u00e2chent plus. Les deux artistes se&hellip;\n","protected":false},"author":2,"featured_media":182273,"comment_status":"","ping_status":"","sticky":false,"template":"","format":"standard","meta":{"footnotes":""},"categories":[1355],"tags":[193,58,28054,59,1011,27,1361,873,13995,5418,2713,32012],"class_list":{"0":"post-182272","1":"post","2":"type-post","3":"status-publish","4":"format-standard","5":"has-post-thumbnail","7":"category-musique","8":"tag-camille-combal","9":"tag-divertissement","10":"tag-drake","11":"tag-entertainment","12":"tag-fr","13":"tag-france","14":"tag-music","15":"tag-musique","16":"tag-mylene-farmer","17":"tag-rihanna","18":"tag-taylor-swift","19":"tag-woodkid"},"share_on_mastodon":{"url":"https:\/\/pubeurope.com\/@fr\/114696306444648188","error":""},"_links":{"self":[{"href":"https:\/\/www.europesays.com\/fr\/wp-json\/wp\/v2\/posts\/182272","targetHints":{"allow":["GET"]}}],"collection":[{"href":"https:\/\/www.europesays.com\/fr\/wp-json\/wp\/v2\/posts"}],"about":[{"href":"https:\/\/www.europesays.com\/fr\/wp-json\/wp\/v2\/types\/post"}],"author":[{"embeddable":true,"href":"https:\/\/www.europesays.com\/fr\/wp-json\/wp\/v2\/users\/2"}],"replies":[{"embeddable":true,"href":"https:\/\/www.europesays.com\/fr\/wp-json\/wp\/v2\/comments?post=182272"}],"version-history":[{"count":0,"href":"https:\/\/www.europesays.com\/fr\/wp-json\/wp\/v2\/posts\/182272\/revisions"}],"wp:featuredmedia":[{"embeddable":true,"href":"https:\/\/www.europesays.com\/fr\/wp-json\/wp\/v2\/media\/182273"}],"wp:attachment":[{"href":"https:\/\/www.europesays.com\/fr\/wp-json\/wp\/v2\/media?parent=182272"}],"wp:term":[{"taxonomy":"category","embeddable":true,"href":"https:\/\/www.europesays.com\/fr\/wp-json\/wp\/v2\/categories?post=182272"},{"taxonomy":"post_tag","embeddable":true,"href":"https:\/\/www.europesays.com\/fr\/wp-json\/wp\/v2\/tags?post=182272"}],"curies":[{"name":"wp","href":"https:\/\/api.w.org\/{rel}","templated":true}]}}