{"id":182274,"date":"2025-06-17T02:18:15","date_gmt":"2025-06-17T02:18:15","guid":{"rendered":"https:\/\/www.europesays.com\/fr\/182274\/"},"modified":"2025-06-17T02:18:15","modified_gmt":"2025-06-17T02:18:15","slug":"quand-danny-boyle-revolutionnait-le-film-de-zombies-avec-28-jours-plus-tard","status":"publish","type":"post","link":"https:\/\/www.europesays.com\/fr\/182274\/","title":{"rendered":"Quand Danny Boyle r\u00e9volutionnait le film de zombies avec \u00ab\u00a028 jours plus tard\u00a0\u00bb"},"content":{"rendered":"<p>Reflet d&rsquo;une \u00e9poque<\/p>\n<p class=\"ap-StoryElement ap-StoryElement--mb ap-StoryText\">Le film de zombies et l&rsquo;horreur en g\u00e9n\u00e9ral ont toujours \u00e9t\u00e9 le reflet de leur \u00e9poque. Si The Walking Dead et The Last of Us dressent le portrait d&rsquo;une Am\u00e9rique en crise, profond\u00e9ment divis\u00e9e, 28 jours plus tard se faisait plut\u00f4t l&rsquo;\u00e9cho, il y a 20 ans, des inqui\u00e9tudes sanitaires. Les zombies naissent en effet ici d&rsquo;un virus de la rage \u00e9chapp\u00e9 d&rsquo;un laboratoire \u2013 une pr\u00e9misse pour le moins pr\u00e9monitoire au lendemain de l&rsquo;\u00e9pid\u00e9mie de Covid-19.<\/p>\n<p class=\"ap-StoryElement ap-StoryElement--mb ap-StoryText\">\u00ab\u00a0Ce que j&rsquo;aime dans les films de zombies, c&rsquo;est qu&rsquo;ils naissent de la parano\u00efa nucl\u00e9aire. Dans notre film, la parano\u00efa est diff\u00e9rente, elle part d&rsquo;un virus. Au moment o\u00f9 nous pr\u00e9parions le film, la parano\u00efa alimentaire \u00e9tait tr\u00e8s pr\u00e9sente en Grande-Bretagne, avec la maladie de la vache folle\u2026 Nous pensions que l&rsquo;Angleterre pouvait \u00eatre compl\u00e8tement isol\u00e9e, car l&rsquo;Europe ne voulait plus de notre nourriture. Et, au moment o\u00f9 nous faisions le film, le 11 septembre a redoubl\u00e9 la parano\u00efa, avec d&rsquo;autres menaces, terroristes cette fois, comme l&rsquo;anthrax\u2026 Dans la t\u00eate des gens, le film en est venu \u00e0 traiter ce sujet\u00a0\u00bb, <a href=\"https:\/\/www.lalibre.be\/culture\/cinema\/2003\/04\/15\/danny-boyle-ou-les-envies-multiples-WPLXRSJPLRH5LFDPLIITHTO2ZU\/\" target=\"_blank\" rel=\"noopener\">nous expliquait Danny Boyle en avril 2003<\/a>, alors que 28 jours plus tard faisait l&rsquo;ouverture du 21e Festival du film fantastique de Bruxelles.<\/p>\n<p><a href=\"https:\/\/www.lalibre.be\/culture\/cinema\/2003\/04\/15\/danny-boyle-ou-les-envies-multiples-WPLXRSJPLRH5LFDPLIITHTO2ZU\/\" target=\"_blank\" rel=\"noopener noreferrer\" class=\"ap-StoryInterstitialLink ap-StoryElement ap-StoryElement--mb\">Danny Boyle, \u00e0 propos de \u00ab\u00a028 jours plus tard\u00a0\u00bb<\/a><\/p>\n<p class=\"ap-StoryElement ap-StoryElement--mb ap-StoryText\">En 2002, le film de zombies est toujours la chasse gard\u00e9e d&rsquo;<a href=\"https:\/\/www.lalibre.be\/culture\/cinema\/2017\/07\/17\/romero-un-jalon-dun-genre-populaire-S6GWV7P7WNFIXH5WWRIQ7WV6NM\/\" target=\"_blank\" rel=\"noopener\">un certain George A. Romero<\/a>. En 1968, l&rsquo;Am\u00e9ricain avait, pour longtemps, pos\u00e9 les bases du genre avec <b>La Nuit des morts-vivants<\/b>, film d&rsquo;horreur ind\u00e9pendant en noir et blanc, v\u00e9ritable m\u00e9taphore du racisme aux \u00c9tats-Unis. Port\u00e9 par l&rsquo;acteur afro-am\u00e9ricain Duane Jones, le film est le premier de la Saga des zombies, \u00e0 laquelle Romero mettra la derni\u00e8re main en 2010 avec le sixi\u00e8me et dernier opus : <b>Le Vestige des morts-vivants<\/b>.<\/p>\n<p><img loading=\"lazy\" decoding=\"async\" class=\"w-full lazyload lazyload--opacity object-contain\" style=\"aspect-ratio:156 \/ 100;opacity:1\" alt=\"Classique du film de zombies par excellence, &quot;La Nuit des morts-vivants&quot; (1968) de George Romero est au menu de la collection &quot;Halloween: Horror Marathon&quot; de Sooner.\" width=\"768\" height=\"492\" fetchpriority=\"auto\" src=\"https:\/\/www.europesays.com\/fr\/wp-content\/uploads\/2025\/04\/S5VKD3X55FFF3BW6V4SEHXNP7I.png\"  data- data-optimumx=\"1\"\/>En 1968, George A. Romero posait les bases du genre avec le classique \u00ab\u00a0La Nuit des morts-vivants\u00a0\u00bb. Avec des zombies se d\u00e9placement \u00e0 du 2 km\/h&#8230; \u00a9D.R.Des zombies qui sprintent<\/p>\n<p class=\"ap-StoryElement ap-StoryElement--mb ap-StoryText\">Sc\u00e9nariste de 28 jours plus tard (mais aussi de sa suite <b>28 ans plus tard<\/b>, qui sort ce mercredi en salles), <a href=\"https:\/\/www.lalibre.be\/culture\/cinema\/2025\/04\/08\/alex-garland-nous-semblons-tous-souffrir-dune-sorte-de-demence-semblable-a-la-maladie-dalzheimer-2PSDHZZHBBBMJMLW2Y6JIVTJDI\/\" target=\"_blank\" rel=\"noopener\">Alex Garland<\/a> est un passionn\u00e9 du jeu vid\u00e9o Silent Hill (dont le premier opus est sorti en 1999), mais aussi \u00ab\u00a0un grand fan de Romero\u00a0\u00bb, d&rsquo;apr\u00e8s Boyle. Garland rend d&rsquo;ailleurs un hommage direct \u00e0 Romero, \u00e0 travers la formidable sc\u00e8ne de pillage d&rsquo;une grande surface d\u00e9sert\u00e9e, reprise de <b>Zombie<\/b> (1978). Mais le romancier anglais impose sa patte. Si les zombies de 28 jours plus tard sont si terrifiants, c&rsquo;est qu&rsquo;ils ne se contentent pas d&rsquo;errer dans les rues. Ils sont capables de piquer un sprint pour attaquer leurs victimes. Cela change tout. Et c&rsquo;est d\u00e9sormais la norme.<\/p>\n<p><a href=\"https:\/\/www.lalibre.be\/culture\/cinema\/2003\/04\/15\/lepopee-dun-survivant-73OI3JWTPZD73LEP2EXFIJAC44\/\" target=\"_blank\" rel=\"noopener noreferrer\" class=\"ap-StoryInterstitialLink ap-StoryElement ap-StoryElement--mb\">Notre critique de \u00ab\u00a028 jours plus tard\u00a0\u00bb<\/a><\/p>\n<p class=\"ap-StoryElement ap-StoryElement--mb ap-StoryText\">Des petits malins se sont ainsi amus\u00e9s \u00e0 calculer la vitesse des zombies, pass\u00e9e de 2 km\/h chez Romero \u00e0 26 km\/h chez Danny Boyle, puis 34 km\/h dans <a href=\"https:\/\/www.lalibre.be\/culture\/cinema\/2007\/12\/19\/le-dernier-homme-a-new-york-JE4ZQV3ZDFBQRI362WZBDABETQ\/\" target=\"_blank\" rel=\"noopener\"><b>Je suis une l\u00e9gende<\/b><\/a> avec<a href=\"https:\/\/www.lalibre.be\/culture\/cinema\/2007\/12\/19\/will-smith-une-legende-a-paris-K6VQJKMO3BD6XJ6IZHATLTBQ54\/\" target=\"_blank\" rel=\"noopener\"> Will Smith<\/a> en 2007 (adaptation du roman de Richard Matheson, qui \u00e9tait l&rsquo;inspiration premi\u00e8re de Romero pour La Nuit des morts-vivants) et m\u00eame 36 km\/h dans <a href=\"https:\/\/www.lalibre.be\/culture\/cinema\/2013\/07\/03\/world-war-z-le-jour-du-bouchon-A3V5L22FOJBBTDRP2NORHGSF5Q\/\" target=\"_blank\" rel=\"noopener\"><b>World War Z<\/b><\/a> avec Brad Pitt en 2013. Mais ce sont les morts-vivants cor\u00e9ens du <a href=\"https:\/\/www.lalibre.be\/culture\/cinema\/2016\/11\/02\/dernier-train-pour-busan-un-film-de-zombie-sud-coreen-qui-parvient-a-surprendre-DPCWVVT2O5ATXM7HTBOPO5ODUE\/\" target=\"_blank\" rel=\"noopener\"><b>Dernier train pour Busan<\/b><\/a> (2006) de Yeon Sang-Ho qui d\u00e9crochent la m\u00e9daille d&rsquo;or, avec des pointes \u00e0 46 km\/h !<\/p>\n<p><img loading=\"lazy\" decoding=\"async\" class=\"w-full lazyload lazyload--opacity object-contain\" style=\"aspect-ratio:200 \/ 100;opacity:1\" alt=\"&quot;World War Z&quot; de Marc Forster en 2013, avec Brad Pitt.\" width=\"768\" height=\"384\" fetchpriority=\"auto\" src=\"https:\/\/www.europesays.com\/fr\/wp-content\/uploads\/2025\/04\/S5VKD3X55FFF3BW6V4SEHXNP7I.png\"  data- data-optimumx=\"1\"\/>\u00ab\u00a0World War Z\u00a0\u00bb de Marc Forster en 2013, avec Brad Pitt. Les zombies sprintent d\u00e9sormais \u00e0 36 km\/h. \u00a9Paramount PicturesParfum documentaire<\/p>\n<p class=\"ap-StoryElement ap-StoryElement--mb ap-StoryText\">Si l&rsquo;impact de 28 jours plus tard reste intact 23 ans apr\u00e8s sa sortie, c&rsquo;est surtout \u00e0 cause de sa noirceur. Alex Garland (r\u00e9alisateur r\u00e9cemment des tr\u00e8s sombres <a href=\"https:\/\/www.lalibre.be\/culture\/cinema\/2024\/04\/16\/civil-war-kirsten-dunst-au-coeur-de-la-guerre-civile-americaine-dalex-garland-un-choc-CRQDUETDYBAKXBUTXOUK4EAKUM\/\" target=\"_blank\" rel=\"noopener\">Civil War<\/a> et <a href=\"https:\/\/www.lalibre.be\/culture\/cinema\/2025\/04\/08\/warfare-alex-garland-signe-un-film-de-guerre-intense-en-immersion-dans-lirak-de-2006-RWGAFTL5JBAHXMQHPYXTXECN4I\/\" target=\"_blank\" rel=\"noopener\">Warfare<\/a>) et Danny Boyle prennent en effet l&rsquo;horreur tr\u00e8s au s\u00e9rieux. Aucun second degr\u00e9 ici, mais bien une lutte \u00e2pre pour la survie, par tous les moyens. Dans cette errance de Londres vers la campagne anglaise, les survivants sont en effet capables de tout, y compris du pire, se montrant aussi bestiaux que les zombies qu&rsquo;ils combattent. Dans ce monde postapocalyptique, l&rsquo;humanit\u00e9 se trouve r\u00e9duite \u00e0 l&rsquo;\u00e9tat quasi sauvage et en vient \u00e0 vaciller. Le genre n&rsquo;\u00e9tant qu&rsquo;un pr\u00e9texte pour Danny Boyle pour r\u00e9v\u00e9ler sa face la plus sombre.<\/p>\n<p><a href=\"https:\/\/www.lalibre.be\/culture\/cinema\/series\/2025\/04\/10\/the-last-of-us-une-saison-2-sous-le-signe-des-conflits-qui-se-prolongeront-en-saison-3-6DT3CXVX3JC2VNGLXGXMUAAEN4\/\" target=\"_blank\" rel=\"noopener noreferrer\" class=\"ap-StoryInterstitialLink ap-StoryElement ap-StoryElement--mb\">\u00ab\u00a0The Last of Us\u00a0\u00bb : notre critique de la saison 2<\/a><\/p>\n<p class=\"ap-StoryElement ap-StoryElement--mb ap-StoryText\">Un sentiment renforc\u00e9 par les choix de mise en sc\u00e8ne du cin\u00e9aste britannique, qui capte son r\u00e9cit sur le vif, gr\u00e2ce \u00e0 l&rsquo;utilisation de trois cam\u00e9ras vid\u00e9o l\u00e9g\u00e8res, qui apportent un parfum documentaire et tr\u00e8s r\u00e9aliste au film. Tout en lui permettant de tourner tr\u00e8s rapidement \u2013 tout a \u00e9t\u00e9 boucl\u00e9 en neuf semaines \u2013, notamment les s\u00e9quences \u00e0 Piccadilly Circus, Oxford Street ou sur le pont de Westminster totalement vides\u2026, pour lesquelles Boyle avait obtenu de la Ville de Londres l&rsquo;autorisation de bloquer la circulation, tr\u00e8s t\u00f4t le dimanche matin\u2026 Vingt-trois ans plus tard, alors que la peur de l&rsquo;effondrement g\u00e9n\u00e9ral est plus pr\u00e9sente que jamais, leur impact est toujours aussi fort.<\/p>\n<p><img loading=\"lazy\" decoding=\"async\" class=\"w-full lazyload lazyload--opacity object-contain\" style=\"aspect-ratio:150 \/ 100;opacity:1\" alt=\"\u00ab\u00a028 ans plus tard\u00a0\u00bb de Danny Boyle, avec Aaron Taylor-Johnson, Ralph Fiennes et Jodie Comer.\" width=\"768\" height=\"512\" fetchpriority=\"auto\" src=\"https:\/\/www.europesays.com\/fr\/wp-content\/uploads\/2025\/04\/S5VKD3X55FFF3BW6V4SEHXNP7I.png\"  data- data-optimumx=\"1\"\/>Dans \u00ab\u00a028 ans plus tard\u00a0\u00bb de Danny Boyle, Ralph Fiennes incarne le Dr Ian Kelson. \u00a9Columbia Pictures<\/p>\n","protected":false},"excerpt":{"rendered":"Reflet d&rsquo;une \u00e9poque Le film de zombies et l&rsquo;horreur en g\u00e9n\u00e9ral ont toujours \u00e9t\u00e9 le reflet de leur&hellip;\n","protected":false},"author":2,"featured_media":182275,"comment_status":"","ping_status":"","sticky":false,"template":"","format":"standard","meta":{"footnotes":""},"categories":[1354],"tags":[6051,58,32013,59,1346,1011,27,1360],"class_list":{"0":"post-182274","1":"post","2":"type-post","3":"status-publish","4":"format-standard","5":"has-post-thumbnail","7":"category-films","8":"tag-bruxelles-villes","9":"tag-divertissement","10":"tag-elections-britanniques","11":"tag-entertainment","12":"tag-films","13":"tag-fr","14":"tag-france","15":"tag-movies"},"share_on_mastodon":{"url":"https:\/\/pubeurope.com\/@fr\/114696310334067818","error":""},"_links":{"self":[{"href":"https:\/\/www.europesays.com\/fr\/wp-json\/wp\/v2\/posts\/182274","targetHints":{"allow":["GET"]}}],"collection":[{"href":"https:\/\/www.europesays.com\/fr\/wp-json\/wp\/v2\/posts"}],"about":[{"href":"https:\/\/www.europesays.com\/fr\/wp-json\/wp\/v2\/types\/post"}],"author":[{"embeddable":true,"href":"https:\/\/www.europesays.com\/fr\/wp-json\/wp\/v2\/users\/2"}],"replies":[{"embeddable":true,"href":"https:\/\/www.europesays.com\/fr\/wp-json\/wp\/v2\/comments?post=182274"}],"version-history":[{"count":0,"href":"https:\/\/www.europesays.com\/fr\/wp-json\/wp\/v2\/posts\/182274\/revisions"}],"wp:featuredmedia":[{"embeddable":true,"href":"https:\/\/www.europesays.com\/fr\/wp-json\/wp\/v2\/media\/182275"}],"wp:attachment":[{"href":"https:\/\/www.europesays.com\/fr\/wp-json\/wp\/v2\/media?parent=182274"}],"wp:term":[{"taxonomy":"category","embeddable":true,"href":"https:\/\/www.europesays.com\/fr\/wp-json\/wp\/v2\/categories?post=182274"},{"taxonomy":"post_tag","embeddable":true,"href":"https:\/\/www.europesays.com\/fr\/wp-json\/wp\/v2\/tags?post=182274"}],"curies":[{"name":"wp","href":"https:\/\/api.w.org\/{rel}","templated":true}]}}