{"id":182278,"date":"2025-06-17T02:20:09","date_gmt":"2025-06-17T02:20:09","guid":{"rendered":"https:\/\/www.europesays.com\/fr\/182278\/"},"modified":"2025-06-17T02:20:09","modified_gmt":"2025-06-17T02:20:09","slug":"antoine-griezmann-la-grande-annonce-en-plein-mondial-des-clubs","status":"publish","type":"post","link":"https:\/\/www.europesays.com\/fr\/182278\/","title":{"rendered":"Antoine Griezmann, la grande annonce en plein Mondial des clubs !"},"content":{"rendered":"<p><strong>Au lendemain de la lourde d\u00e9faite<br \/>\nde l\u2019Atl\u00e9tico Madrid face au PSG (0-4), Antoine Griezmann a annonc\u00e9<br \/>\nune grande nouvelle sur Instagram.<\/strong><\/p>\n<p>La correction inflig\u00e9e par le PSG \u00e0 l\u2019Atl\u00e9tico Madrid (4-0),<br \/>\ndimanche lors de la premi\u00e8re journ\u00e9e de <a href=\"https:\/\/www.football.fr\/mondial-des-clubs\" rel=\"nofollow noopener\" target=\"_blank\">la Coupe du monde des<br \/>\nclubs<\/a>, a vite \u00e9t\u00e9 oubli\u00e9e pour Antoine Griezmann. L\u2019attaquant<br \/>\nfran\u00e7ais (34 ans), qui \u00e9tait titulaire face aux Parisiens, a<br \/>\neffectivement appris le m\u00eame jour la naissance de son quatri\u00e8me<br \/>\nenfant.<\/p>\n<blockquote class=\"twitter-tweet\"><p><a class=\"twitter-link\" rel=\"noindex, nofollow noopener\" href=\"https:\/\/twitter.com\/football_fr\/status\/1934494269684715854?s=46&amp;t=Ng37CUMdUaS4hSZh2CDipA\" target=\"_blank\"><br \/>\n<\/a><\/p><\/blockquote>\n<p>D\u00e9j\u00e0 papa de Mia (2016), Amaro (2019) et Alba (2021), tous les<br \/>\ntrois n\u00e9s un 8 avril, \u00ab\u00a0Grizi\u00a0\u00bb a annonc\u00e9 sur Instagram<br \/>\nl\u2019arriv\u00e9e dans la famille d\u2019un nouveau b\u00e9b\u00e9. \u00ab\u00a0Hier, 15<br \/>\njuin, est n\u00e9 Shai Griezmann Choperena, la pi\u00e8ce manquante de notre<br \/>\npuzzle\u00a0\u00bb, a-t-il post\u00e9, accompagnant son commentaire<br \/>\nd\u2019une attendrissante photo.<\/p>\n<p>Antoine Griezmann en couple avec Erika Choperena<\/p>\n<p>L\u2019ancien international tricolore est en couple depuis 2011 avec<br \/>\nErika Choperena, qu\u2019il a \u00e9pous\u00e9e six ans plus tard. En octobre<br \/>\ndernier, la cr\u00e9atrice de contenus espagnole, \u00e2g\u00e9e de 35 ans, avait<br \/>\npubli\u00e9 un message \u00e9nigmatique (\u00ab\u00a0Ce ne sera pas pour<br \/>\ndemain, mais \u00e7a arrivera tr\u00e8s vite\u00a0\u00bb). Qui, quelques mois<br \/>\nplus tard, prend tout son sens.<\/p>\n<blockquote class=\"instagram-media\" style=\"background: #ffffff;border: 0;margin: 1px;width: 100%;padding: 0;\" data-instgrm-captioned=\"\" data-instgrm-permalink=\"https:\/\/www.instagram.com\/p\/DK-DIFwJ-bL\/?igsh=MWQxcmM5ZHVleHc0Zw==\" data-instgrm-version=\"14\"\/>\n<p>\u00a0<\/p>\n<p><script async src=\"https:\/\/platform.twitter.com\/widgets.js\" charset=\"utf-8\"><\/script><script async src=\"\/\/www.instagram.com\/embed.js\"><\/script><\/p>\n","protected":false},"excerpt":{"rendered":"Au lendemain de la lourde d\u00e9faite de l\u2019Atl\u00e9tico Madrid face au PSG (0-4), Antoine Griezmann a annonc\u00e9 une&hellip;\n","protected":false},"author":2,"featured_media":182279,"comment_status":"","ping_status":"","sticky":false,"template":"","format":"standard","meta":{"footnotes":""},"categories":[9],"tags":[2113,1011,27,60],"class_list":{"0":"post-182278","1":"post","2":"type-post","3":"status-publish","4":"format-standard","5":"has-post-thumbnail","7":"category-sports","8":"tag-breve","9":"tag-fr","10":"tag-france","11":"tag-sports"},"share_on_mastodon":{"url":"https:\/\/pubeurope.com\/@fr\/114696318520111488","error":""},"_links":{"self":[{"href":"https:\/\/www.europesays.com\/fr\/wp-json\/wp\/v2\/posts\/182278","targetHints":{"allow":["GET"]}}],"collection":[{"href":"https:\/\/www.europesays.com\/fr\/wp-json\/wp\/v2\/posts"}],"about":[{"href":"https:\/\/www.europesays.com\/fr\/wp-json\/wp\/v2\/types\/post"}],"author":[{"embeddable":true,"href":"https:\/\/www.europesays.com\/fr\/wp-json\/wp\/v2\/users\/2"}],"replies":[{"embeddable":true,"href":"https:\/\/www.europesays.com\/fr\/wp-json\/wp\/v2\/comments?post=182278"}],"version-history":[{"count":0,"href":"https:\/\/www.europesays.com\/fr\/wp-json\/wp\/v2\/posts\/182278\/revisions"}],"wp:featuredmedia":[{"embeddable":true,"href":"https:\/\/www.europesays.com\/fr\/wp-json\/wp\/v2\/media\/182279"}],"wp:attachment":[{"href":"https:\/\/www.europesays.com\/fr\/wp-json\/wp\/v2\/media?parent=182278"}],"wp:term":[{"taxonomy":"category","embeddable":true,"href":"https:\/\/www.europesays.com\/fr\/wp-json\/wp\/v2\/categories?post=182278"},{"taxonomy":"post_tag","embeddable":true,"href":"https:\/\/www.europesays.com\/fr\/wp-json\/wp\/v2\/tags?post=182278"}],"curies":[{"name":"wp","href":"https:\/\/api.w.org\/{rel}","templated":true}]}}