{"id":182288,"date":"2025-06-17T02:26:12","date_gmt":"2025-06-17T02:26:12","guid":{"rendered":"https:\/\/www.europesays.com\/fr\/182288\/"},"modified":"2025-06-17T02:26:12","modified_gmt":"2025-06-17T02:26:12","slug":"mercato-chelsea-se-lance-sur-la-piste-malick-fofana","status":"publish","type":"post","link":"https:\/\/www.europesays.com\/fr\/182288\/","title":{"rendered":"Mercato : Chelsea se lance sur la piste Malick Fofana"},"content":{"rendered":"<p>                            <img width=\"770\" height=\"433\" src=\"https:\/\/www.europesays.com\/fr\/wp-content\/uploads\/2025\/06\/DSC00256-770x433.jpg\" class=\"attachment-article size-article wp-post-image\" alt=\"Malick Fofana, ailier de l'OL\" decoding=\"async\" fetchpriority=\"high\"  \/><\/p>\n<p>Malick Fofana, ailier de l\u2019OL (cr\u00e9dit : Anthony Ravas \/ O&amp;L)<\/p>\n<p>Parmi les clubs int\u00e9ress\u00e9s par le profil de Malick Fofana, nous retrouvons Chelsea. Les Blues auraient entam\u00e9 des discussions sur la faisabilit\u00e9 de ce transfert.<\/p>\n<p>Avec <a href=\"https:\/\/www.olympique-et-lyonnais.com\/mercato-cherki-rejoint-manchester-city-pour-plus-de-40-me,364928.html\" target=\"_blank\" rel=\"noopener\">Rayan <strong>Cherki<\/strong><\/a>, il est l&rsquo;autre tr\u00e8s grosses valeurs marchandes de l&rsquo;effectif rhodanien. Malick <strong>Fofana<\/strong>, 20 ans, a lui aussi la cote sur le march\u00e9 des transferts. Sous contrat jusqu&rsquo;en 2028 avec l&rsquo;OL, l&rsquo;ailier est convoit\u00e9 pour sa vitesse, sa capacit\u00e9 d&rsquo;\u00e9limination, ainsi que pour sa facult\u00e9 <a href=\"https:\/\/www.olympique-et-lyonnais.com\/ol-cherki-et-fofana-parmi-les-u21-les-plus-decisifs-de-la-saison,364737.html\" target=\"_blank\" rel=\"noopener\">\u00e0 se montrer d\u00e9cisif<\/a>. <\/p>\n<p>La saison pass\u00e9e, il a marqu\u00e9 \u00e0 onze reprises pour l&rsquo;Olympique lyonnais, en plus de se signaler gr\u00e2ce \u00e0 ses six offrandes. Le tout en 41 apparitions. Des prestations qui attirent forc\u00e9ment plusieurs \u00e9curies, notamment en Angleterre. Selon les informations de L&rsquo;\u00c9quipe, beaucoup de formations britanniques auraient montr\u00e9 leur int\u00e9r\u00eat aupr\u00e8s de l&rsquo;entourage de l&rsquo;international belge. <\/p>\n<p>Pas d&rsquo;offre encore discut\u00e9e<\/p>\n<p>Parmi celle-ci, <a href=\"https:\/\/www.olympique-et-lyonnais.com\/ol-mercato-turner-et-danilo-deux-joueurs-a-relancer,365948.html\" target=\"_blank\" rel=\"noopener\">Nottingham Forest<\/a>, et son pr\u00e9sident, <a href=\"https:\/\/www.olympique-et-lyonnais.com\/entre-textor-ol-et-marinakis-nottingham-forest-un-mariage-financier-plus-que-de-raison,365576.html\" target=\"_blank\" rel=\"noopener\">Evangelos <strong>Marinakis<\/strong><\/a>, mais surtout Chelsea. Les Londoniens auraient appel\u00e9 la direction de l&rsquo;OL pour entamer de premi\u00e8res discussions autour de la faisabilit\u00e9 de l&rsquo;op\u00e9ration. Pour l&rsquo;heure, aucune offre n&rsquo;a \u00e9t\u00e9 \u00e9voqu\u00e9e. <\/p>\n","protected":false},"excerpt":{"rendered":"Malick Fofana, ailier de l\u2019OL (cr\u00e9dit : Anthony Ravas \/ O&amp;L) Parmi les clubs int\u00e9ress\u00e9s par le profil&hellip;\n","protected":false},"author":2,"featured_media":182289,"comment_status":"","ping_status":"","sticky":false,"template":"","format":"standard","meta":{"footnotes":""},"categories":[2],"tags":[11,11871,32016,1011,27,1434,12,241],"class_list":{"0":"post-182288","1":"post","2":"type-post","3":"status-publish","4":"format-standard","5":"has-post-thumbnail","7":"category-actualites","8":"tag-actualites","9":"tag-chelsea","10":"tag-fofana","11":"tag-fr","12":"tag-france","13":"tag-mercato","14":"tag-news","15":"tag-ol"},"share_on_mastodon":{"url":"https:\/\/pubeurope.com\/@fr\/114696341697527015","error":""},"_links":{"self":[{"href":"https:\/\/www.europesays.com\/fr\/wp-json\/wp\/v2\/posts\/182288","targetHints":{"allow":["GET"]}}],"collection":[{"href":"https:\/\/www.europesays.com\/fr\/wp-json\/wp\/v2\/posts"}],"about":[{"href":"https:\/\/www.europesays.com\/fr\/wp-json\/wp\/v2\/types\/post"}],"author":[{"embeddable":true,"href":"https:\/\/www.europesays.com\/fr\/wp-json\/wp\/v2\/users\/2"}],"replies":[{"embeddable":true,"href":"https:\/\/www.europesays.com\/fr\/wp-json\/wp\/v2\/comments?post=182288"}],"version-history":[{"count":0,"href":"https:\/\/www.europesays.com\/fr\/wp-json\/wp\/v2\/posts\/182288\/revisions"}],"wp:featuredmedia":[{"embeddable":true,"href":"https:\/\/www.europesays.com\/fr\/wp-json\/wp\/v2\/media\/182289"}],"wp:attachment":[{"href":"https:\/\/www.europesays.com\/fr\/wp-json\/wp\/v2\/media?parent=182288"}],"wp:term":[{"taxonomy":"category","embeddable":true,"href":"https:\/\/www.europesays.com\/fr\/wp-json\/wp\/v2\/categories?post=182288"},{"taxonomy":"post_tag","embeddable":true,"href":"https:\/\/www.europesays.com\/fr\/wp-json\/wp\/v2\/tags?post=182288"}],"curies":[{"name":"wp","href":"https:\/\/api.w.org\/{rel}","templated":true}]}}