{"id":182290,"date":"2025-06-17T02:27:16","date_gmt":"2025-06-17T02:27:16","guid":{"rendered":"https:\/\/www.europesays.com\/fr\/182290\/"},"modified":"2025-06-17T02:27:16","modified_gmt":"2025-06-17T02:27:16","slug":"dj-kiks-du-bul-soffre-une-heure-sur-fun-radio-representer-saint-etienne-nationalement","status":"publish","type":"post","link":"https:\/\/www.europesays.com\/fr\/182290\/","title":{"rendered":"DJ KIKS DU BUL S&rsquo;OFFRE UNE HEURE SUR FUN RADIO : \u00ab REPR\u00c9SENTER SAINT-\u00c9TIENNE NATIONALEMENT \u00bb"},"content":{"rendered":"<p>Kilyann Gouffran, connu sous le nom de sc\u00e8ne DJ KIKS, porte en lui un h\u00e9ritage musical riche. Issu d\u2019une famille antillaise o\u00f9 les sonorit\u00e9s carib\u00e9ennes et funk ont berc\u00e9 son enfance, ce natif de la r\u00e9gion parisienne a d\u00e9couvert sa vocation \u00e0 11 ans gr\u00e2ce \u00e0 un cousin musicien. \u00ab C\u2019est lui qui m\u2019a ouvert les portes de la musique \u00e9lectronique. Six ans plus tard, je me lan\u00e7ais dans mes premiers mix \u00bb, se souvient le jeune homme de 24 ans dans les lignes du Progr\u00e8s.<\/p>\n<p>Apr\u00e8s avoir grandi en Picardie, sa soif d\u2019apprentissage l\u2019a men\u00e9 vers des formations sp\u00e9cialis\u00e9es : d\u2019abord \u00e0 l\u2019\u00e9cole DJ Network \u00e0 Paris, puis \u00e0 Lyon avec l\u2019UCPA. Cette derni\u00e8re exp\u00e9rience s\u2019est r\u00e9v\u00e9l\u00e9e d\u00e9cisive : s\u00e9duit par la r\u00e9gion Rh\u00f4ne-Alpes, il d\u00e9cide de s\u2019installer d\u00e9finitivement \u00e0 Saint-\u00c9tienne.<\/p>\n<blockquote class=\"instagram-media\" data-instgrm-captioned=\"\" data-instgrm-permalink=\"https:\/\/www.instagram.com\/reel\/DG8jEmusz1e\/?utm_source=ig_embed&amp;utm_campaign=loading\" data-instgrm-version=\"14\" style=\" background:#FFF; border:0; border-radius:3px; box-shadow:0 0 1px 0 rgba(0,0,0,0.5),0 1px 10px 0 rgba(0,0,0,0.15); margin: 1px; max-width:540px; min-width:326px; padding:0; width:99.375%; width:-webkit-calc(100% - 2px); width:calc(100% - 2px);\">\n<\/blockquote>\n<p>Une int\u00e9gration r\u00e9ussie au Bul<\/p>\n<p>L\u2019arriv\u00e9e de DJ KIKS au Bul, temple de la nuit st\u00e9phanoise depuis 1968, rel\u00e8ve presque du hasard. Un soir d\u2019Halloween, fort de sa formation solide, il tente sa chance derri\u00e8re les platines du c\u00e9l\u00e8bre \u00e9tablissement. Le test est concluant : depuis deux ans, il rythme les soir\u00e9es du mardi au samedi, de minuit \u00e0 5 heures du matin.<\/p>\n<p>\u00ab Je m\u2019y sens chez moi, comme \u00e0 Saint-\u00c9tienne \u00bb, confie-t-il, t\u00e9moignant de son attachement \u00e0 sa ville d\u2019adoption et au lieu qui lui a permis de s\u2019\u00e9panouir artistiquement.<\/p>\n<p>Un tremplin vers la reconnaissance nationale<\/p>\n<p>Le 3 juillet prochain marquera une \u00e9tape importante dans sa carri\u00e8re : DJ KIKS animera l\u2019\u00e9mission l\u2019After sur <strong>Fun Radio<\/strong> de 23 heures \u00e0 minuit. Une opportunit\u00e9 qu\u2019il per\u00e7oit comme \u00ab une grande fiert\u00e9 \u00bb, y voyant la chance de \u00ab repr\u00e9senter \u00e0 la fois <strong>le Bul et Saint-\u00c9tienne<\/strong> aupr\u00e8s d\u2019une audience nationale \u00bb.<\/p>\n<p>Cette exposition m\u00e9diatique lui permettra de pr\u00e9senter son univers musical personnel tout en mettant en avant des artistes de son entourage. \u00ab Je veux en profiter pour faire d\u00e9couvrir les sons de certains de mes amis \u00bb, explique-t-il, fid\u00e8le \u00e0 son esprit de partage.<\/p>\n<p>Un style musical \u00e9clectique au service du public<\/p>\n<p>L\u2019approche artistique de DJ KIKS se caract\u00e9rise par sa diversit\u00e9 : soul, musiques latines, reggaeton se m\u00e9langent dans ses compositions. Cette vari\u00e9t\u00e9 r\u00e9pond \u00e0 une philosophie claire : \u00ab Le but est de rester commercial, car j\u2019aime que les gens reconnaissent et chantent les morceaux que je joue. Voir le public vibrer avec moi, c\u2019est le bonheur total. \u00bb<\/p>\n<p>Ses influences ont \u00e9volu\u00e9 au fil du temps : des r\u00e9f\u00e9rences comme Martin Garrix et DJ Snake ont c\u00e9d\u00e9 la place au duo lyonnais Trinix, tandis qu\u2019il s\u2019ouvre d\u00e9sormais \u00e0 la musique classique et symphonique.<\/p>\n<p>Des ambitions locales et des projets d\u2019ouverture<\/p>\n<p>Tout en gardant les pieds sur terre, DJ KIKS nourrit des ambitions pour la sc\u00e8ne st\u00e9phanoise. Il aimerait se produire dans d\u2019autres lieux embl\u00e9matiques comme le Nautilus, le Pablo ou le 18\/10. Il envisage \u00e9galement des collaborations avec d\u2019autres DJ locaux, dans une logique de d\u00e9veloppement collectif de la sc\u00e8ne \u00e9lectronique r\u00e9gionale.<\/p>\n<p>Cette prochaine \u00e9mission sur Fun Radio pourrait bien \u00eatre le catalyseur d\u2019une carri\u00e8re qui ne demande qu\u2019\u00e0 s\u2019\u00e9panouir, port\u00e9e par un artiste qui a su faire de l\u2019audace sa force tout en restant ouvert aux conseils constructifs.<\/p>\n<p>                            <script async src=\"\/\/www.instagram.com\/embed.js\"><\/script><\/p>\n","protected":false},"excerpt":{"rendered":"Kilyann Gouffran, connu sous le nom de sc\u00e8ne DJ KIKS, porte en lui un h\u00e9ritage musical riche. Issu&hellip;\n","protected":false},"author":2,"featured_media":182291,"comment_status":"","ping_status":"","sticky":false,"template":"","format":"standard","meta":{"footnotes":""},"categories":[9653],"tags":[1111,11,2430,32017,1777,674,1011,27,6034,3367,12,25,4001],"class_list":{"0":"post-182290","1":"post","2":"type-post","3":"status-publish","4":"format-standard","5":"has-post-thumbnail","7":"category-saint-etienne","8":"tag-actu","9":"tag-actualites","10":"tag-auvergne-rhone-alpes","11":"tag-dj-kiks","12":"tag-eu","13":"tag-europe","14":"tag-fr","15":"tag-france","16":"tag-fun-radio","17":"tag-loire","18":"tag-news","19":"tag-republique-francaise","20":"tag-saint-etienne"},"share_on_mastodon":{"url":"https:\/\/pubeurope.com\/@fr\/114696345601779331","error":""},"_links":{"self":[{"href":"https:\/\/www.europesays.com\/fr\/wp-json\/wp\/v2\/posts\/182290","targetHints":{"allow":["GET"]}}],"collection":[{"href":"https:\/\/www.europesays.com\/fr\/wp-json\/wp\/v2\/posts"}],"about":[{"href":"https:\/\/www.europesays.com\/fr\/wp-json\/wp\/v2\/types\/post"}],"author":[{"embeddable":true,"href":"https:\/\/www.europesays.com\/fr\/wp-json\/wp\/v2\/users\/2"}],"replies":[{"embeddable":true,"href":"https:\/\/www.europesays.com\/fr\/wp-json\/wp\/v2\/comments?post=182290"}],"version-history":[{"count":0,"href":"https:\/\/www.europesays.com\/fr\/wp-json\/wp\/v2\/posts\/182290\/revisions"}],"wp:featuredmedia":[{"embeddable":true,"href":"https:\/\/www.europesays.com\/fr\/wp-json\/wp\/v2\/media\/182291"}],"wp:attachment":[{"href":"https:\/\/www.europesays.com\/fr\/wp-json\/wp\/v2\/media?parent=182290"}],"wp:term":[{"taxonomy":"category","embeddable":true,"href":"https:\/\/www.europesays.com\/fr\/wp-json\/wp\/v2\/categories?post=182290"},{"taxonomy":"post_tag","embeddable":true,"href":"https:\/\/www.europesays.com\/fr\/wp-json\/wp\/v2\/tags?post=182290"}],"curies":[{"name":"wp","href":"https:\/\/api.w.org\/{rel}","templated":true}]}}