{"id":182293,"date":"2025-06-17T02:31:19","date_gmt":"2025-06-17T02:31:19","guid":{"rendered":"https:\/\/www.europesays.com\/fr\/182293\/"},"modified":"2025-06-17T02:31:19","modified_gmt":"2025-06-17T02:31:19","slug":"a-nancy-les-socialistes-reglent-encore-leurs-comptes-sur-le-cas-insoumis","status":"publish","type":"post","link":"https:\/\/www.europesays.com\/fr\/182293\/","title":{"rendered":"\u00c0 Nancy, les socialistes r\u00e8glent encore leurs comptes sur le cas insoumis"},"content":{"rendered":"<p>Amateurs de guerres picrocholines, de motions de synth\u00e8se, de commissions de r\u00e9solution et de pactes de gouvernance\u00a0? Rendez-vous \u00e0 Nancy. Pendant trois jours, du 13 au 15\u00a0juin, le Parti socialiste (PS) a pos\u00e9 ses valises au centre Prouv\u00e9, un b\u00e2timent moderne de cinq \u00e9tages, \u00e0 quelques pas seulement de la gare SNCF de cette pr\u00e9fecture de Meurthe-et-Moselle. Trente degr\u00e9s au soleil, des b\u00e2timents Art nouveau, le d\u00e9cor ressemble \u00e0 une <strong>destination id\u00e9ale<\/strong> pour un week-end de repos. Rat\u00e9. Les socialistes sont en congr\u00e8s.<\/p>\n<p>Tout avait pourtant bien commenc\u00e9. Le 13\u00a0juin, quelques minutes apr\u00e8s l\u2019ouverture officielle de l\u2019\u00e9v\u00e9nement, l\u2019ensemble du parti semble s\u2019accorder sur un point\u00a0: hors de question de rejouer le match du <a href=\"https:\/\/www.politis.fr\/articles\/2023\/01\/le-ps-face-aux-fantomes-du-passe\/\" target=\"_blank\" rel=\"noreferrer noopener\">congr\u00e8s de Marseille<\/a>. Une plaie encore <strong>b\u00e9ante<\/strong> pour les roses qui se souviennent de ces quelques jours de janvier\u00a02023 o\u00f9 la formation avait failli imploser. \u00ab\u00a0Je pense qu\u2019on aura une ambiance beaucoup plus chaleureuse que celle qu\u2019on a connue il y a deux ans et demi\u00a0\u00bb, pr\u00e9dit Corinne Narassiguin, s\u00e9natrice de Seine-Saint-Denis et membre de la direction sortante du PS.<\/p>\n<p>            <a href=\"https:\/\/www.politis.fr\/articles\/2025\/06\/congres-ps-olivier-faure-stratege-de-lunite-reste-aux-commandes-du-parti-socialiste\/\" target=\"_blank\" class=\" gt_sujet\" rel=\"noopener\"><\/p>\n<p>            <strong>Sur le m\u00eame sujet :<\/strong> Congr\u00e8s du PS : Olivier Faure, strat\u00e8ge de l\u2019unit\u00e9, reste aux commandes du Parti socialiste<\/p>\n<p>    <\/a><\/p>\n<p>Dans le camp d\u2019<a href=\"https:\/\/www.politis.fr\/articles\/2025\/06\/congres-ps-olivier-faure-stratege-de-lunite-reste-aux-commandes-du-parti-socialiste\/\" target=\"_blank\" rel=\"noopener\">Olivier Faure<\/a>, le premier secr\u00e9taire sortant, comme dans celui de <a href=\"https:\/\/www.politis.fr\/articles\/2023\/01\/nicolas-mayer-rossignol-lelement-perturbateur-ps\/\" target=\"_blank\" rel=\"noreferrer noopener\">Nicolas Mayer-Rossignol<\/a>, \u00e9dile de Rouen et premier des opposants, les intentions affich\u00e9es sont similaires\u00a0: le rassemblement des socialistes est une <strong>n\u00e9cessit\u00e9<\/strong>. En coulisses, les n\u00e9gociations avancent.<\/p>\n<p>Plusieurs hypoth\u00e8ses sont sur la table\u00a0: des groupes de pilotage agr\u00e9geant toutes les orientations pour travailler sur le projet du parti et les municipales, la nomination de certains opposants au sein du secr\u00e9tariat national, un pacte de gouvernance du PS entre les motions, un texte politique commun\u2026 Mais il est difficile d\u2019ignorer \u00e9ternellement le c\u0153ur du probl\u00e8me. Un probl\u00e8me de trois lettres\u00a0: LFI, sigle de La France insoumise.<\/p>\n<p>Subtilit\u00e9 ou ambigu\u00eft\u00e9<\/p>\n<p>Une grande fracture divise le PS\u00a0? Pas vraiment. C\u2019est plut\u00f4t une affaire de <strong>nuances<\/strong>. \u00ab\u00a0NMR\u00a0\u00bb plaide d\u2019abord pour une affirmation socialiste avant de se rapprocher de Place publique, le microparti de <a href=\"https:\/\/www.politis.fr\/articles\/2024\/10\/politique-gauche-en-gironde-raphael-glucksmann-tente-de-reanimer-la-social-democratie-en-vue-de-2027\/\" target=\"_blank\" rel=\"noreferrer noopener\">Rapha\u00ebl Glucksmann<\/a>, et d\u2019anciennes figures socialistes comme <a href=\"https:\/\/www.politis.fr\/articles\/2023\/04\/clementine-autain-et-bernard-cazeneuve-irreconciliables\/\" target=\"_blank\" rel=\"noreferrer noopener\">Bernard Cazeneuve<\/a> ou Beno\u00eet Hamon. Le camp Faure d\u00e9fend plut\u00f4t une \u00ab\u00a0plateforme\u00a0\u00bb allant de l\u2019eurod\u00e9put\u00e9 social-d\u00e9mocrate \u00e0 <a href=\"https:\/\/www.politis.fr\/articles\/2024\/03\/comment-francois-ruffin-veut-aller-au-front\/\" target=\"_blank\" rel=\"noreferrer noopener\">Fran\u00e7ois Ruffin<\/a> en 2027. Certes, la m\u00e9thode est diff\u00e9rente, mais un foss\u00e9 ne s\u00e9pare pas les deux concurrents.<\/p>\n<blockquote class=\"wp-block-quote is-layout-flow wp-block-quote-is-layout-flow\">\n<p>Est-ce que nous consid\u00e9rons que nous n\u2019avons plus rien \u00e0 faire avec le reste de la gauche\u00a0? <\/p>\n<\/blockquote>\n<p>Le diable se cache parfois dans les d\u00e9tails. En effet, la direction fauriste d\u00e9fend, parfois \u00e0 demi-mot, une plus grande <strong>marge de man\u0153uvre<\/strong> aux alliances en cas de dissolution ou d\u2019\u00e9lections dans des circonscriptions et des villes o\u00f9 le <a href=\"https:\/\/www.politis.fr\/articles\/tags\/rassemblement-national-924\/\" target=\"_blank\" rel=\"noopener\">Rassemblement national<\/a> (RN) risque de l\u2019emporter. \u00ab\u00a0Si demain l\u2019extr\u00eame droite est en capacit\u00e9 d\u2019arriver au pouvoir, nous devons l\u2019en emp\u00eacher. Nos d\u00e9bats et nos divisions ne doivent pas nous entraver, dit-on dans l\u2019entourage d\u2019Olivier Faure. Est-ce que nous consid\u00e9rons que nous n\u2019avons plus rien \u00e0 faire avec le reste de la gauche\u00a0? Non, ce serait absurde.\u00a0\u00bb<\/p>\n<p>            <a href=\"https:\/\/www.politis.fr\/articles\/2025\/06\/politique-congres-ps-apres-la-defaite-les-petits-espoirs-de-nuisance-des-anti-faure\/\" target=\"_blank\" class=\" gt_sujet\" rel=\"noopener\"><\/p>\n<p>            <strong>Sur le m\u00eame sujet :<\/strong> Congr\u00e8s PS\u00a0: apr\u00e8s la d\u00e9faite, les petits espoirs de nuisance des anti-Faure<\/p>\n<p>    <\/a><\/p>\n<p>Les opposants du premier secr\u00e9taire enragent devant cette subtilit\u00e9 qu\u2019ils consid\u00e8rent comme une <strong>ambigu\u00eft\u00e9<\/strong> assum\u00e9e. \u00ab\u00a0Je suis surpris que ce soit un sujet aujourd\u2019hui alors que les trois textes d\u2019orientation disaient la m\u00eame chose. Jusqu\u2019au 5\u00a0juin, Olivier Faure affirmait\u00a0: pas avec LFI. C\u2019\u00e9tait un non d\u00e9finitif. Et puis d\u00e8s le lendemain du deuxi\u00e8me tour, il a commenc\u00e9 \u00e0 ouvrir la porte en parlant d\u2019union en cas de dissolution. Ce n\u2019est pas s\u00e9rieux\u00a0\u00bb, d\u00e9nonce le s\u00e9nateur Rachid Temal. <\/p>\n<p>\u00ab\u00a0Il y en a qui pensent qu\u2019il faut faire un alliage entre Glucksmann, Cazeneuve et le PS, alors que d\u2019autres veulent partir avec les communistes et les \u00e9colos, ce n\u2019est pas pareil\u00a0\u00bb, r\u00e9sume le d\u00e9put\u00e9 Paul Christophle, de l\u2019aile gauche du parti. Les graines de la <strong>division<\/strong> sont bien plant\u00e9es.<\/p>\n<p>Le d\u00e9rapage Guedj<\/p>\n<p>Soudain, l\u2019explosion. Dans l\u2019apr\u00e8s-midi du 14\u00a0juin, le d\u00e9put\u00e9 J\u00e9r\u00f4me Guedj, soutien de Mayer-Rossignol, insulte tr\u00e8s violemment <a href=\"https:\/\/www.politis.fr\/articles\/tags\/jean-luc-melenchon-630\/\" target=\"_blank\" rel=\"noreferrer noopener\">Jean-Luc M\u00e9lenchon<\/a> de \u00ab\u00a0salopard antis\u00e9mite\u00a0\u00bb. Quelques secondes plus tard, l\u2019ancien compagnon de route du triple candidat \u00e0 la pr\u00e9sidentielle <strong>s\u2019indigne<\/strong>\u00a0: \u00ab\u00a0Il n\u2019est plus possible, d\u2019une mani\u00e8re ou d\u2019une autre, d\u2019avoir le moindre point de contact avec ceux qui aujourd\u2019hui ab\u00eement la gauche, qui ab\u00eement l\u2019universalisme, qui ab\u00eement la R\u00e9publique, qui ab\u00eement la la\u00efcit\u00e9.\u00a0\u00bb En sortant, il confesse\u00a0: \u00ab\u00a0Ce n\u2019\u00e9tait pas pr\u00e9vu.\u00a0\u00bb Trop tard. La machine s\u2019acc\u00e9l\u00e8re.<\/p>\n<blockquote class=\"wp-block-quote is-layout-flow wp-block-quote-is-layout-flow\">\n<p>Que pr\u00e9f\u00e9rons-nous\u00a0? Perdre des \u00e9lections ou perdre notre \u00e2me\u00a0?\u00a0<\/p>\n<p>N. Mayer-Rossignol<\/p><\/blockquote>\n<p>Moins d\u2019une heure plus tard, Nicolas Mayer-Rossignol hausse <strong>le ton<\/strong>. \u00ab\u00a0Il n\u2019y aura pas, il ne peut plus, sous aucun pr\u00e9texte que ce soit, ni au plan national, ni au plan local, ni en cas de dissolution, d\u2019alliance avec La France insoumise\u00a0\u00bb, l\u00e2che le maire de Rouen. Et de continuer\u00a0: \u00ab\u00a0Je sais que ce sujet est difficile pour des candidats, pour des camarades, qui sont en conqu\u00eate, qui sont en risque. Mais pour reprendre une formule dite par d\u2019autres pr\u00e9c\u00e9demment\u00a0: que pr\u00e9f\u00e9rons-nous\u00a0? Perdre des \u00e9lections ou perdre notre \u00e2me\u00a0?\u00a0\u00bb<\/p>\n<p><a href=\"https:\/\/www.europesays.com\/fr\/wp-content\/uploads\/2025\/06\/IMG_20250615_094156-768x1024.jpeg\" class=\"zoom\"><img fetchpriority=\"high\" decoding=\"async\" width=\"768\" height=\"1024\" src=\"https:\/\/www.europesays.com\/fr\/wp-content\/uploads\/2025\/06\/IMG_20250615_094156-768x1024.jpeg\" alt=\"\" class=\"wp-image-389527\" style=\"width:600px\"  \/><\/a>Au centre : Nicolas Mayer-Rossignol, Lamia El Aaraje. (Photo : Lucas Sarafian.)<\/p>\n<p>Au fond de la salle, un d\u00e9put\u00e9 fauriste souffle\u00a0: \u00ab\u00a0Ils se radicalisent alors qu\u2019on fait des pas vers eux\u00a0!\u00a0\u00bb \u00c0 la sortie, <a href=\"https:\/\/www.politis.fr\/articles\/2025\/06\/ps-pierre-jouvet-les-socialistes-ont-tranche-nous-serons-unitaires-et-au-coeur-de-la-gauche\/\" target=\"_blank\" rel=\"noreferrer noopener\">Pierre Jouvet<\/a>, lieutenant de Faure, lance \u00e0 David Assouline, l\u2019une des t\u00eates pensantes des opposants\u00a0: \u00ab\u00a0\u00c7a, \u00e7a a \u00e9t\u00e9 votre discours de sortie\u00a0!\u00a0\u00bb \u00ab\u00a0LFI, ce sont des populistes, on ne les inclut pas dans le reste de la gauche\u00a0\u00bb, se d\u00e9fend Lamia El Aaraje, premi\u00e8re secr\u00e9taire de la f\u00e9d\u00e9ration de Paris. R\u00e8glements de comptes \u00e0 O.K. Corral. <\/p>\n<p>            <a href=\"https:\/\/www.politis.fr\/articles\/2025\/05\/congres-du-ps-faure-contre-mayer-rossignol-un-duel-decisif-pour-lavenir-de-la-gauche\/\" target=\"_blank\" class=\" gt_sujet\" rel=\"noopener\"><\/p>\n<p>            <strong>Sur le m\u00eame sujet :<\/strong> Congr\u00e8s du PS : Faure contre Mayer-Rossignol, un duel d\u00e9cisif pour l\u2019avenir de la gauche<\/p>\n<p>    <\/a><\/p>\n<p>\u00ab\u00a0Nicolas Mayer-Rossignol cherche un pr\u00e9texte pour ne pas signer un accord avec nous\u00a0\u00bb, balaie une proche de Faure. \u00ab\u00a0Un congr\u00e8s n\u2019est pas l\u00e0 pour mettre la poussi\u00e8re sous le tapis. Les socialistes n\u2019en peuvent plus des ambigu\u00eft\u00e9s\u00a0\u00bb, proteste Mayer-Rossignol. Le centre Prouv\u00e9 \u00e9tait un volcan endormi. Il vient \u00e0 l\u2019instant d\u2019entrer en \u00e9ruption.<\/p>\n<p>Vieux d\u00e9mons<\/p>\n<p>En coulisses, les <strong>n\u00e9gociations<\/strong> s\u2019arr\u00eatent net. \u00ab\u00a0Il vient de faire p\u00e9ter une bombe en pleine salle\u00a0\u00bb, regrette un membre de l\u2019\u00e9tat-major fauriste. \u00ab\u00a0Notre responsabilit\u00e9, c\u2019est celle du rassemblement. Nous ne voulons pas que le congr\u00e8s de Nancy devienne celui de Marseille\u00a0\u00bb, temporise <a href=\"https:\/\/www.politis.fr\/articles\/2024\/10\/politique-boris-vallaud-ps-le-boulot-de-la-gauche-cest-darreter-de-ne-parler-que-delle-meme\/\" target=\"_blank\" rel=\"noopener\">Boris Vallaud<\/a>, troisi\u00e8me homme du parti. Les vieux d\u00e9mons n\u2019ont jamais \u00e9t\u00e9 chass\u00e9s. \u00ab\u00a0On peut s\u2019inventer des fant\u00f4mes, des ennemis imaginaires. C\u2019est tellement dur d\u2019avoir des id\u00e9es\u00a0\u00bb, grince un proche du patron du groupe socialiste.<\/p>\n<p>            <a href=\"https:\/\/www.politis.fr\/articles\/2024\/10\/politique-boris-vallaud-ps-le-boulot-de-la-gauche-cest-darreter-de-ne-parler-que-delle-meme\/\" target=\"_blank\" class=\" gt_sujet\" rel=\"noopener\"><\/p>\n<p>            <strong>Sur le m\u00eame sujet :<\/strong> Boris Vallaud : \u00ab\u00a0Le boulot de la gauche, c\u2019est d\u2019arr\u00eater de ne parler que d\u2019elle-m\u00eame\u00a0\u00bb<\/p>\n<p>    <\/a><\/p>\n<p>Dans la nuit du 14 au 15\u00a0juin, les trois orientations tentent, une derni\u00e8re fois, de s\u2019entendre sur un texte commun. Mais rien \u00e0 faire\u00a0: les n\u00e9gociations <strong>s\u2019enrayent<\/strong> sur des questions de tournures de phrase. Le camp Mayer-Rossignol propose cet amendement\u00a0: \u00ab\u00a0Nous ne ferons pas d\u2019accord national et programmatique aux l\u00e9gislatives avec La France insoumise.\u00a0\u00bb <\/p>\n<blockquote class=\"wp-block-quote is-layout-flow wp-block-quote-is-layout-flow\">\n<p>Ils ont une obsession sur LFI. Ils veulent nuire. Leur int\u00e9r\u00eat, c\u2019est de flatter leur base.<\/p>\n<p>A. Delaporte<\/p><\/blockquote>\n<p>Refus des \u00e9quipes d\u2019Olivier Faure qui pr\u00e9f\u00e8rent cette formulation\u00a0: \u00ab\u00a0En coh\u00e9rence avec la ligne strat\u00e9gique que nous proposons, nous travaillerons en lien avec les f\u00e9d\u00e9rations \u00e0 un plan dissolution afin de construire le rassemblement de la gauche et des \u00e9cologistes, de Glucksmann \u00e0 Ruffin, tout en \u00e9valuant partout les risques d\u2019accession du RN.\u00a0\u00bb Refus des opposants. Malgr\u00e9 les tentatives de Boris Vallaud, casque bleu dans cette histoire, l\u2019accord n\u2019existera jamais. \u00c0 distance, Jean-Luc M\u00e9lenchon publie un message sur X (ex-Twitter)\u00a0: \u00ab\u00a0Vous ne pourriez pas vous disputer \u00e0 propos d\u2019autre sujet que LFI ou moi\u00a0?\u00a0\u00bb<\/p>\n<p>Secousses<\/p>\n<p>Le 15\u00a0juin, alors que la pluie est tomb\u00e9e toute la nuit sur la ville, les socialistes se r\u00e9veillent <strong>irr\u00e9conciliables<\/strong>. \u00ab\u00a0Ce matin, les masques tombent\u00a0\u00bb, affirme th\u00e9\u00e2tralement Philippe Brun. \u00ab\u00a0Ils ont une obsession sur LFI, consid\u00e8re le d\u00e9put\u00e9 fauriste Arthur Delaporte. Ils veulent nuire. Leur int\u00e9r\u00eat, c\u2019est de flatter leur base.\u00a0\u00bb NMR accuse la direction sortante de ne pas avoir voulu aboutir au rassemblement quand le camp d\u2019Olivier Faure doute de la sinc\u00e9rit\u00e9 de leurs opposants dans les discussions. L\u2019eurod\u00e9put\u00e9 et opposant interne Fran\u00e7ois Kalfon s\u2019interroge\u00a0: \u00ab\u00a0Est-ce que, finalement, Olivier Faure ne pr\u00e9f\u00e8re pas M\u00e9lenchon aux autres motions de notre parti\u00a0?\u00a0\u00bb<\/p>\n<p>            <a href=\"https:\/\/www.politis.fr\/articles\/2025\/04\/politique-gauche-ps-a-cote-des-oppositions-brouillonnes-olivier-faure-garde-la-main\/\" target=\"_blank\" class=\" gt_sujet\" rel=\"noopener\"><\/p>\n<p>            <strong>Sur le m\u00eame sujet :<\/strong> PS\u00a0: face aux oppositions brouillonnes, Olivier Faure garde la main<\/p>\n<p>    <\/a><\/p>\n<p>\u00c9branl\u00e9 par ces secousses nanc\u00e9iennes, Olivier Faure se doit de r\u00e9pondre. \u00c0 la tribune pour son discours qui cl\u00f4ture ce congr\u00e8s, il <strong>gronde<\/strong>\u00a0: \u00ab\u00a0Alors que l\u2019extr\u00eame droite est aux portes du pouvoir, j\u2019entends que certains ici voudraient faire de ce congr\u00e8s un r\u00e9f\u00e9rendum pour ou contre LFI. Je leur dis simplement que tant qu\u2019ils auront pour unique obsession LFI, ils ne feront que t\u00e9moigner de la domination psychologique que la gauche radicale exerce sur eux.\u00a0\u00bb <\/p>\n<p>Alors que le centre Prouv\u00e9 se vide, Johanna Rolland, maire de Nantes et proche de Faure, le mart\u00e8le\u00a0: \u00ab\u00a0La porte de la direction reste ouverte. Mais au-del\u00e0 de cette question, sur l\u2019\u00e9laboration de notre projet, nous allons faire avec tous les talents du parti.\u00a0\u00bb Retour \u00e0 z\u00e9ro.<\/p>\n<p>        <a href=\"https:\/\/www.politis.fr\/boutique\/\" target=\"_blank\" class=\"gt_abonnement\" rel=\"noopener\"><\/p>\n<p>            Recevez Politis chez vous chaque semaine !<\/p>\n<p>    <\/a><\/p>\n","protected":false},"excerpt":{"rendered":"Amateurs de guerres picrocholines, de motions de synth\u00e8se, de commissions de r\u00e9solution et de pactes de gouvernance\u00a0? Rendez-vous&hellip;\n","protected":false},"author":2,"featured_media":182294,"comment_status":"","ping_status":"","sticky":false,"template":"","format":"standard","meta":{"footnotes":""},"categories":[9635],"tags":[1111,11,1777,674,1011,27,4728,7740,775,1702,12,429,25],"class_list":{"0":"post-182293","1":"post","2":"type-post","3":"status-publish","4":"format-standard","5":"has-post-thumbnail","7":"category-nancy","8":"tag-actu","9":"tag-actualites","10":"tag-eu","11":"tag-europe","12":"tag-fr","13":"tag-france","14":"tag-france-insoumise","15":"tag-gauches","16":"tag-grand-est","17":"tag-nancy","18":"tag-news","19":"tag-ps","20":"tag-republique-francaise"},"share_on_mastodon":{"url":"https:\/\/pubeurope.com\/@fr\/114696361305829076","error":""},"_links":{"self":[{"href":"https:\/\/www.europesays.com\/fr\/wp-json\/wp\/v2\/posts\/182293","targetHints":{"allow":["GET"]}}],"collection":[{"href":"https:\/\/www.europesays.com\/fr\/wp-json\/wp\/v2\/posts"}],"about":[{"href":"https:\/\/www.europesays.com\/fr\/wp-json\/wp\/v2\/types\/post"}],"author":[{"embeddable":true,"href":"https:\/\/www.europesays.com\/fr\/wp-json\/wp\/v2\/users\/2"}],"replies":[{"embeddable":true,"href":"https:\/\/www.europesays.com\/fr\/wp-json\/wp\/v2\/comments?post=182293"}],"version-history":[{"count":0,"href":"https:\/\/www.europesays.com\/fr\/wp-json\/wp\/v2\/posts\/182293\/revisions"}],"wp:featuredmedia":[{"embeddable":true,"href":"https:\/\/www.europesays.com\/fr\/wp-json\/wp\/v2\/media\/182294"}],"wp:attachment":[{"href":"https:\/\/www.europesays.com\/fr\/wp-json\/wp\/v2\/media?parent=182293"}],"wp:term":[{"taxonomy":"category","embeddable":true,"href":"https:\/\/www.europesays.com\/fr\/wp-json\/wp\/v2\/categories?post=182293"},{"taxonomy":"post_tag","embeddable":true,"href":"https:\/\/www.europesays.com\/fr\/wp-json\/wp\/v2\/tags?post=182293"}],"curies":[{"name":"wp","href":"https:\/\/api.w.org\/{rel}","templated":true}]}}