{"id":182305,"date":"2025-06-17T02:41:16","date_gmt":"2025-06-17T02:41:16","guid":{"rendered":"https:\/\/www.europesays.com\/fr\/182305\/"},"modified":"2025-06-17T02:41:16","modified_gmt":"2025-06-17T02:41:16","slug":"quatre-etudiants-juges-par-le-tribunal-administratif-de-rennes","status":"publish","type":"post","link":"https:\/\/www.europesays.com\/fr\/182305\/","title":{"rendered":"quatre \u00e9tudiants jug\u00e9s par le tribunal administratif de Rennes"},"content":{"rendered":"<p>            Par<br \/>\n        <strong><br \/>\n            <a href=\"https:\/\/actu.fr\/auteur\/redaction-rennes\" title=\"Consulter tous les articles de R\u00e9daction Rennes\" target=\"_blank\" rel=\"noopener\">R\u00e9daction Rennes<\/a><br \/>\n        <\/strong><\/p>\n<p>        Publi\u00e9 le<\/p>\n<p>            16 juin 2025 \u00e0 18h38        <\/p>\n<p>Le Crous (Centre R\u00e9gional des \u0152uvres Universitaires et Scolaires) de Rennes a demand\u00e9 \u00e0 la juge des r\u00e9f\u00e9r\u00e9s du tribunal administratif de Rennes, ce mercredi 11\u00a0juin 2025, <strong>d\u2019ordonner l\u2019expulsion de quatre \u00e9tudiants<\/strong> qui occupaient \u00ab\u2009sans droit\u2009\u00bb ni titre des logements \u00e9tudiants depuis septembre\u00a02024.<\/p>\n<p>Une situation \u00ab\u2009pressante\u2009\u00bb<\/p>\n<p class=\" wall-content\">La magistrate, <strong>dans un \u00e9lan \u00ab\u2009maternant\u2009\u00bb<\/strong>, a propos\u00e9 aux deux \u00e9tudiants pr\u00e9sents un d\u00e9lai \u00ab\u2009suppl\u00e9mentaire\u2009\u00bb s\u2019ils parviennent \u00e0 d\u00e9montrer qu\u2019ils ont amorc\u00e9 les d\u00e9marches pour r\u00e9gulariser leur situation.<\/p>\n<p class=\" wall-content\"><strong>La situation<\/strong> est en effet <strong>pressante<\/strong>\u2009: voil\u00e0 <strong>une ann\u00e9e scolaire<\/strong> que ces quatre \u00e9tudiants, dont deux seulement ont fait le d\u00e9placement au tribunal administratif de Rennes, <strong>occupent ind\u00fbment des logements<\/strong> \u00e0 Rennes, dans les r\u00e9sidences universitaires de Patton, Beaulieu ou encore Beauregard.<\/p>\n<p>Deux trajectoires de vie diff\u00e9rentes<\/p>\n<p class=\" wall-content\">Sur le papier,<strong> leur exclusion imminente ne fait gu\u00e8re de doute<\/strong>. \u00ab\u2009Il y a 537 demandes pour 265 logements\u2009\u00bb, d\u00e9taille l\u2019avocate du Crous pour justifier \u00ab\u2009l\u2019urgence\u2009\u00bb de sa demande. En g\u00e9n\u00e9ral, en pareil cas et si la proc\u00e9dure est respect\u00e9e par l\u2019administration, la Justice laisse donc \u00ab\u2009quinze jours\u2009\u00bb aux occupants pour lib\u00e9rer les lieux, explique la juge des r\u00e9f\u00e9r\u00e9s.<\/p>\n<p class=\" wall-content\">Les deux jeunes hommes de 22 et 25\u00a0ans venus d\u00e9tailler leur situation \u00e0 la juge comprennent vite qu\u2019elle est in\u00e9vitable, mais il s\u2019agit d\u00e9j\u00e0 de <strong>b\u00e9n\u00e9ficier d\u2019un \u00ab\u2009d\u00e9lai\u2009\u00bb plus important.<\/strong><\/p>\n<p class=\" wall-content\">Ce mercredi 11\u00a0juin 2025, ils ont fait le d\u00e9placement sans avocat pour venir d\u00e9crire <strong>deux trajectoires pourtant tr\u00e8s diff\u00e9rentes<\/strong>, mais qui semblent ne pas laisser la magistrate insensible.<\/p>\n<p>Romuald, 22\u00a0ans<\/p>\n<p class=\" wall-content\">\u00c0 seulement 22\u00a0ans, <strong>Romuald<\/strong> se retrouve en effet seul face aux d\u00e9marches administratives. Il n\u2019a quasiment <strong>\u00ab\u2009pas connu\u2009\u00bb sa m\u00e8re<\/strong>, explique-t-il, et <strong>son p\u00e8re<\/strong> souffre de <strong>\u00ab\u2009probl\u00e8mes de sant\u00e9 mentale\u2009\u00bb,<\/strong> \u00e0 cause desquels il ne le \u00ab\u2009voit plus\u2009\u00bb.<\/p>\n<p class=\" wall-content\">Il n\u2019est donc <strong>pas parvenu \u00e0 r\u00e9cup\u00e9rer son dernier avis d\u2019imposition<\/strong>, sur lequel il est pourtant rattach\u00e9 et n\u2019a donc pas pu constituer son Dossier social \u00e9tudiant (DSE), sans quoi le Crous ne peut s\u2019assurer qu\u2019il remplit les conditions de ressources.<\/p>\n<p class=\" wall-content\">Cette ann\u00e9e, l\u2019\u00e9tudiant en Master 1 Sciences et Vie de la Terre (SVT) a semble-t-il baiss\u00e9 les bras\u2009: il avait pourtant b\u00e9n\u00e9fici\u00e9 <strong>d\u2019une \u00ab\u2009d\u00e9cision de r\u00e9admission\u2009\u00bb<\/strong> pour l\u2019ann\u00e9e scolaire 2024-2025, explique l\u2019avocate du Crous. Mais sans le DSE constitu\u00e9, impossible de v\u00e9rifier qu\u2019il est toujours \u00e9ligible. Finalement, apr\u00e8s relances, il a donc \u00e9t\u00e9 radi\u00e9 des \u00ab\u2009listes d\u2019attribution\u2009\u00bb.<\/p>\n<p>\u00ab\u2009C\u2019est \u00e0 vous de vous prendre en main\u2009\u00bb<\/p>\n<p class=\" wall-content\">Le Crous a pourtant fait preuve de <strong>patience<\/strong> \u00e0 son \u00e9gard, en lui envoyant \u00ab\u00a0plusieurs \u00ab\u00a0courriers\u00a0\u00bb lui demandant de lib\u00e9rer les lieux, mais ce \u00ab\u00a0boursier \u00e9chelon 5\u00a0\u00bb n\u2019y a jamais r\u00e9pondu et s\u2019est maintenu toute l\u2019ann\u00e9e dans <strong>ce studio<\/strong> qui semble \u00e0 tout le moins <strong>\u00ab\u00a0en d\u00e9sordre\u00a0\u00bb<\/strong>.<\/p>\n<p class=\" wall-content\">\u00abC\u2019est \u00e0 vous de vous prendre en main, un coup de fil \u00e0 une assistante sociale, on range et on nettoie\u2009\u00bb, l\u2019a donc houspill\u00e9 la magistrate administrative, quelque peu sortie de son r\u00f4le apr\u00e8s avoir expliqu\u00e9 qu\u2019elle a, elle-m\u00eame, \u00ab\u2009un enfant\u2009\u00bb du m\u00eame \u00e2ge.<\/p>\n<p class=\" wall-content\">Elle lui a donc propos\u00e9 <strong>un arrangement<\/strong>\u2009: si Romuald parvient \u00e0 lui d\u00e9montrer d\u2019ici au mardi 17\u00a0juin 2025 qu\u2019il a entam\u00e9 des d\u00e9marches pour r\u00e9gulariser la situation et ainsi ne pas se retrouver \u00ab\u2009\u00e0 la rue\u2009\u00bb, alors <strong>elle lui accordera \u00ab\u2009quinze jours suppl\u00e9mentaires\u2009\u00bb<\/strong> pour lui laisser le temps de se \u00ab\u2009retourner\u2009\u00bb, le temps de terminer l\u2019ann\u00e9e universitaire. \u00ab\u2009Sans garants\u2009\u00bb, et m\u00eame avec un job \u00e9tudiant, le jeune homme explique qu\u2019il n\u2019a \u00ab\u2009aucune possibilit\u00e9\u2009\u00bb de se loger dans le parc priv\u00e9.<\/p>\n<p class=\" wall-content\"><strong>\u00ab\u2009Je suis un peu maternante\u2009\u00bb,<\/strong> conc\u00e8de la juge. \u00ab\u2009Il va falloir vous prendre en main, grandir et vous faire aider\u2009\u00bb, insiste-t-elle, lui proposant m\u00eame \u00ab\u2009d\u2019envoyer des photos\u2009\u00bb pour \u00ab\u2009montrer ce qui a \u00e9t\u00e9 fait\u2009\u00bb dans la chambre universitaire. L\u2019avocate du Crous, qui \u00e9tait donc venue r\u00e9clamer son expulsion, propose aussi \u00ab\u2009d\u2019envoyer un mail\u2009\u00bb pour qu\u2019il soit accompagn\u00e9<strong>. \u00ab\u2009On vous tend la main, on attend de vos nouvelles\u2009!\u2009\u00bb<\/strong>, conclut la juge des r\u00e9f\u00e9r\u00e9s, qui s\u2019appr\u00eate d\u00e9j\u00e0 \u00e0 aborder le dossier suivant. Et le jeune homme repart, adresse mail du greffe not\u00e9e \u00e0 la va-vite.<\/p>\n<p>Souleymane, 25\u00a0ans<\/p>\n<p class=\" wall-content\">Souleymane s\u2019avance \u00e0 son tour pour venir plaider sa cause. Lui vient d\u2019\u00eatre admis en 3\u1d49 ann\u00e9e de licence pour la rentr\u00e9e de septembre\u00a02025, mais il l\u2019int\u00e9grera seulement s\u2019il parvient \u00e0 valider son BTS. Les r\u00e9sultats approchent et l\u2019avenir de <strong>ce jeune Tchadien<\/strong> semble ainsi s\u2019\u00e9claircir, mais il a lui aussi loup\u00e9 le coche de la phase de \u00ab\u2009r\u00e9admission\u2009\u00bb et n\u2019a pas justifi\u00e9 aupr\u00e8s du Crous de \u00ab\u2009sa qualit\u00e9 d\u2019\u00e9tudiant\u2009\u00bb.<\/p>\n<blockquote class=\"ac-article-quote wall-content\">\n<p>Je n&rsquo;arrivais pas \u00e0 trouver de stage en France, donc je suis retourn\u00e9 au Tchad o\u00f9 je l&rsquo;ai fait dans le p\u00e9trole.<\/p>\n<p>    <strong>Souleymane<\/strong>\n            <\/p><\/blockquote>\n<p class=\" wall-content\">Mais \u00e0 son retour en France, le Crous lui r\u00e9clame<strong> des impay\u00e9s de loyers<\/strong> et la \u00ab\u2009phase compl\u00e9mentaire\u2009\u00bb pour l\u2019attribution des logements est d\u00e9j\u00e0 cl\u00f4tur\u00e9e. L\u2019\u00e9tudiant se pr\u00e9sente donc au guichet du Crous pour <strong>rembourser sa dette,<\/strong> \u00ab\u2009mais ils ne prennent pas d\u2019argent comme \u00e7a\u2009\u00bb, lui explique l\u2019agent qui le re\u00e7oit. Le jeune homme se retrouve ainsi <strong>menac\u00e9 d\u2019expulsion.<\/strong><\/p>\n<p class=\" wall-content\">Ce jeune de 25\u00a0ans est pourtant parvenu \u00e0 <strong>d\u00e9crocher un job \u00e9tudiant<\/strong> pour \u00ab\u2009rembourser ses dettes\u2009\u00bb\u2009: le week-end, celui qui \u00e9tudie dans \u00ab\u2009la fabrication de pi\u00e8ces a\u00e9ronautiques et automobiles\u2009\u00bb officie sur le campus de Rennes-2 en tant <strong>qu\u2019agent de s\u00e9curit\u00e9 incendie.<\/strong> Ce gar\u00e7on, qui a \u00ab\u2009de la famille\u2009\u00bb \u00e0 Tours (Indre-et-Loire), vient aussi d\u2019entamer des \u00ab\u2009d\u00e9marches\u2009\u00bb pour obtenir un logement social.<\/p>\n<p>\u00ab\u2009Faites les d\u00e9marches\u2009\u00bb<\/p>\n<blockquote class=\"ac-article-quote wall-content\">\n<p>Vous avez une famille, un peu plus de revenus et l&rsquo;air de faire des d\u00e9marches&#8230; Je vais vous laisser un d\u00e9lai pour vous retourner.<\/p>\n<p>    <strong>Juge des r\u00e9f\u00e9r\u00e9s<\/strong>\n            <\/p><\/blockquote>\n<p class=\" wall-content\"><strong>\u00ab\u2009Faites les d\u00e9marches\u2009\u00bb,<\/strong> r\u00e9p\u00e8te-t-elle \u00e0 plusieurs reprises \u00e0 celui qui lui semble \u00ab\u2009suffisamment d\u00e9gourdi\u2009\u00bb pour le faire. <strong>\u00ab\u2009Je sais, c\u2019est casse-pieds<\/strong> de faire les papiers\u2009\u00bb, s\u2019amuse la magistrate, comme pour d\u00e9dramatiser la lourdeur de ces situations.<\/p>\n<p class=\" wall-content\">Elle rendra donc \u00ab\u2009trois d\u00e9cisions cette semaine\u2009\u00bb \u2013 celles concernant Souleymane et les deux absents. Pour Romuald, en revanche, elle d\u00e9cide d\u2019attendre \u00ab\u2009un peu\u2009\u00bb, le temps de \u00ab\u2009voir si \u00e7a bouge\u2009\u00bb.<\/p>\n<p class=\" wall-content\"><strong>CB (PressPepper)<\/strong><\/p>\n<p class=\" wall-content\">Suivez toute l\u2019actualit\u00e9 de vos villes et m\u00e9dias favoris en vous inscrivant \u00e0 <a href=\"https:\/\/moncompte.actu.fr\" title=\"D\u00e9couvez Mon Actu\" rel=\"nofollow noopener\" data-trk=\"{&quot;cta&quot;:{&quot;action&quot;:&quot;https:\\\/\\\/moncompte.actu.fr&quot;,&quot;category&quot;:&quot;mon compte&quot;,&quot;from&quot;:&quot;article footer&quot;,&quot;name&quot;:&quot;Mon actu&quot;,&quot;type&quot;:&quot;cta&quot;}}\" target=\"_blank\">Mon Actu<\/a>.<\/p>\n","protected":false},"excerpt":{"rendered":"Par R\u00e9daction Rennes Publi\u00e9 le 16 juin 2025 \u00e0 18h38 Le Crous (Centre R\u00e9gional des \u0152uvres Universitaires et&hellip;\n","protected":false},"author":2,"featured_media":182306,"comment_status":"","ping_status":"","sticky":false,"template":"","format":"standard","meta":{"footnotes":""},"categories":[2821],"tags":[1111,11,829,13684,1777,674,118,1011,27,303,1908,12,584,25],"class_list":{"0":"post-182305","1":"post","2":"type-post","3":"status-publish","4":"format-standard","5":"has-post-thumbnail","7":"category-rennes","8":"tag-actu","9":"tag-actualites","10":"tag-bretagne","11":"tag-crous","12":"tag-eu","13":"tag-europe","14":"tag-faits-divers","15":"tag-fr","16":"tag-france","17":"tag-justice","18":"tag-logement","19":"tag-news","20":"tag-rennes","21":"tag-republique-francaise"},"share_on_mastodon":{"url":"https:\/\/pubeurope.com\/@fr\/114696401310094053","error":""},"_links":{"self":[{"href":"https:\/\/www.europesays.com\/fr\/wp-json\/wp\/v2\/posts\/182305","targetHints":{"allow":["GET"]}}],"collection":[{"href":"https:\/\/www.europesays.com\/fr\/wp-json\/wp\/v2\/posts"}],"about":[{"href":"https:\/\/www.europesays.com\/fr\/wp-json\/wp\/v2\/types\/post"}],"author":[{"embeddable":true,"href":"https:\/\/www.europesays.com\/fr\/wp-json\/wp\/v2\/users\/2"}],"replies":[{"embeddable":true,"href":"https:\/\/www.europesays.com\/fr\/wp-json\/wp\/v2\/comments?post=182305"}],"version-history":[{"count":0,"href":"https:\/\/www.europesays.com\/fr\/wp-json\/wp\/v2\/posts\/182305\/revisions"}],"wp:featuredmedia":[{"embeddable":true,"href":"https:\/\/www.europesays.com\/fr\/wp-json\/wp\/v2\/media\/182306"}],"wp:attachment":[{"href":"https:\/\/www.europesays.com\/fr\/wp-json\/wp\/v2\/media?parent=182305"}],"wp:term":[{"taxonomy":"category","embeddable":true,"href":"https:\/\/www.europesays.com\/fr\/wp-json\/wp\/v2\/categories?post=182305"},{"taxonomy":"post_tag","embeddable":true,"href":"https:\/\/www.europesays.com\/fr\/wp-json\/wp\/v2\/tags?post=182305"}],"curies":[{"name":"wp","href":"https:\/\/api.w.org\/{rel}","templated":true}]}}