{"id":182307,"date":"2025-06-17T02:42:52","date_gmt":"2025-06-17T02:42:52","guid":{"rendered":"https:\/\/www.europesays.com\/fr\/182307\/"},"modified":"2025-06-17T02:42:52","modified_gmt":"2025-06-17T02:42:52","slug":"a-schiltigheim-un-chef-alsacien-etoile-inaugure-un-bistrot-moderne","status":"publish","type":"post","link":"https:\/\/www.europesays.com\/fr\/182307\/","title":{"rendered":"\u00e0 Schiltigheim, un chef alsacien \u00e9toil\u00e9 inaugure un bistrot moderne"},"content":{"rendered":"<p><strong>Alors que la chaleur <\/strong><strong>s\u2019installe en Alsace, on vous embarque avec nous \u00e0 Schiltigheim, au 35 route du G\u00e9n\u00e9ral-de-Gaulle, dans un havre de paix verdoyant appel\u00e9 \u00ab Gourmand \u2013 Bistrot de Plaisirs \u00bb. Pr\u00e9parez-vous pour un petit voyage dans l\u2019univers rassurant de la cuisine fran\u00e7aise, entre \u00e9l\u00e9gance, tradition et g\u00e9n\u00e9rosit\u00e9, pour le plus grand bonheur des yeux, et du palais.<\/strong><\/p>\n<p>\u00c0 Strasbourg et ses alentours (aujourd\u2019hui \u00e0 Schiltigheim),<strong> il existe encore et heureusement des tables \u00e0 d\u00e9couvrir<\/strong>, ainsi que des menus \u00e0 explorer.<\/p>\n<p>Il y a quelques jours, on a justement eu la chance de d\u00e9couvrir <strong>une tr\u00e8s belle adresse, <\/strong>fra\u00eechement inaugur\u00e9e, qui cachait bien des surprises : <strong>un bistrot moderne surnomm\u00e9 Gourmand.<\/strong><\/p>\n<p>                <img width=\"375\" height=\"500\" src=\"https:\/\/www.europesays.com\/fr\/wp-content\/uploads\/2025\/06\/le-gourmand-schiltigheim-terrasse-img-0607-375x500.jpeg\" class=\"attachment-gallery size-gallery\" alt=\"Le gourmand schiltigheim terrasse IMG_0607\" data-full-url=\"https:\/\/pokaa.fr\/wp-content\/uploads\/2025\/06\/13\/le-gourmand-schiltigheim-terrasse-img-0607.jpeg\" decoding=\"async\" loading=\"lazy\"  \/>            <\/p>\n<p>                <img width=\"375\" height=\"500\" src=\"https:\/\/www.europesays.com\/fr\/wp-content\/uploads\/2025\/06\/le-gourmand-schiltigheim-terrasse-img-0685-375x500.jpeg\" class=\"attachment-gallery size-gallery\" alt=\"Le gourmand schiltigheim terrasse IMG_0685\" data-full-url=\"https:\/\/pokaa.fr\/wp-content\/uploads\/2025\/06\/13\/le-gourmand-schiltigheim-terrasse-img-0685.jpeg\" decoding=\"async\" loading=\"lazy\"  \/>            <\/p>\n<p>                <img width=\"375\" height=\"500\" src=\"https:\/\/www.europesays.com\/fr\/wp-content\/uploads\/2025\/06\/le-gourmand-schiltigheim-terrasse-img-0815-2-375x500.jpeg\" class=\"attachment-gallery size-gallery\" alt=\"Le gourmand schiltigheim terrasse IMG_0815 2\" data-full-url=\"https:\/\/pokaa.fr\/wp-content\/uploads\/2025\/06\/13\/le-gourmand-schiltigheim-terrasse-img-0815-2.jpeg\" decoding=\"async\" loading=\"lazy\"  \/>            <\/p>\n<p>                <img width=\"375\" height=\"500\" src=\"https:\/\/www.europesays.com\/fr\/wp-content\/uploads\/2025\/06\/le-gourmand-schiltigheim-terrasse-img-0781-375x500.jpeg\" class=\"attachment-gallery size-gallery\" alt=\"Le gourmand schiltigheim terrasse IMG_0781\" data-full-url=\"https:\/\/pokaa.fr\/wp-content\/uploads\/2025\/06\/13\/le-gourmand-schiltigheim-terrasse-img-0781.jpeg\" decoding=\"async\" loading=\"lazy\"  \/>            <\/p>\n<p>                <img width=\"375\" height=\"500\" src=\"https:\/\/www.europesays.com\/fr\/wp-content\/uploads\/2025\/06\/le-gourmand-schiltigheim-terrasse-img-0596-2-375x500.jpeg\" class=\"attachment-gallery size-gallery\" alt=\"Le gourmand schiltigheim terrasse IMG_0596 2\" data-full-url=\"https:\/\/pokaa.fr\/wp-content\/uploads\/2025\/06\/13\/le-gourmand-schiltigheim-terrasse-img-0596-2.jpeg\" decoding=\"async\" loading=\"lazy\"  \/>            <\/p>\n<p>                    \u00a9 Bastien Pietronave \/ Pokaa<\/p>\n<p>De l\u2019ext\u00e9rieur, on s\u2019est retrouv\u00e9 nez \u00e0 nez avec <strong>un b\u00e2timent qui ne payait pas de mine<\/strong>, mais une fois \u00e0 l\u2019int\u00e9rieur, on a d\u00e9couvert <strong>un lieu tout simplement impressionnant.<\/strong><\/p>\n<p><strong>Un chef qui conna\u00eet bien la maison<\/strong>, une nouvelle<strong> approche de la cuisine de bistrot<\/strong> d\u2019antan dans un cadre moderne r\u00e9jouissant\u2026 Faisons ensemble la connaissance de cette adresse qui, comme celle qui lui a pr\u00e9c\u00e9d\u00e9, <strong>fait d\u00e9j\u00e0 grand bruit.<\/strong><\/p>\n<p>                <img width=\"375\" height=\"500\" src=\"https:\/\/www.europesays.com\/fr\/wp-content\/uploads\/2025\/06\/le-gourmand-schiltigheim-terrasse-img-0664-375x500.jpeg\" class=\"attachment-gallery size-gallery\" alt=\"Le gourmand schiltigheim terrasse IMG_0664\" data-full-url=\"https:\/\/pokaa.fr\/wp-content\/uploads\/2025\/06\/13\/le-gourmand-schiltigheim-terrasse-img-0664.jpeg\" decoding=\"async\" loading=\"lazy\"  \/>            <\/p>\n<p>                <img width=\"375\" height=\"500\" src=\"https:\/\/www.europesays.com\/fr\/wp-content\/uploads\/2025\/06\/le-gourmand-schiltigheim-terrasse-img-0638-375x500.jpeg\" class=\"attachment-gallery size-gallery\" alt=\"Le gourmand schiltigheim terrasse IMG_0638\" data-full-url=\"https:\/\/pokaa.fr\/wp-content\/uploads\/2025\/06\/13\/le-gourmand-schiltigheim-terrasse-img-0638.jpeg\" decoding=\"async\" loading=\"lazy\"  \/>            <\/p>\n<p>                <img width=\"375\" height=\"500\" src=\"https:\/\/www.europesays.com\/fr\/wp-content\/uploads\/2025\/06\/le-gourmand-schiltigheim-terrasse-img-0736-2-375x500.jpeg\" class=\"attachment-gallery size-gallery\" alt=\"Le gourmand schiltigheim terrasse IMG_0736 2\" data-full-url=\"https:\/\/pokaa.fr\/wp-content\/uploads\/2025\/06\/13\/le-gourmand-schiltigheim-terrasse-img-0736-2.jpeg\" decoding=\"async\" loading=\"lazy\"  \/>            <\/p>\n<p>                <img width=\"375\" height=\"500\" src=\"https:\/\/www.europesays.com\/fr\/wp-content\/uploads\/2025\/06\/le-gourmand-schiltigheim-terrasse-img-0779-375x500.jpeg\" class=\"attachment-gallery size-gallery\" alt=\"Le gourmand schiltigheim terrasse IMG_0779\" data-full-url=\"https:\/\/pokaa.fr\/wp-content\/uploads\/2025\/06\/13\/le-gourmand-schiltigheim-terrasse-img-0779.jpeg\" decoding=\"async\" loading=\"lazy\"  \/>            <\/p>\n<p>                <img width=\"375\" height=\"500\" src=\"https:\/\/www.europesays.com\/fr\/wp-content\/uploads\/2025\/06\/le-gourmand-schiltigheim-terrasse-img-0587-375x500.jpeg\" class=\"attachment-gallery size-gallery\" alt=\"Le gourmand schiltigheim terrasse IMG_0587\" data-full-url=\"https:\/\/pokaa.fr\/wp-content\/uploads\/2025\/06\/13\/le-gourmand-schiltigheim-terrasse-img-0587.jpeg\" decoding=\"async\" loading=\"lazy\"  \/>            <\/p>\n<p>                    \u00a9 Bastien Pietronave \/ Pokaa<\/p>\n<p>Des \u00ab Plaisirs Gourmands \u00bb au \u00ab Gourmand \u00bb, la gastronomie au service du bistrot<\/p>\n<p>\u00ab Les Plaisirs Gourmands \u00bb, voil\u00e0 <strong>un nom qui r\u00e9sonne dans la t\u00eate des Alsacien(ne)s<\/strong> depuis bien des ann\u00e9es.<\/p>\n<p><strong>Cr\u00e9\u00e9 par le chef Guillaume Scheer et son \u00e9pouse Charlotte en 2018 \u00e0 Schiltigheim<\/strong>, le restaurant gastronomique <strong>s\u2019\u00e9tait vu remettre une \u00e9toile Michelin en 2021<\/strong>, saluant le travail de l\u2019ancien chef du restaurant \u00ab 1741 \u00bb.<\/p>\n<p><strong>Les Plaisirs Gourmands, aujourd\u2019hui, a d\u00e9m\u00e9nag\u00e9 sur le quai Mullenheim, \u00e0 Strasbourg<\/strong>, en lieu et place de Zuem Ysehuet.<\/p>\n<p>                <img width=\"395\" height=\"500\" src=\"https:\/\/www.europesays.com\/fr\/wp-content\/uploads\/2025\/06\/les-plaisirs-gourmands-capture-decran-guillaume-scheercapture-decran-2025-06-16-a-134512-395x500.png\" class=\"attachment-gallery size-gallery\" alt=\"Les plaisirs gourmands capture d\u2019\u00e9cran guillaume ScheerCapture d\u2019\u00e9cran 2025-06-16 \u00e0 13.45.12\" data-full-url=\"https:\/\/pokaa.fr\/wp-content\/uploads\/2025\/06\/16\/les-plaisirs-gourmands-capture-decran-guillaume-scheercapture-decran-2025-06-16-a-134512.png\" decoding=\"async\" loading=\"lazy\"  \/>            <\/p>\n<p>                <img width=\"697\" height=\"500\" src=\"https:\/\/www.europesays.com\/fr\/wp-content\/uploads\/2025\/06\/les-plaisirs-gourmands-capture-decran-guillaume-scheercapture-decran-2025-06-16-a-134456-697x500.png\" class=\"attachment-gallery size-gallery\" alt=\"Les plaisirs gourmands capture d\u2019\u00e9cran guillaume ScheerCapture d\u2019\u00e9cran 2025-06-16 \u00e0 13.44.56\" data-full-url=\"https:\/\/pokaa.fr\/wp-content\/uploads\/2025\/06\/16\/les-plaisirs-gourmands-capture-decran-guillaume-scheercapture-decran-2025-06-16-a-134456.png\" decoding=\"async\" loading=\"lazy\"  \/>            <\/p>\n<p>                <img width=\"393\" height=\"500\" src=\"https:\/\/www.europesays.com\/fr\/wp-content\/uploads\/2025\/06\/les-plaisirs-gourmands-capture-decran-guillaume-scheercapture-decran-2025-06-16-a-134520-393x500.png\" class=\"attachment-gallery size-gallery\" alt=\"Les plaisirs gourmands capture d\u2019\u00e9cran guillaume ScheerCapture d\u2019\u00e9cran 2025-06-16 \u00e0 13.45.20\" data-full-url=\"https:\/\/pokaa.fr\/wp-content\/uploads\/2025\/06\/16\/les-plaisirs-gourmands-capture-decran-guillaume-scheercapture-decran-2025-06-16-a-134520.png\" decoding=\"async\" loading=\"lazy\"  \/>            <\/p>\n<p>                <img width=\"426\" height=\"500\" src=\"https:\/\/www.europesays.com\/fr\/wp-content\/uploads\/2025\/06\/les-plaisirs-gourmands-capture-decran-guillaume-scheercapture-decran-2025-06-16-a-134533-426x500.png\" class=\"attachment-gallery size-gallery\" alt=\"Les plaisirs gourmands capture d\u2019\u00e9cran guillaume ScheerCapture d\u2019\u00e9cran 2025-06-16 \u00e0 13.45.33\" data-full-url=\"https:\/\/pokaa.fr\/wp-content\/uploads\/2025\/06\/16\/les-plaisirs-gourmands-capture-decran-guillaume-scheercapture-decran-2025-06-16-a-134533.png\" decoding=\"async\" loading=\"lazy\"  \/>            <\/p>\n<p>                <img width=\"427\" height=\"500\" src=\"https:\/\/www.europesays.com\/fr\/wp-content\/uploads\/2025\/06\/les-plaisirs-gourmands-capture-decran-guillaume-scheercapture-decran-2025-06-16-a-134546-427x500.png\" class=\"attachment-gallery size-gallery\" alt=\"Les plaisirs gourmands capture d\u2019\u00e9cran guillaume ScheerCapture d\u2019\u00e9cran 2025-06-16 \u00e0 13.45.46\" data-full-url=\"https:\/\/pokaa.fr\/wp-content\/uploads\/2025\/06\/16\/les-plaisirs-gourmands-capture-decran-guillaume-scheercapture-decran-2025-06-16-a-134546.png\" decoding=\"async\" loading=\"lazy\"  \/>            <\/p>\n<p>                    \u00a9 Les Plaisirs Gourmands \/ Documents remis <\/p>\n<p>\u00c0 Schiltigheim, \u00e0 la place de ce restaurant gastronomique <strong>qui continue donc d\u2019exister<\/strong>, on retrouve \u00ab Le Gourmand \u2013 Bistrot de Plaisirs \u00bb, un second resto en forme de bistrot <strong>imagin\u00e9 par le chef Guillaume Scheer ainsi que son ami et collaborateur Flavien Testart. <\/strong>Maintenant, vous savez tout !<\/p>\n<p>Apr\u00e8s avoir travaill\u00e9 avec le chef Scheer pendant de longues ann\u00e9es, ici m\u00eame \u00e0 Schiltigheim, <strong>celui-ci est d\u00e9sormais chef de cuisine<\/strong>. Il officie aux c\u00f4t\u00e9s de <strong>son second Thomas Fuchs et d\u2019Anthony Longour, le chef de rang.<\/strong><\/p>\n<p>\u00ab\u00a0Avec Flavien, on se conna\u00eet depuis pr\u00e8s de 11 ans, <strong>et il me parle d\u2019ouvrir un bistrot depuis longtemps<\/strong>. Un peu dans l\u2019esprit du Bistrot d\u2019Antoine \u00e0 son ouverture, que je fr\u00e9quentais assid\u00fbment, <strong>on a eu envie de cr\u00e9er un repaire, un lieu plus populaire<\/strong>, qui vit et o\u00f9 l\u2019on entend les verres claquer quand les convives trinquent. Flavien, qui est <strong>\u00e0 la fois le chef et le gestionnaire de ce nouveau bistrot<\/strong>, est plus qu\u2019enthousiaste,<strong> et pour l\u2019instant les premiers clients nous le rendent bien<\/strong>\u00a0\u00bb, nous confie Guillaume Scheer, contact\u00e9 au t\u00e9l\u00e9phone.<\/p>\n<p>                <img width=\"375\" height=\"500\" src=\"https:\/\/www.europesays.com\/fr\/wp-content\/uploads\/2025\/06\/le-gourmand-schiltigheim-terrasse-img-0823-375x500.jpeg\" class=\"attachment-gallery size-gallery\" alt=\"Le gourmand schiltigheim terrasse IMG_0823\" data-full-url=\"https:\/\/pokaa.fr\/wp-content\/uploads\/2025\/06\/13\/le-gourmand-schiltigheim-terrasse-img-0823.jpeg\" decoding=\"async\" loading=\"lazy\"  \/>            <\/p>\n<p>                <img width=\"375\" height=\"500\" src=\"https:\/\/www.europesays.com\/fr\/wp-content\/uploads\/2025\/06\/le-gourmand-schiltigheim-terrasse-img-0671-375x500.jpeg\" class=\"attachment-gallery size-gallery\" alt=\"Le gourmand schiltigheim terrasse IMG_0671\" data-full-url=\"https:\/\/pokaa.fr\/wp-content\/uploads\/2025\/06\/13\/le-gourmand-schiltigheim-terrasse-img-0671.jpeg\" decoding=\"async\" loading=\"lazy\"  \/>            <\/p>\n<p>                <img width=\"375\" height=\"500\" src=\"https:\/\/www.europesays.com\/fr\/wp-content\/uploads\/2025\/06\/le-gourmand-schiltigheim-terrasse-img-0766-375x500.jpeg\" class=\"attachment-gallery size-gallery\" alt=\"Le gourmand schiltigheim terrasse IMG_0766\" data-full-url=\"https:\/\/pokaa.fr\/wp-content\/uploads\/2025\/06\/13\/le-gourmand-schiltigheim-terrasse-img-0766.jpeg\" decoding=\"async\" loading=\"lazy\"  \/>            <\/p>\n<p>                <img width=\"375\" height=\"500\" src=\"https:\/\/www.europesays.com\/fr\/wp-content\/uploads\/2025\/06\/le-gourmand-schiltigheim-terrasse-img-0602-375x500.jpeg\" class=\"attachment-gallery size-gallery\" alt=\"Le gourmand schiltigheim terrasse IMG_0602\" data-full-url=\"https:\/\/pokaa.fr\/wp-content\/uploads\/2025\/06\/13\/le-gourmand-schiltigheim-terrasse-img-0602.jpeg\" decoding=\"async\" loading=\"lazy\"  \/>            <\/p>\n<p>                <img width=\"375\" height=\"500\" src=\"https:\/\/www.europesays.com\/fr\/wp-content\/uploads\/2025\/06\/le-gourmand-schiltigheim-terrasse-img-0764-375x500.jpeg\" class=\"attachment-gallery size-gallery\" alt=\"Le gourmand schiltigheim terrasse IMG_0764\" data-full-url=\"https:\/\/pokaa.fr\/wp-content\/uploads\/2025\/06\/13\/le-gourmand-schiltigheim-terrasse-img-0764.jpeg\" decoding=\"async\" loading=\"lazy\"  \/>            <\/p>\n<p>                    \u00a9 Bastien Pietronave \/ Pokaa<\/p>\n<p>Habitu\u00e9e de la maison depuis des ann\u00e9es, <strong>l\u2019\u00e9quipe perp\u00e9tue en partie l\u2019h\u00e9ritage de Guillaume Scheer<\/strong>, tout en apportant bien s\u00fbr <strong>son identit\u00e9 et son propre coup de pinceau.<\/strong><\/p>\n<p>D\u00e9sormais, Flavien, Thomas et leurs collaborateurs proposent <strong>une cuisine \u00e0 la fois r\u00e9confortante, gourmande, mais aussi plus accessible<\/strong>, qui met l\u2019accent <strong>sur les sauces et les jus.<\/strong><\/p>\n<p>Dans un cadre de gastro au service du bistrot, <strong>c\u2019est le go\u00fbt qui prime<\/strong>, et les saveurs, comme la pr\u00e9sentation, vont droit au but.<strong> C\u2019est l\u2019\u00e9l\u00e9gance dans la simplicit\u00e9.<\/strong><\/p>\n<p>\u00ab\u00a0On a eu envie de revenir <strong>\u00e0 une cuisine de souvenirs<\/strong>, avec de beaux produits bien travaill\u00e9s <strong>comme les pr\u00e9paraient nos grands-m\u00e8res<\/strong>. <strong>Chaque plat a sa sauce<\/strong>, bien nette et gorg\u00e9e de saveurs, et on met un point d\u2019honneur \u00e0 trouver <strong>la juste cuisson pour chaque produit<\/strong>. Bien s\u00fbr, <strong>tout est fait maison<\/strong>, m\u00eame le pain et les glaces, on souhaite garder une ma\u00eetrise de chaque \u00e9l\u00e9ment <strong>pour que les gens se fassent plaisir<\/strong> et saucent g\u00e9n\u00e9reusement leur assiette en fin de repas. En fait, on propose <strong>une cuisine qui fait le lien entre Les Plaisirs Gourmands, et le bistrot d\u2019aujourd\u2019hui<\/strong> \u00bb, expliquent Flavien Testart et Anthony Longour, juste avant le d\u00e9but du service.<\/p>\n<p>                <img width=\"375\" height=\"500\" src=\"https:\/\/www.europesays.com\/fr\/wp-content\/uploads\/2025\/06\/le-gourmand-schiltigheim-terrasse-img-0804-375x500.jpeg\" class=\"attachment-gallery size-gallery\" alt=\"Le gourmand schiltigheim terrasse IMG_0804\" data-full-url=\"https:\/\/pokaa.fr\/wp-content\/uploads\/2025\/06\/13\/le-gourmand-schiltigheim-terrasse-img-0804.jpeg\" decoding=\"async\" loading=\"lazy\"  \/>            <\/p>\n<p>                <img width=\"375\" height=\"500\" src=\"https:\/\/www.europesays.com\/fr\/wp-content\/uploads\/2025\/06\/le-gourmand-schiltigheim-terrasse-img-0841-375x500.jpeg\" class=\"attachment-gallery size-gallery\" alt=\"Le gourmand schiltigheim terrasse IMG_0841\" data-full-url=\"https:\/\/pokaa.fr\/wp-content\/uploads\/2025\/06\/13\/le-gourmand-schiltigheim-terrasse-img-0841.jpeg\" decoding=\"async\" loading=\"lazy\"  \/>            <\/p>\n<p>                <img width=\"375\" height=\"500\" src=\"https:\/\/www.europesays.com\/fr\/wp-content\/uploads\/2025\/06\/le-gourmand-schiltigheim-terrasse-img-0851-375x500.jpeg\" class=\"attachment-gallery size-gallery\" alt=\"Le gourmand schiltigheim terrasse IMG_0851\" data-full-url=\"https:\/\/pokaa.fr\/wp-content\/uploads\/2025\/06\/13\/le-gourmand-schiltigheim-terrasse-img-0851.jpeg\" decoding=\"async\" loading=\"lazy\"  \/>            <\/p>\n<p>                <img width=\"667\" height=\"500\" src=\"https:\/\/www.europesays.com\/fr\/wp-content\/uploads\/2025\/06\/le-gourmand-schiltigheim-terrasse-img-0788-667x500.jpeg\" class=\"attachment-gallery size-gallery\" alt=\"Le gourmand schiltigheim terrasse IMG_0788\" data-full-url=\"https:\/\/pokaa.fr\/wp-content\/uploads\/2025\/06\/13\/le-gourmand-schiltigheim-terrasse-img-0788.jpeg\" decoding=\"async\" loading=\"lazy\"  \/>            <\/p>\n<p>                    \u00a9 Bastien Pietronave \/ Pokaa<\/p>\n<p>Une cuisine fine et franche, dans un cadre exceptionnel <\/p>\n<p><strong>Foie gras de canard marin\u00e9 au pinot blanc ou p\u00e2t\u00e9 en cro\u00fbte maison<\/strong> ; saumon gravlax fum\u00e9 sur place ; filet de b\u0153uf sauce b\u00e9arnaise ou ciboulette ; <strong>bar \u00e0 la sauce hollandaise et beurre noisette<\/strong> ; lieu jaune et <strong>sauce au laurier<\/strong> ou encore entrec\u00f4te d\u2019une parfaite tendret\u00e9 : la ma\u00eetrise de chaque \u00e9l\u00e9ment n\u2019est pas simplement un effet d\u2019annonce.<\/p>\n<p>Pour avoir la chance de tout go\u00fbter, <strong>la cuisine a eu la bonne id\u00e9e de nous envoyer les plats en petites portions<\/strong>, hors entr\u00e9es et desserts qui \u00e9taient servis en portion habituelle.<\/p>\n<p>Le r\u00e9sultat ? <strong>Une attention particuli\u00e8re est port\u00e9e \u00e0 chaque d\u00e9tail<\/strong>, et les go\u00fbts sont justes et pr\u00e9cis. Les sauces sont puissantes, vraiment \u00e9tonnantes comme celles au laurier ou \u00e0 l\u2019ail, <strong>et le palais est constamment r\u00e9veill\u00e9.<\/strong><\/p>\n<p>                <img width=\"375\" height=\"500\" src=\"https:\/\/www.europesays.com\/fr\/wp-content\/uploads\/2025\/06\/le-gourmand-schiltigheim-terrasse-img-0836-375x500.jpeg\" class=\"attachment-gallery size-gallery\" alt=\"Le gourmand schiltigheim terrasse IMG_0836\" data-full-url=\"https:\/\/pokaa.fr\/wp-content\/uploads\/2025\/06\/13\/le-gourmand-schiltigheim-terrasse-img-0836.jpeg\" decoding=\"async\" loading=\"lazy\"  \/>            <\/p>\n<p>                <img width=\"375\" height=\"500\" src=\"https:\/\/www.europesays.com\/fr\/wp-content\/uploads\/2025\/06\/le-gourmand-schiltigheim-terrasse-img-0847-375x500.jpeg\" class=\"attachment-gallery size-gallery\" alt=\"Le gourmand schiltigheim terrasse IMG_0847\" data-full-url=\"https:\/\/pokaa.fr\/wp-content\/uploads\/2025\/06\/13\/le-gourmand-schiltigheim-terrasse-img-0847.jpeg\" decoding=\"async\" loading=\"lazy\"  \/>            <\/p>\n<p>                <img width=\"375\" height=\"500\" src=\"https:\/\/www.europesays.com\/fr\/wp-content\/uploads\/2025\/06\/le-gourmand-schiltigheim-terrasse-img-0735-375x500.jpeg\" class=\"attachment-gallery size-gallery\" alt=\"Le gourmand schiltigheim terrasse IMG_0735\" data-full-url=\"https:\/\/pokaa.fr\/wp-content\/uploads\/2025\/06\/13\/le-gourmand-schiltigheim-terrasse-img-0735.jpeg\" decoding=\"async\" loading=\"lazy\"  \/>            <\/p>\n<p>                <img width=\"375\" height=\"500\" src=\"https:\/\/www.europesays.com\/fr\/wp-content\/uploads\/2025\/06\/le-gourmand-schiltigheim-terrasse-img-0772-375x500.jpeg\" class=\"attachment-gallery size-gallery\" alt=\"Le gourmand schiltigheim terrasse IMG_0772\" data-full-url=\"https:\/\/pokaa.fr\/wp-content\/uploads\/2025\/06\/13\/le-gourmand-schiltigheim-terrasse-img-0772.jpeg\" decoding=\"async\" loading=\"lazy\"  \/>            <\/p>\n<p>                <img width=\"375\" height=\"500\" src=\"https:\/\/www.europesays.com\/fr\/wp-content\/uploads\/2025\/06\/le-gourmand-schiltigheim-terrasse-img-0700-375x500.jpeg\" class=\"attachment-gallery size-gallery\" alt=\"Le gourmand schiltigheim terrasse IMG_0700\" data-full-url=\"https:\/\/pokaa.fr\/wp-content\/uploads\/2025\/06\/13\/le-gourmand-schiltigheim-terrasse-img-0700.jpeg\" decoding=\"async\" loading=\"lazy\"  \/>            <\/p>\n<p>                    \u00a9 Bastien Pietronave \/ Pokaa<\/p>\n<p>En fait,<strong> la cuisine du Gourmand est bien plus subtile qu\u2019elle en a l\u2019air<\/strong>, et la complexit\u00e9 des saveurs ne se d\u00e9couvre, \u00e9videmment, qu\u2019une fois que le coup de fourchette est donn\u00e9. Et si le go\u00fbt et le plaisir sont primordiaux, <strong>la notion de prix l\u2019est tout autant.<\/strong><\/p>\n<p><strong>Pour le menu de la semaine<\/strong> (samedi compris), comptez <strong>28 \u20ac pour la totale<\/strong> (entr\u00e9e + plat + dessert).<\/p>\n<p>Pour les plats \u00e0 la carte, en ce moment,<strong> comptez entre 18 et 33 \u20ac<\/strong>, les entr\u00e9es sont quant \u00e0 elles <strong>entre 11 et 19 \u20ac<\/strong>, et les desserts aux alentours de 8 \u20ac, <strong>un rapport qualit\u00e9-prix vraiment tr\u00e8s bon<\/strong>, surtout dans ce genre de cadre.<\/p>\n<p>Parlons-en, justement, <strong>de ce cadre.<\/strong><\/p>\n<p>                <img width=\"375\" height=\"500\" src=\"https:\/\/www.europesays.com\/fr\/wp-content\/uploads\/2025\/06\/le-gourmand-schiltigheim-terrasse-img-0693-3-375x500.jpeg\" class=\"attachment-gallery size-gallery\" alt=\"Le gourmand schiltigheim terrasse IMG_0693 3\" data-full-url=\"https:\/\/pokaa.fr\/wp-content\/uploads\/2025\/06\/13\/le-gourmand-schiltigheim-terrasse-img-0693-3.jpeg\" decoding=\"async\" loading=\"lazy\"  \/>            <\/p>\n<p>                <img width=\"375\" height=\"500\" src=\"https:\/\/www.europesays.com\/fr\/wp-content\/uploads\/2025\/06\/le-gourmand-schiltigheim-terrasse-img-0626-2-375x500.jpeg\" class=\"attachment-gallery size-gallery\" alt=\"Le gourmand schiltigheim terrasse IMG_0626 2\" data-full-url=\"https:\/\/pokaa.fr\/wp-content\/uploads\/2025\/06\/13\/le-gourmand-schiltigheim-terrasse-img-0626-2.jpeg\" decoding=\"async\" loading=\"lazy\"  \/>            <\/p>\n<p>                <img width=\"375\" height=\"500\" src=\"https:\/\/www.europesays.com\/fr\/wp-content\/uploads\/2025\/06\/le-gourmand-schiltigheim-terrasse-img-0645-2-375x500.jpeg\" class=\"attachment-gallery size-gallery\" alt=\"Le gourmand schiltigheim terrasse IMG_0645 2\" data-full-url=\"https:\/\/pokaa.fr\/wp-content\/uploads\/2025\/06\/13\/le-gourmand-schiltigheim-terrasse-img-0645-2.jpeg\" decoding=\"async\" loading=\"lazy\"  \/>            <\/p>\n<p>                <img width=\"375\" height=\"500\" src=\"https:\/\/www.europesays.com\/fr\/wp-content\/uploads\/2025\/06\/le-gourmand-schiltigheim-terrasse-img-0652-375x500.jpeg\" class=\"attachment-gallery size-gallery\" alt=\"Le gourmand schiltigheim terrasse IMG_0652\" data-full-url=\"https:\/\/pokaa.fr\/wp-content\/uploads\/2025\/06\/13\/le-gourmand-schiltigheim-terrasse-img-0652.jpeg\" decoding=\"async\" loading=\"lazy\"  \/>            <\/p>\n<p>                <img width=\"375\" height=\"500\" src=\"https:\/\/www.europesays.com\/fr\/wp-content\/uploads\/2025\/06\/le-gourmand-schiltigheim-terrasse-img-0595-375x500.jpeg\" class=\"attachment-gallery size-gallery\" alt=\"Le gourmand schiltigheim terrasse IMG_0595\" data-full-url=\"https:\/\/pokaa.fr\/wp-content\/uploads\/2025\/06\/13\/le-gourmand-schiltigheim-terrasse-img-0595.jpeg\" decoding=\"async\" loading=\"lazy\"  \/>            <\/p>\n<p>                    \u00a9 Bastien Pietronave \/ Pokaa<\/p>\n<p>\u00c0 l\u2019int\u00e9rieur, dans les deux salles du restaurant, on est dans un petit cocon violac\u00e9,<strong> confortablement molletonn\u00e9 et entour\u00e9 de jolies mati\u00e8res.<\/strong> On y est \u00e9videmment tr\u00e8s bien install\u00e9.<\/p>\n<p>Mais ce qui fait la diff\u00e9rence \u00e0 l\u2019arriv\u00e9e de l\u2019\u00e9t\u00e9, c\u2019est <strong>cette immense terrasse d\u2019une cinquantaine de couverts.<\/strong> Install\u00e9(e)s \u00e0 l\u2019ombre de figuiers et d\u2019un joli cerisier du Japon, on est attabl\u00e9(e)s <strong>dans l\u2019une des plus belles terrasses du coin<\/strong>, tout simplement.<\/p>\n<p>Ce jour-l\u00e0, \u00e0 midi, des familles, des coll\u00e8gues, des ami(e)s et des couples profitaient \u00e0 leur mani\u00e8re de ce lieu qui s\u2019est, il faut le dire, <strong>un peu d\u00e9coinc\u00e9, pour que les Alsacien(ne)s puissent vraiment se l\u2019approprier et y trouver leurs habitudes.<\/strong><\/p>\n<p>                <img width=\"375\" height=\"500\" src=\"https:\/\/www.europesays.com\/fr\/wp-content\/uploads\/2025\/06\/le-gourmand-schiltigheim-terrasse-img-0859-375x500.jpeg\" class=\"attachment-gallery size-gallery\" alt=\"Le gourmand schiltigheim terrasse IMG_0859\" data-full-url=\"https:\/\/pokaa.fr\/wp-content\/uploads\/2025\/06\/13\/le-gourmand-schiltigheim-terrasse-img-0859.jpeg\" decoding=\"async\" loading=\"lazy\"  \/>            <\/p>\n<p>                <img width=\"375\" height=\"500\" src=\"https:\/\/www.europesays.com\/fr\/wp-content\/uploads\/2025\/06\/le-gourmand-schiltigheim-terrasse-img-0815-2-375x500.jpeg\" class=\"attachment-gallery size-gallery\" alt=\"Le gourmand schiltigheim terrasse IMG_0815 2\" data-full-url=\"https:\/\/pokaa.fr\/wp-content\/uploads\/2025\/06\/13\/le-gourmand-schiltigheim-terrasse-img-0815-2.jpeg\" decoding=\"async\" loading=\"lazy\"  \/>            <\/p>\n<p>                <img width=\"375\" height=\"500\" src=\"https:\/\/www.europesays.com\/fr\/wp-content\/uploads\/2025\/06\/le-gourmand-schiltigheim-terrasse-img-0747-375x500.jpeg\" class=\"attachment-gallery size-gallery\" alt=\"Le gourmand schiltigheim terrasse IMG_0747\" data-full-url=\"https:\/\/pokaa.fr\/wp-content\/uploads\/2025\/06\/13\/le-gourmand-schiltigheim-terrasse-img-0747.jpeg\" decoding=\"async\" loading=\"lazy\"  \/>            <\/p>\n<p>                <img width=\"667\" height=\"500\" src=\"https:\/\/www.europesays.com\/fr\/wp-content\/uploads\/2025\/06\/le-gourmand-schiltigheim-terrasse-img-0691-667x500.jpeg\" class=\"attachment-gallery size-gallery\" alt=\"Le gourmand schiltigheim terrasse IMG_0691\" data-full-url=\"https:\/\/pokaa.fr\/wp-content\/uploads\/2025\/06\/13\/le-gourmand-schiltigheim-terrasse-img-0691.jpeg\" decoding=\"async\" loading=\"lazy\"  \/>            <\/p>\n<p>                    \u00a9 Bastien Pietronave \/ Pokaa<\/p>\n<p>Au final, <strong>le service est tr\u00e8s pro et pas guind\u00e9 pour un sou<\/strong>, les plats que l\u2019on a pu d\u00e9guster nous ont dorlot\u00e9 le palais, <strong>le cadre est exceptionnel,<\/strong> et en plus de \u00e7a, on n\u2019a pas besoin de se ruiner, pour nous, <strong>c\u2019est un grand OUI.\u00a0<\/strong><\/p>\n<p>Les petits et les gros + <\/p>\n<ul>\n<li><strong>Le rapport qualit\u00e9-prix est vraiment excellent.<\/strong><\/li>\n<li><strong>Le cadre est dingue et la terrasse est au frais, \u00e0 l\u2019ombre, c\u2019est parfait.<\/strong><\/li>\n<li><strong>Le menu du midi \u00e0 28 \u20ac (samedi compris) est d\u00e9j\u00e0 tr\u00e8s recherch\u00e9.<\/strong><\/li>\n<li>Tout est pens\u00e9 dans le d\u00e9tail, les saveurs des plats, mais aussi la vaisselle et tout ce qui touche \u00e0 l\u2019art de la table.<\/li>\n<li>Une belle s\u00e9lection de sans alcool, vins compris, est propos\u00e9e. D\u2019ailleurs, des accords avec ou sans alcool sont \u00e0 la carte.<\/li>\n<li><strong>On aime beaucoup cette approche du bistrot moderne, simple et soign\u00e9. Les deux mondes (du gastro et du bistrot) se m\u00e9langent parfaitement selon nous.<\/strong><\/li>\n<\/ul>\n<p>            Le Gourmand &#8211; Bistrot de Plaisirs <\/p>\n<p>            Quoi ?<br \/>\n            Restaurant fran\u00e7ais &#8211; bistrot moderne         <\/p>\n<p>            o\u00f9 ?<br \/>\n            35 route du G\u00e9n\u00e9ral-de-Gaulle, \u00e0 Schiltigheim        <\/p>\n<p>                Plus d&rsquo;infos ?<\/p>\n<p><strong><a href=\"https:\/\/www.google.com\/url?sa=t&amp;source=web&amp;rct=j&amp;opi=89978449&amp;url=https:\/\/les-plaisirs-gourmands.com\/&amp;ved=2ahUKEwjM6sbB7PWNAxWJcKQEHVwYDRkQFnoECBkQAQ&amp;usg=AOvVaw3LVTDynFWg8okE_RIOAf62\" target=\"_blank\" rel=\"noopener\">Le site web<\/a><\/strong><\/p>\n<p><strong><a href=\"https:\/\/www.instagram.com\/gourmand_restaurant\/\" target=\"_blank\" rel=\"noopener\">La page Instagram<\/a><\/strong><\/p>\n<p>T\u00e9l : 03 88 97 57 28<\/p>\n<p>                <img width=\"375\" height=\"500\" src=\"https:\/\/www.europesays.com\/fr\/wp-content\/uploads\/2025\/06\/le-gourmand-schiltigheim-terrasse-img-0840-375x500.jpeg\" class=\"attachment-gallery size-gallery\" alt=\"Le gourmand schiltigheim terrasse IMG_0840\" data-full-url=\"https:\/\/pokaa.fr\/wp-content\/uploads\/2025\/06\/13\/le-gourmand-schiltigheim-terrasse-img-0840.jpeg\" decoding=\"async\" loading=\"lazy\"  \/>            <\/p>\n<p>                <img width=\"375\" height=\"500\" src=\"https:\/\/www.europesays.com\/fr\/wp-content\/uploads\/2025\/06\/le-gourmand-schiltigheim-terrasse-img-0610-2-375x500.jpeg\" class=\"attachment-gallery size-gallery\" alt=\"Le gourmand schiltigheim terrasse IMG_0610 2\" data-full-url=\"https:\/\/pokaa.fr\/wp-content\/uploads\/2025\/06\/13\/le-gourmand-schiltigheim-terrasse-img-0610-2.jpeg\" decoding=\"async\" loading=\"lazy\"  \/>            <\/p>\n<p>                <img width=\"375\" height=\"500\" src=\"https:\/\/www.europesays.com\/fr\/wp-content\/uploads\/2025\/06\/le-gourmand-schiltigheim-terrasse-img-0709-375x500.jpeg\" class=\"attachment-gallery size-gallery\" alt=\"Le gourmand schiltigheim terrasse IMG_0709\" data-full-url=\"https:\/\/pokaa.fr\/wp-content\/uploads\/2025\/06\/13\/le-gourmand-schiltigheim-terrasse-img-0709.jpeg\" decoding=\"async\" loading=\"lazy\"  \/>            <\/p>\n<p>                <img width=\"375\" height=\"500\" src=\"https:\/\/www.europesays.com\/fr\/wp-content\/uploads\/2025\/06\/le-gourmand-schiltigheim-terrasse-img-0734-2-375x500.jpeg\" class=\"attachment-gallery size-gallery\" alt=\"Le gourmand schiltigheim terrasse IMG_0734 2\" data-full-url=\"https:\/\/pokaa.fr\/wp-content\/uploads\/2025\/06\/13\/le-gourmand-schiltigheim-terrasse-img-0734-2.jpeg\" decoding=\"async\" loading=\"lazy\"  \/>            <\/p>\n<p>                    \u00a9 Bastien Pietronave \/ Pokaa<\/p>\n<p><script async src=\"\/\/www.instagram.com\/embed.js\"><\/script><\/p>\n","protected":false},"excerpt":{"rendered":"Alors que la chaleur s\u2019installe en Alsace, on vous embarque avec nous \u00e0 Schiltigheim, au 35 route du&hellip;\n","protected":false},"author":2,"featured_media":182308,"comment_status":"","ping_status":"","sticky":false,"template":"","format":"standard","meta":{"footnotes":""},"categories":[2820],"tags":[1111,11,1777,674,1011,27,32018,775,32019,32020,12,25,640],"class_list":{"0":"post-182307","1":"post","2":"type-post","3":"status-publish","4":"format-standard","5":"has-post-thumbnail","7":"category-strasbourg","8":"tag-actu","9":"tag-actualites","10":"tag-eu","11":"tag-europe","12":"tag-fr","13":"tag-france","14":"tag-gourmand-bistrot-de-plaisirs","15":"tag-grand-est","16":"tag-guillaume-scheer","17":"tag-les-plaisirs-gourmands","18":"tag-news","19":"tag-republique-francaise","20":"tag-strasbourg"},"share_on_mastodon":{"url":"https:\/\/pubeurope.com\/@fr\/114696410517688977","error":""},"_links":{"self":[{"href":"https:\/\/www.europesays.com\/fr\/wp-json\/wp\/v2\/posts\/182307","targetHints":{"allow":["GET"]}}],"collection":[{"href":"https:\/\/www.europesays.com\/fr\/wp-json\/wp\/v2\/posts"}],"about":[{"href":"https:\/\/www.europesays.com\/fr\/wp-json\/wp\/v2\/types\/post"}],"author":[{"embeddable":true,"href":"https:\/\/www.europesays.com\/fr\/wp-json\/wp\/v2\/users\/2"}],"replies":[{"embeddable":true,"href":"https:\/\/www.europesays.com\/fr\/wp-json\/wp\/v2\/comments?post=182307"}],"version-history":[{"count":0,"href":"https:\/\/www.europesays.com\/fr\/wp-json\/wp\/v2\/posts\/182307\/revisions"}],"wp:featuredmedia":[{"embeddable":true,"href":"https:\/\/www.europesays.com\/fr\/wp-json\/wp\/v2\/media\/182308"}],"wp:attachment":[{"href":"https:\/\/www.europesays.com\/fr\/wp-json\/wp\/v2\/media?parent=182307"}],"wp:term":[{"taxonomy":"category","embeddable":true,"href":"https:\/\/www.europesays.com\/fr\/wp-json\/wp\/v2\/categories?post=182307"},{"taxonomy":"post_tag","embeddable":true,"href":"https:\/\/www.europesays.com\/fr\/wp-json\/wp\/v2\/tags?post=182307"}],"curies":[{"name":"wp","href":"https:\/\/api.w.org\/{rel}","templated":true}]}}