{"id":182317,"date":"2025-06-17T02:48:12","date_gmt":"2025-06-17T02:48:12","guid":{"rendered":"https:\/\/www.europesays.com\/fr\/182317\/"},"modified":"2025-06-17T02:48:12","modified_gmt":"2025-06-17T02:48:12","slug":"un-ex-medecin-de-bordeaux-poursuivi-pour-avoir-prescrit-des-traitements-interdits-quil-a-lui-meme-elabores","status":"publish","type":"post","link":"https:\/\/www.europesays.com\/fr\/182317\/","title":{"rendered":"Un ex-m\u00e9decin de Bordeaux poursuivi pour avoir prescrit des traitements interdits qu\u2019il a lui-m\u00eame \u00e9labor\u00e9s"},"content":{"rendered":"<p>            Par<br \/>\n        <strong><br \/>\n            <a href=\"https:\/\/actu.fr\/auteur\/redaction-bordeaux\" title=\"Consulter tous les articles de R\u00e9daction Bordeaux\" target=\"_blank\" rel=\"noopener\">R\u00e9daction Bordeaux<\/a><br \/>\n        <\/strong><\/p>\n<p>        Publi\u00e9 le<\/p>\n<p>            16 juin 2025 \u00e0 18h31        <\/p>\n<p>Un m\u00e9decin bordelais <strong>radi\u00e9 depuis 2017,<\/strong> est sur le banc des accus\u00e9s au tribunal correctionnel de Paris. On lui reproche d\u2019avoir mis en place un <strong>syst\u00e8me de soins non autoris\u00e9 <\/strong>et fait prescrire des m\u00e9dicaments qu\u2019il a \u00e9labor\u00e9s pour traiter des maladies neurod\u00e9g\u00e9n\u00e9ratives comme la maladie de Charcot, expliquent nos confr\u00e8res de <a href=\"https:\/\/www.sudouest.fr\/justice\/un-ancien-medecin-bordelais-poursuivi-pour-avoir-dispense-des-traitements-non-autorises-contre-des-maladies-incurables-24842915.php?fbclid=IwY2xjawK8_sJleHRuA2FlbQIxMABicmlkETBRWkl4enR4TEl5WThXMkdOAR4OKzUlu_O2wd87YmOLSnZShb-GWmZVK7JYoOcJ8pUjNEDFP-7FKuDE2l41rg_aem_duZ16v7Gk5Pb6WFzOPtd0A\" target=\"_blank\" rel=\"noopener\">Sud Ouest.<\/a> Le proc\u00e8s s\u2019ouvre ce mardi 17\u00a0juin 2025 et durera deux semaines.<\/p>\n<p class=\" wall-content\">Il n\u2019est pas le seul en cause\u2009: le m\u00e9decin est jug\u00e9 en m\u00eame temps que son \u00e9pouse, un homme d\u2019affaires, un g\u00e9n\u00e9raliste bayonnais, une association et une start-up. Ils doivent r\u00e9pondre de<b> <\/b>pratiques commerciales trompeuses, <strong>exercice ill\u00e9gal de la m\u00e9decine,<\/strong> distribution d\u2019un m\u00e9dicament non autoris\u00e9\u2026<\/p>\n<p>Interpell\u00e9 en 2019<\/p>\n<p class=\" wall-content\">Pour rappel, en 2019 les policiers de l\u2019Office central de lutte contre les atteintes \u00e0 l\u2019environnement et \u00e0 la sant\u00e9 publique (OCLAESP) <a href=\"https:\/\/actu.fr\/nouvelle-aquitaine\/bordeaux_33063\/gironde-trafic-medicaments-demantale_27616613.html\" target=\"_blank\" rel=\"noopener\">avaient interpell\u00e9 l\u2019ancien m\u00e9decin et trois autres personnes<\/a>\u00a0au terme d\u2019une enqu\u00eate de six mois lanc\u00e9e par des\u00a0<strong>plaintes\u00a0d\u00e9pos\u00e9es par des employ\u00e9s du laboratoire girondin.<\/strong><\/p>\n<p class=\" wall-content\">L\u2019ancien m\u00e9decin \u00e9tait un chercheur renomm\u00e9 \u00e0 l\u2019Inserm de Bordeaux dans les ann\u00e9es 1990. \u00c0 l\u2019\u00e9poque, il <strong>pense d\u00e9couvrir un m\u00e9dicament<\/strong> pour traiter ces maladies neurod\u00e9g\u00e9n\u00e9ratives. Sa m\u00e9thode repose sur les \u00ab\u2009polycomplexes\u2009\u00bb, des mol\u00e9cules qui neutraliseraient les antig\u00e8nes qu\u2019il estime responsables.<\/p>\n<p class=\" wall-content\">Cependant, ces traitements sont \u00e9labor\u00e9s <strong>sans validation scientifique ni agr\u00e9ment.<\/strong> Il a \u00e9t\u00e9 suspendu une premi\u00e8re fois en 1995 alors qu\u2019il prescrit une de ses inventions \u00e0 un malade et condamn\u00e9 \u00e0 payer 8\u2009000\u00a0francs. Vingt ans plus tard, en 2017, le Conseil de l\u2019ordre des m\u00e9decins <strong>le radie d\u00e9finitivement<\/strong> pour des pratiques similaires.<\/p>\n<p>Vid\u00e9os : en ce moment sur ActuDes centaines de patients impact\u00e9s<\/p>\n<p class=\" wall-content\">Il ne se serait pas arr\u00eat\u00e9 l\u00e0. L\u2019ancien m\u00e9decin aurait alors continu\u00e9 \u00e0 <strong>traiter des patients par centaines<\/strong> \u2013 et via des pr\u00eate-noms. Les bilans sanguins \u00e9taient factur\u00e9s entre 150 et 400\u00a0euros par des structures qui n\u2019y \u00e9taient pas habilit\u00e9es. Les traitements \u00e9taient fabriqu\u00e9s sans agr\u00e9ments et non conformes aux r\u00e8gles europ\u00e9ennes <a href=\"https:\/\/actu.fr\/nouvelle-aquitaine\/saint-jean-d-illac_33422\" target=\"_blank\" rel=\"noopener\">dans le laboratoire de Saint-Jean-d\u2019Illac<\/a> et assembl\u00e9s \u00e0 Milan. La juge d\u2019instruction d\u00e9nonce un dispositif qui <strong>visait des personnes vuln\u00e9rables.<\/strong><\/p>\n<p class=\" wall-content\">Pour la d\u00e9fense, le docteur a agi <strong>par compassion<\/strong> face \u00e0 l\u2019absence de solutions pour ces pathologies. \u00ab\u2009Il ne s\u2019est pas enrichi et n\u2019a pas mis la vie des malades en danger\u2009\u00bb, a pr\u00e9cis\u00e9 son avocat \u00e0 Sud Ouest. Aucun patient ne s\u2019est constitu\u00e9 partie civile.<\/p>\n<p class=\" wall-content\">Suivez toute l\u2019actualit\u00e9 de vos villes et m\u00e9dias favoris en vous inscrivant \u00e0 <a href=\"https:\/\/moncompte.actu.fr\" title=\"D\u00e9couvez Mon Actu\" rel=\"nofollow noopener\" data-trk=\"{&quot;cta&quot;:{&quot;action&quot;:&quot;https:\\\/\\\/moncompte.actu.fr&quot;,&quot;category&quot;:&quot;mon compte&quot;,&quot;from&quot;:&quot;article footer&quot;,&quot;name&quot;:&quot;Mon actu&quot;,&quot;type&quot;:&quot;cta&quot;}}\" target=\"_blank\">Mon Actu<\/a>.<\/p>\n","protected":false},"excerpt":{"rendered":"Par R\u00e9daction Bordeaux Publi\u00e9 le 16 juin 2025 \u00e0 18h31 Un m\u00e9decin bordelais radi\u00e9 depuis 2017, est sur&hellip;\n","protected":false},"author":2,"featured_media":182318,"comment_status":"","ping_status":"","sticky":false,"template":"","format":"standard","meta":{"footnotes":""},"categories":[2817],"tags":[1111,11,1997,1777,674,1011,27,303,2673,12,2219,25,71,104],"class_list":{"0":"post-182317","1":"post","2":"type-post","3":"status-publish","4":"format-standard","5":"has-post-thumbnail","7":"category-bordeaux","8":"tag-actu","9":"tag-actualites","10":"tag-bordeaux","11":"tag-eu","12":"tag-europe","13":"tag-fr","14":"tag-france","15":"tag-justice","16":"tag-medecins","17":"tag-news","18":"tag-nouvelle-aquitaine","19":"tag-republique-francaise","20":"tag-sante","21":"tag-societe"},"share_on_mastodon":{"url":"https:\/\/pubeurope.com\/@fr\/114696428161312827","error":""},"_links":{"self":[{"href":"https:\/\/www.europesays.com\/fr\/wp-json\/wp\/v2\/posts\/182317","targetHints":{"allow":["GET"]}}],"collection":[{"href":"https:\/\/www.europesays.com\/fr\/wp-json\/wp\/v2\/posts"}],"about":[{"href":"https:\/\/www.europesays.com\/fr\/wp-json\/wp\/v2\/types\/post"}],"author":[{"embeddable":true,"href":"https:\/\/www.europesays.com\/fr\/wp-json\/wp\/v2\/users\/2"}],"replies":[{"embeddable":true,"href":"https:\/\/www.europesays.com\/fr\/wp-json\/wp\/v2\/comments?post=182317"}],"version-history":[{"count":0,"href":"https:\/\/www.europesays.com\/fr\/wp-json\/wp\/v2\/posts\/182317\/revisions"}],"wp:featuredmedia":[{"embeddable":true,"href":"https:\/\/www.europesays.com\/fr\/wp-json\/wp\/v2\/media\/182318"}],"wp:attachment":[{"href":"https:\/\/www.europesays.com\/fr\/wp-json\/wp\/v2\/media?parent=182317"}],"wp:term":[{"taxonomy":"category","embeddable":true,"href":"https:\/\/www.europesays.com\/fr\/wp-json\/wp\/v2\/categories?post=182317"},{"taxonomy":"post_tag","embeddable":true,"href":"https:\/\/www.europesays.com\/fr\/wp-json\/wp\/v2\/tags?post=182317"}],"curies":[{"name":"wp","href":"https:\/\/api.w.org\/{rel}","templated":true}]}}