{"id":182321,"date":"2025-06-17T02:50:15","date_gmt":"2025-06-17T02:50:15","guid":{"rendered":"https:\/\/www.europesays.com\/fr\/182321\/"},"modified":"2025-06-17T02:50:15","modified_gmt":"2025-06-17T02:50:15","slug":"toulouse-il-va-falloir-que-je-me-reconstruise-temoigne-le-patron-de-tisseo-soulage-apres-sa-relaxe","status":"publish","type":"post","link":"https:\/\/www.europesays.com\/fr\/182321\/","title":{"rendered":"Toulouse. \u00ab\u00a0Il va falloir que je me reconstruise\u2009\u00a0\u00bb, t\u00e9moigne le patron de Tiss\u00e9o, soulag\u00e9 apr\u00e8s sa relaxe"},"content":{"rendered":"<p>            Par<br \/>\n        <strong><br \/>\n            <a href=\"https:\/\/actu.fr\/auteur\/mareva-laville-actu-fr\" title=\"Consulter tous les articles de Mar\u00e9va Laville\" rel=\"nofollow noopener\" target=\"_blank\">Mar\u00e9va Laville<\/a><br \/>\n        <\/strong><\/p>\n<p>        Publi\u00e9 le<\/p>\n<p>            16 juin 2025 \u00e0 16h36        <\/p>\n<p>L\u2019\u00e9motion \u00e9tait immense pour<strong> Jean-Michel Lattes, pr\u00e9sident de Tiss\u00e9o<\/strong> et adjoint au maire de <a href=\"http:\/\/www.actu.fr\/toulouse\" rel=\"nofollow noopener\" target=\"_blank\">Toulouse<\/a>, \u00e0 la sortie d\u2019une nouvelle audience dans le cadre du<strong> proc\u00e8s de <a href=\"https:\/\/actu.fr\/tag\/tisseo\" rel=\"nofollow noopener\" target=\"_blank\">Tiss\u00e9o<\/a> pour favoritisme.<\/strong> Ce lundi 16\u00a0juin 2025,<a href=\"https:\/\/actu.fr\/occitanie\/toulouse_31555\/toulouse-proces-de-tisseo-juge-pour-favoritisme-jean-michel-lattes-relaxe-d-autres-condamnes_62777303.html\" rel=\"nofollow noopener\" target=\"_blank\"> le tribunal correctionnel de Toulouse a rendu son verdict<\/a>, condamnant notamment le r\u00e9seau de transports en commun toulousain \u00e0 <strong>200\u2009000\u00a0euros d\u2019amende<\/strong> pour <strong>favoritisme<\/strong>. Mais Jean-Michel Lattes, le patron des transports en commun dans l\u2019agglom\u00e9ration, a lui, \u00e9t\u00e9 <strong>relax\u00e9<\/strong>. Un immense soulagement qu\u2019il a partag\u00e9 \u00e0 Actu Toulouse.<\/p>\n<p>Une premi\u00e8re devant un tribunal<\/p>\n<p class=\" wall-content\">\u00ab\u2009Une grande chance\u2009\u00bb, a-t-il exprim\u00e9 aux micros des journalistes en sortie d\u2019audience. Depuis le d\u00e9but de l\u2019affaire, celui qui avait notamment pr\u00e9venu le parquet des soup\u00e7ons de la Chambre r\u00e9gionale des comptes \u2014 qui avaient fait l\u2019objet d\u2019un rapport publi\u00e9 en 2019 \u2014, s\u2019est montr\u00e9 particuli\u00e8rement <strong>affect\u00e9<\/strong>.<\/p>\n<p class=\" wall-content\">\u00c0 <strong>65\u00a0ans<\/strong>, c\u2019\u00e9tait la <strong>premi\u00e8re fois<\/strong> qu\u2019il se retrouvait devant <strong>un tribunal<\/strong>. Au terme de deux jours d\u2019audience, les 12 et 13\u00a0mai 2025, il s\u2019\u00e9tait adress\u00e9 \u00e0 la procureure de la R\u00e9publique de Toulouse en lui confiant son \u00ab\u2009sentiment d\u2019\u00eatre jug\u00e9 par rapport \u00e0 ce que je suis et pas par rapport \u00e0 ce que j\u2019ai fait. C\u2019est la premi\u00e8re fois qu\u2019on me reproche d\u2019\u00eatre universitaire.\u2009\u00bb<\/p>\n<p>\u00ab\u2009Il va falloir que je me reconstruise\u2009\u00bb<\/p>\n<p class=\" wall-content\">Jamais sans doute Jean-Michel Lattes n\u2019aura autant partag\u00e9 son soulagement qu\u2019au sortir de cette tourmente. Les <strong>larmes aux yeux<\/strong>, apr\u00e8s avoir v\u00e9cu \u00ab\u2009un sentiment d\u2019injustice\u2009\u00bb, il insiste\u2009: \u00ab\u2009Jamais, on a mis en cause notre honn\u00eatet\u00e9\u2009! Il faut que j\u2019arrive \u00e0 65\u00a0ans pour vivre ce genre de choses et c\u2019est inacceptable, vraiment inacceptable\u2009\u00bb, s\u2019exclame-t-il.<\/p>\n<blockquote class=\"ac-article-quote wall-content\">\n<p>Maintenant, il va falloir que je me reconstruise. Mon premier projet, c&rsquo;est de partir avec mon chien, d&rsquo;aller au sommet d&rsquo;une montagne pyr\u00e9n\u00e9enne, de m&rsquo;asseoir et de r\u00e9fl\u00e9chir.<\/p>\n<p>    <strong>Jean-Michel Lattes<\/strong><br \/>\n        Pr\u00e9sident de Tiss\u00e9o    <\/p><\/blockquote>\n<p class=\" wall-content\">\n<p class=\" wall-content\">Originaire de <strong>la vall\u00e9e de l\u2019Aure<\/strong>, dans les Hautes-Pyr\u00e9n\u00e9es, c\u2019est vers ses terres de c\u0153ur que l\u2019\u00e9lu relax\u00e9 va se tourner pour pouvoir enfin \u00ab\u2009respirer, apr\u00e8s de longs mois d\u2019inqui\u00e9tude et d\u2019angoisse\u2009\u00bb, a soulign\u00e9 son avocat, <strong>Me Jacques L\u00e9vy<\/strong>.<\/p>\n<p class=\" wall-content\">Suivez toute l\u2019actualit\u00e9 de vos villes et m\u00e9dias favoris en vous inscrivant \u00e0 <a href=\"https:\/\/moncompte.actu.fr\" title=\"D\u00e9couvez Mon Actu\" rel=\"nofollow noopener\" data-trk=\"{&quot;cta&quot;:{&quot;action&quot;:&quot;https:\\\/\\\/moncompte.actu.fr&quot;,&quot;category&quot;:&quot;mon compte&quot;,&quot;from&quot;:&quot;article footer&quot;,&quot;name&quot;:&quot;Mon actu&quot;,&quot;type&quot;:&quot;cta&quot;}}\" target=\"_blank\">Mon Actu<\/a>.<\/p>\n","protected":false},"excerpt":{"rendered":"Par Mar\u00e9va Laville Publi\u00e9 le 16 juin 2025 \u00e0 16h36 L\u2019\u00e9motion \u00e9tait immense pour Jean-Michel Lattes, pr\u00e9sident de&hellip;\n","protected":false},"author":2,"featured_media":182322,"comment_status":"","ping_status":"","sticky":false,"template":"","format":"standard","meta":{"footnotes":""},"categories":[2816],"tags":[1111,11,1777,674,118,1011,27,303,12,2680,25,2312],"class_list":{"0":"post-182321","1":"post","2":"type-post","3":"status-publish","4":"format-standard","5":"has-post-thumbnail","7":"category-toulouse","8":"tag-actu","9":"tag-actualites","10":"tag-eu","11":"tag-europe","12":"tag-faits-divers","13":"tag-fr","14":"tag-france","15":"tag-justice","16":"tag-news","17":"tag-occitanie","18":"tag-republique-francaise","19":"tag-toulouse"},"share_on_mastodon":{"url":"https:\/\/pubeurope.com\/@fr\/114696436000743484","error":""},"_links":{"self":[{"href":"https:\/\/www.europesays.com\/fr\/wp-json\/wp\/v2\/posts\/182321","targetHints":{"allow":["GET"]}}],"collection":[{"href":"https:\/\/www.europesays.com\/fr\/wp-json\/wp\/v2\/posts"}],"about":[{"href":"https:\/\/www.europesays.com\/fr\/wp-json\/wp\/v2\/types\/post"}],"author":[{"embeddable":true,"href":"https:\/\/www.europesays.com\/fr\/wp-json\/wp\/v2\/users\/2"}],"replies":[{"embeddable":true,"href":"https:\/\/www.europesays.com\/fr\/wp-json\/wp\/v2\/comments?post=182321"}],"version-history":[{"count":0,"href":"https:\/\/www.europesays.com\/fr\/wp-json\/wp\/v2\/posts\/182321\/revisions"}],"wp:featuredmedia":[{"embeddable":true,"href":"https:\/\/www.europesays.com\/fr\/wp-json\/wp\/v2\/media\/182322"}],"wp:attachment":[{"href":"https:\/\/www.europesays.com\/fr\/wp-json\/wp\/v2\/media?parent=182321"}],"wp:term":[{"taxonomy":"category","embeddable":true,"href":"https:\/\/www.europesays.com\/fr\/wp-json\/wp\/v2\/categories?post=182321"},{"taxonomy":"post_tag","embeddable":true,"href":"https:\/\/www.europesays.com\/fr\/wp-json\/wp\/v2\/tags?post=182321"}],"curies":[{"name":"wp","href":"https:\/\/api.w.org\/{rel}","templated":true}]}}