{"id":182325,"date":"2025-06-17T02:53:11","date_gmt":"2025-06-17T02:53:11","guid":{"rendered":"https:\/\/www.europesays.com\/fr\/182325\/"},"modified":"2025-06-17T02:53:11","modified_gmt":"2025-06-17T02:53:11","slug":"pour-la-premiere-fois-de-lhistoire-un-club-prive-de-coupe-deurope-a-cause-de","status":"publish","type":"post","link":"https:\/\/www.europesays.com\/fr\/182325\/","title":{"rendered":"Pour la premi\u00e8re fois de l\u2019histoire, un club priv\u00e9 de Coupe d\u2019Europe \u00e0 cause de"},"content":{"rendered":"<p>Le football conna\u00eet sa premi\u00e8re victime de la multipropri\u00e9t\u00e9, business \u00e9conomique qui s\u2019est r\u00e9pandu ces derni\u00e8res ann\u00e9es. Vainqueur de la Coupe d\u2019Irlande, Drogheda United avait normalement d\u00e9croch\u00e9 sportivement son billet pour <a href=\"https:\/\/www.ouest-france.fr\/sport\/football\/ligue-europa-conference\/direct-chelsea-betis-suivez-la-finale-de-la-ligue-conference-en-live-1f3c826e-5d05-40b3-8dee-0857fde3d664\" target=\"_blank\" rel=\"noopener\">la Ligue Conf\u00e9rence<\/a> 2025-2026, la troisi\u00e8me Coupe d\u2019Europe derri\u00e8re la Ligue des champions et la Ligue Europa.<\/p>\n<p>Probl\u00e8me, le club irlandais ne passera pas entre les mailles du filet de l\u2019UEFA, qui a durci ses r\u00e8gles sur la question de la multipropri\u00e9t\u00e9. En effet, Trivela Group, propri\u00e9taire du club, d\u00e9tient \u00e9galement 80\u00a0% du capital de Silkeborg IF, une \u00e9quipe danoise elle aussi qualifi\u00e9e dans la comp\u00e9tition. Le r\u00e8glement de l\u2019UEFA interdit aux \u00e9quipes appartenant \u00e0 un m\u00eame groupe de s\u2019affronter, pour des raisons d\u2019int\u00e9grit\u00e9 sportive.<\/p>\n<p>\u00ab\u00a0Nous en assumons la responsabilit\u00e9\u00a0\u00bb<\/p>\n<p>Si Drogheda United a fait appel de cette d\u00e9cision devant le Tribunal arbitral du sport, le club irlandais a communiqu\u00e9 apr\u00e8s la perte de cet appel, ent\u00e9rinant la d\u00e9cision de l\u2019UEFA donc. <strong>\u00ab\u00a0Nous sommes en profond d\u00e9saccord avec cette d\u00e9cision et avions esp\u00e9r\u00e9 et cru que les principes d\u2019\u00e9quit\u00e9 et de bon sens pr\u00e9vaudraient<\/strong>, d\u00e9clarent les dirigeants \u00e0 travers le communiqu\u00e9. <strong>Nous en assumons la responsabilit\u00e9, et nous en sommes d\u00e9sol\u00e9s.\u00a0\u00bb<\/strong><\/p>\n<\/p>\n<p><strong>Lire aussi.<\/strong>\u00a0<a href=\"https:\/\/rennes.maville.com\/sport\/detail_-ligue-des-champions.-top-8-avantage-prolongations-maintenues...-le-verdict-des-regles-de-l-uefa-_54135-6837277_actu.Htm\" target=\"_blank\" rel=\"noopener\">Ligue des champions. Top 8\u00a0avantag\u00e9, prolongations maintenues\u2026 Le verdict des r\u00e8gles de l\u2019UEFA<\/a><\/p>\n<p>Une v\u00e9ritable alerte pour l\u2019OL et Crystal Palace, qui se retrouvent dans la m\u00eame situation avec la Ligue Europa. Si le club fran\u00e7ais est prot\u00e9g\u00e9, ce serait les Anglais qui ne pourraient pas participer \u00e0 la C3. C\u2019est pour cela que John Textor cherche \u00e0 vendre ses parts chez les Eagles.<\/p>\n<p>\u00a0<\/p>\n","protected":false},"excerpt":{"rendered":"Le football conna\u00eet sa premi\u00e8re victime de la multipropri\u00e9t\u00e9, business \u00e9conomique qui s\u2019est r\u00e9pandu ces derni\u00e8res ann\u00e9es. Vainqueur&hellip;\n","protected":false},"author":2,"featured_media":182326,"comment_status":"","ping_status":"","sticky":false,"template":"","format":"standard","meta":{"footnotes":""},"categories":[2815],"tags":[1111,11,3738,5244,615,1777,674,3395,1011,27,811,937,1307,11786,12,32023,25],"class_list":{"0":"post-182325","1":"post","2":"type-post","3":"status-publish","4":"format-standard","5":"has-post-thumbnail","7":"category-lille","8":"tag-actu","9":"tag-actualites","10":"tag-cause","11":"tag-club","12":"tag-coupe","13":"tag-eu","14":"tag-europe","15":"tag-fois","16":"tag-fr","17":"tag-france","18":"tag-hauts-de-france","19":"tag-histoire","20":"tag-lille","21":"tag-multipropriete","22":"tag-news","23":"tag-prive","24":"tag-republique-francaise"},"share_on_mastodon":{"url":"https:\/\/pubeurope.com\/@fr\/114696447794118204","error":""},"_links":{"self":[{"href":"https:\/\/www.europesays.com\/fr\/wp-json\/wp\/v2\/posts\/182325","targetHints":{"allow":["GET"]}}],"collection":[{"href":"https:\/\/www.europesays.com\/fr\/wp-json\/wp\/v2\/posts"}],"about":[{"href":"https:\/\/www.europesays.com\/fr\/wp-json\/wp\/v2\/types\/post"}],"author":[{"embeddable":true,"href":"https:\/\/www.europesays.com\/fr\/wp-json\/wp\/v2\/users\/2"}],"replies":[{"embeddable":true,"href":"https:\/\/www.europesays.com\/fr\/wp-json\/wp\/v2\/comments?post=182325"}],"version-history":[{"count":0,"href":"https:\/\/www.europesays.com\/fr\/wp-json\/wp\/v2\/posts\/182325\/revisions"}],"wp:featuredmedia":[{"embeddable":true,"href":"https:\/\/www.europesays.com\/fr\/wp-json\/wp\/v2\/media\/182326"}],"wp:attachment":[{"href":"https:\/\/www.europesays.com\/fr\/wp-json\/wp\/v2\/media?parent=182325"}],"wp:term":[{"taxonomy":"category","embeddable":true,"href":"https:\/\/www.europesays.com\/fr\/wp-json\/wp\/v2\/categories?post=182325"},{"taxonomy":"post_tag","embeddable":true,"href":"https:\/\/www.europesays.com\/fr\/wp-json\/wp\/v2\/tags?post=182325"}],"curies":[{"name":"wp","href":"https:\/\/api.w.org\/{rel}","templated":true}]}}