{"id":182329,"date":"2025-06-17T02:55:09","date_gmt":"2025-06-17T02:55:09","guid":{"rendered":"https:\/\/www.europesays.com\/fr\/182329\/"},"modified":"2025-06-17T02:55:09","modified_gmt":"2025-06-17T02:55:09","slug":"lolympique-de-marseille-recrute-un-ancien-dirigeant-de-linter-milan-comme-directeur-general","status":"publish","type":"post","link":"https:\/\/www.europesays.com\/fr\/182329\/","title":{"rendered":"L\u2019Olympique de Marseille recrute un ancien dirigeant de l\u2019Inter Milan comme directeur g\u00e9n\u00e9ral"},"content":{"rendered":"<p>Un ancien dirigeant de l\u2019<a href=\"https:\/\/www.20minutes.fr\/sport\/inter_milan\/\" target=\"_blank\" class=\"color-ultramarine c-link\" rel=\"nofollow noopener\">Inter Milan<\/a> va poser ses bagages dans la cit\u00e9 phoc\u00e9enne. L\u2019<a href=\"https:\/\/www.20minutes.fr\/sport\/om\/\" target=\"_blank\" class=\"color-ultramarine c-link\" rel=\"nofollow noopener\">Olympique de Marseille<\/a> a annonc\u00e9 lundi le recrutement au poste de directeur g\u00e9n\u00e9ral de l\u2019Italien Alessandro Antonello.<\/p>\n<p>\u00ab\u00a0Au sein de l\u2019Olympique de Marseille, Alessandro Antonello prendra en charge le d\u00e9veloppement \u00e9conomique du club. Il conduira la strat\u00e9gie d\u2019augmentation et de diversification des revenus, veillera \u00e0 valoriser pleinement le potentiel de l\u2019Orange V\u00e9lodrome, \u00e0 acc\u00e9l\u00e9rer la transformation digitale du club et \u00e0 renforcer le rayonnement international de la marque OM\u00a0\u00bb, \u00e9crit le club de football de <a href=\"https:\/\/www.20minutes.fr\/sport\/ligue-1\/\" target=\"_blank\" class=\"color-ultramarine c-link\" rel=\"nofollow noopener\">Ligue 1<\/a> dans un communiqu\u00e9.<\/p>\n<p>Une prise de poste le 1er\u00a0juillet<\/p>\n<p>\u00ab\u00a0En \u00e9troite coordination avec les \u00e9quipes de direction, il jouera un r\u00f4le central dans la mise en \u0153uvre du projet de croissance et de bonne gestion port\u00e9 par le propri\u00e9taire et la pr\u00e9sidence du club\u00a0\u00bb, ajoute l\u2019OM.<\/p>\n<\/p>\n<p>Ag\u00e9 de 59 ans, Antonello a travaill\u00e9 pendant plus de dix ans \u00e0 l\u2019Inter Milan, o\u00f9 il a notamment \u00e9t\u00e9 directeur financier et directeur g\u00e9n\u00e9ral. Il avait \u00e9t\u00e9 vu au Stade V\u00e9lodrome aux c\u00f4t\u00e9s du pr\u00e9sident marseillais Pablo Longoria lors d\u2019un match contre Saint-Etienne au mois de f\u00e9vrier. Il prendra ses fonctions le 1er\u00a0juillet.<\/p>\n<p><a href=\"https:\/\/www.20minutes.fr\/sport\/football\/\" target=\"_blank\" class=\"c-link c-btn c-btn--primary\" rel=\"nofollow noopener\">Notre dossier Football<\/a><\/p>\n<p>A l\u2019OM, le poste de DG a \u00e9t\u00e9 occup\u00e9 ces derniers mois par St\u00e9phane Tessier puis C\u00e9cilia Barontini, qui ont tous deux quitt\u00e9 le club apr\u00e8s des divergences et tensions avec le pr\u00e9sident <a href=\"https:\/\/www.20minutes.fr\/sport\/pablo-longoria\/\" target=\"_blank\" class=\"color-ultramarine c-link\" rel=\"nofollow noopener\">Pablo Longoria<\/a> et avec la direction sportive.<\/p>\n","protected":false},"excerpt":{"rendered":"Un ancien dirigeant de l\u2019Inter Milan va poser ses bagages dans la cit\u00e9 phoc\u00e9enne. L\u2019Olympique de Marseille a&hellip;\n","protected":false},"author":2,"featured_media":182330,"comment_status":"","ping_status":"","sticky":false,"template":"","format":"standard","meta":{"footnotes":""},"categories":[2814],"tags":[1111,11,885,1777,674,63,1011,27,4788,66,884,12,2333,22964,883,882,25,517,133],"class_list":{"0":"post-182329","1":"post","2":"type-post","3":"status-publish","4":"format-standard","5":"has-post-thumbnail","7":"category-marseille","8":"tag-actu","9":"tag-actualites","10":"tag-bouches-du-rhone","11":"tag-eu","12":"tag-europe","13":"tag-football","14":"tag-fr","15":"tag-france","16":"tag-inter-milan","17":"tag-ligue-1","18":"tag-marseille","19":"tag-news","20":"tag-olympique-de-marseille-om","21":"tag-pablo-longoria","22":"tag-paca","23":"tag-provence-alpes-cote-dazur","24":"tag-republique-francaise","25":"tag-sport","26":"tag-video"},"share_on_mastodon":{"url":"https:\/\/pubeurope.com\/@fr\/114696455966749335","error":""},"_links":{"self":[{"href":"https:\/\/www.europesays.com\/fr\/wp-json\/wp\/v2\/posts\/182329","targetHints":{"allow":["GET"]}}],"collection":[{"href":"https:\/\/www.europesays.com\/fr\/wp-json\/wp\/v2\/posts"}],"about":[{"href":"https:\/\/www.europesays.com\/fr\/wp-json\/wp\/v2\/types\/post"}],"author":[{"embeddable":true,"href":"https:\/\/www.europesays.com\/fr\/wp-json\/wp\/v2\/users\/2"}],"replies":[{"embeddable":true,"href":"https:\/\/www.europesays.com\/fr\/wp-json\/wp\/v2\/comments?post=182329"}],"version-history":[{"count":0,"href":"https:\/\/www.europesays.com\/fr\/wp-json\/wp\/v2\/posts\/182329\/revisions"}],"wp:featuredmedia":[{"embeddable":true,"href":"https:\/\/www.europesays.com\/fr\/wp-json\/wp\/v2\/media\/182330"}],"wp:attachment":[{"href":"https:\/\/www.europesays.com\/fr\/wp-json\/wp\/v2\/media?parent=182329"}],"wp:term":[{"taxonomy":"category","embeddable":true,"href":"https:\/\/www.europesays.com\/fr\/wp-json\/wp\/v2\/categories?post=182329"},{"taxonomy":"post_tag","embeddable":true,"href":"https:\/\/www.europesays.com\/fr\/wp-json\/wp\/v2\/tags?post=182329"}],"curies":[{"name":"wp","href":"https:\/\/api.w.org\/{rel}","templated":true}]}}