{"id":18233,"date":"2025-04-11T20:53:19","date_gmt":"2025-04-11T20:53:19","guid":{"rendered":"https:\/\/www.europesays.com\/fr\/18233\/"},"modified":"2025-04-11T20:53:19","modified_gmt":"2025-04-11T20:53:19","slug":"interroge-au-commissariat-pour-des-cambriolages-il-vient-avec-une-trottinette-volee","status":"publish","type":"post","link":"https:\/\/www.europesays.com\/fr\/18233\/","title":{"rendered":"interrog\u00e9 au commissariat pour des cambriolages, il vient avec une trottinette vol\u00e9e"},"content":{"rendered":"<p>            Par<br \/>\n        <strong><br \/>\n            <a href=\"https:\/\/actu.fr\/auteur\/thomas-bernard\" title=\"Consulter tous les articles de Thomas Bernard\" rel=\"nofollow noopener\" target=\"_blank\">Thomas Bernard<\/a><br \/>\n        <\/strong><\/p>\n<p>        Publi\u00e9 le<\/p>\n<p>            11 avr. 2025 \u00e0 14h34        <\/p>\n<p>Un petit tour puis il y retourne. Ce jeudi 10\u00a0avril, <strong>un jeune homme de 19\u00a0ans<\/strong> a r\u00e9pondu \u00e0 une convocation au commissariat de Nantes, o\u00f9 il \u00e9tait entendu dans <strong>une affaire de cambriolages<\/strong>.<\/p>\n<p class=\" wall-content\">Quelques heures apr\u00e8s son audition, le jeune homme a \u00e9t\u00e9<strong> interpell\u00e9 avec une trottinette vol\u00e9e<\/strong> alors qu\u2019il partait du commissariat.<\/p>\n<p>Mis en cause pour des vols \u00e0 Orvault<\/p>\n<p class=\" wall-content\">Ce jeudi, l\u2019homme \u00e9tait convoqu\u00e9 pour des cambriolages \u00e0 <a href=\"https:\/\/actu.fr\/pays-de-la-loire\/orvault_44114\" rel=\"nofollow noopener\" target=\"_blank\">Orvault<\/a> (Loire-Atlantique), commis en 2024 et au d\u00e9but de l\u2019ann\u00e9e 2025, o\u00f9 il \u00e9tait mis en cause. Un v\u00e9lo \u00e9lectrique et une machine \u00e0 caf\u00e9 avaient \u00e9t\u00e9 d\u00e9rob\u00e9s.<\/p>\n<p class=\" wall-content\">\u00ab\u2009Des empreintes palmaires lui appartenant ont \u00e9t\u00e9 retrouv\u00e9es sur deux box\u2009\u00bb, explique une source proche du dossier.<\/p>\n<p>Vid\u00e9os : en ce moment sur ActuInterpell\u00e9 \u00e0 quelques m\u00e8tres du commissariat<\/p>\n<p class=\" wall-content\">Somm\u00e9 de \u00ab\u2009venir imp\u00e9rativement\u2009\u00bb \u00e0 cette convocation par \u00ab\u2009tous les moyens\u2009\u00bb, le jeune homme de 19\u00a0ans a respect\u00e9 cet ordre un peu trop au pied de la lettre.<\/p>\n<p class=\" wall-content\">En repartant de l\u2019h\u00f4tel de police, l\u2019individu r\u00e9cup\u00e8re une <strong>trottinette \u00e9lectrique<\/strong>, gar\u00e9e rue du 65 \u00e8me R\u00e9giment d\u2019Infanterie, soit \u00e0 <strong>240\u00a0m\u00e8tres du commissariat central de Waldeck-Rousseau<\/strong>. Il est alors interpell\u00e9 par les policiers, qui ont suivi la g\u00e9olocalisation de la trottinette,<strong> signal\u00e9e vol\u00e9e par son propri\u00e9taire<\/strong>.<\/p>\n<p class=\" wall-content\">Pourtant reparti libre (convoqu\u00e9 au tribunal judiciaire) de son audition pour les cambriolages, le jeune homme est rapidement retourn\u00e9 au commissariat o\u00f9 il a \u00e9t\u00e9 plac\u00e9 en garde \u00e0 vue pour le vol de trottinette.<\/p>\n<p class=\" wall-content\">Suivez toute l\u2019actualit\u00e9 de vos villes et m\u00e9dias favoris en vous inscrivant \u00e0 <a href=\"https:\/\/moncompte.actu.fr\" title=\"D\u00e9couvez Mon Actu\" rel=\"nofollow noopener\" data-trk=\"{&quot;cta&quot;:{&quot;action&quot;:&quot;https:\\\/\\\/moncompte.actu.fr&quot;,&quot;category&quot;:&quot;mon compte&quot;,&quot;from&quot;:&quot;article footer&quot;,&quot;name&quot;:&quot;Mon actu&quot;,&quot;type&quot;:&quot;cta&quot;}}\" target=\"_blank\">Mon Actu<\/a>.<\/p>\n<ul class=\"ac-article-tag wall-content\">\n<li><a href=\"https:\/\/actu.fr\/tag\/police\" data-trk=\"{&quot;cta&quot;:{&quot;action&quot;:&quot;Police&quot;,&quot;category&quot;:&quot;tag&quot;,&quot;from&quot;:&quot;article footer&quot;,&quot;name&quot;:&quot;Police&quot;,&quot;type&quot;:&quot;cta&quot;}}\" rel=\"nofollow noopener\" target=\"_blank\">#Police<\/a><\/li>\n<li><a href=\"https:\/\/actu.fr\/tag\/trottinette-electrique\" data-trk=\"{&quot;cta&quot;:{&quot;action&quot;:&quot;Trottinette \\u00e9lectrique&quot;,&quot;category&quot;:&quot;tag&quot;,&quot;from&quot;:&quot;article footer&quot;,&quot;name&quot;:&quot;Trottinette \\u00e9lectrique&quot;,&quot;type&quot;:&quot;cta&quot;}}\" rel=\"nofollow noopener\" target=\"_blank\">#Trottinette \u00e9lectrique<\/a><\/li>\n<\/ul>\n","protected":false},"excerpt":{"rendered":"Par Thomas Bernard Publi\u00e9 le 11 avr. 2025 \u00e0 14h34 Un petit tour puis il y retourne. Ce&hellip;\n","protected":false},"author":2,"featured_media":18234,"comment_status":"","ping_status":"","sticky":false,"template":"","format":"standard","meta":{"footnotes":""},"categories":[2818],"tags":[1111,11,1777,674,118,1011,27,766,12,2636,1072,25,6960],"class_list":{"0":"post-18233","1":"post","2":"type-post","3":"status-publish","4":"format-standard","5":"has-post-thumbnail","7":"category-nantes","8":"tag-actu","9":"tag-actualites","10":"tag-eu","11":"tag-europe","12":"tag-faits-divers","13":"tag-fr","14":"tag-france","15":"tag-nantes","16":"tag-news","17":"tag-pays-de-la-loire","18":"tag-police","19":"tag-republique-francaise","20":"tag-trottinette-electrique"},"share_on_mastodon":{"url":"https:\/\/pubeurope.com\/@fr\/114321319782254984","error":""},"_links":{"self":[{"href":"https:\/\/www.europesays.com\/fr\/wp-json\/wp\/v2\/posts\/18233","targetHints":{"allow":["GET"]}}],"collection":[{"href":"https:\/\/www.europesays.com\/fr\/wp-json\/wp\/v2\/posts"}],"about":[{"href":"https:\/\/www.europesays.com\/fr\/wp-json\/wp\/v2\/types\/post"}],"author":[{"embeddable":true,"href":"https:\/\/www.europesays.com\/fr\/wp-json\/wp\/v2\/users\/2"}],"replies":[{"embeddable":true,"href":"https:\/\/www.europesays.com\/fr\/wp-json\/wp\/v2\/comments?post=18233"}],"version-history":[{"count":0,"href":"https:\/\/www.europesays.com\/fr\/wp-json\/wp\/v2\/posts\/18233\/revisions"}],"wp:featuredmedia":[{"embeddable":true,"href":"https:\/\/www.europesays.com\/fr\/wp-json\/wp\/v2\/media\/18234"}],"wp:attachment":[{"href":"https:\/\/www.europesays.com\/fr\/wp-json\/wp\/v2\/media?parent=18233"}],"wp:term":[{"taxonomy":"category","embeddable":true,"href":"https:\/\/www.europesays.com\/fr\/wp-json\/wp\/v2\/categories?post=18233"},{"taxonomy":"post_tag","embeddable":true,"href":"https:\/\/www.europesays.com\/fr\/wp-json\/wp\/v2\/tags?post=18233"}],"curies":[{"name":"wp","href":"https:\/\/api.w.org\/{rel}","templated":true}]}}