{"id":182331,"date":"2025-06-17T02:56:13","date_gmt":"2025-06-17T02:56:13","guid":{"rendered":"https:\/\/www.europesays.com\/fr\/182331\/"},"modified":"2025-06-17T02:56:13","modified_gmt":"2025-06-17T02:56:13","slug":"votez-pour-vos-restaurants-lyonnais-preferes","status":"publish","type":"post","link":"https:\/\/www.europesays.com\/fr\/182331\/","title":{"rendered":"votez pour vos restaurants lyonnais pr\u00e9f\u00e9r\u00e9s\u00a0!"},"content":{"rendered":"<p>L\u2019an dernier, aucune adresse lyonnaise ne s\u2019\u00e9tait hiss\u00e9e parmi les six premiers prix en France. Alors cette ann\u00e9e, aux Lyonnais de se mobiliser pour faire \u00e9merger un des six restaurants pr\u00e9s\u00e9lectionn\u00e9s en t\u00eate de l\u2019affiche nationale\u00a0!<\/p>\n<p>Le principe de TheFork Awards est simple\u00a0: les cheffes et chefs (souvent \u00e9toil\u00e9s) rep\u00e8rent les talents de demain, qui doivent avoir ouvert leur restaurant depuis moins de deux ans, et les parrainent. Ensuite, c\u2019est le public qui d\u00e9cide et consacre la nouvelle g\u00e9n\u00e9ration montante. Et vote en ligne pour sa table pr\u00e9f\u00e9r\u00e9e.<\/p>\n<p>80 tables les plus prometteuses \u00e0 travers la France<\/p>\n<p>Cette ann\u00e9e, plus de 80 chefs \u00e9toil\u00e9s ont donc s\u00e9lectionn\u00e9 et parrain\u00e9 80 tables les plus prometteuses \u00e0 travers la France. Il est donc temps de voter pour soutenir son adresse pr\u00e9f\u00e9r\u00e9e parmi les six lyonnaises. Pas de mauvais choix, tous repr\u00e9sentent la g\u00e9n\u00e9ration montante et sont talentueux\u00a0!<\/p>\n<p><a href=\"https:\/\/www.leprogres.fr\/economie\/2024\/04\/20\/brut-quand-la-gastronomie-rencontre-la-street-food-a-ainay\" target=\"_blank\" rel=\"noopener\">Brutal d\u2019Alban Joriot<\/a> (Lyon 2e, parrain\u00e9 par <a href=\"http:\/\/www.leprogres.fr\/p\/christian-tetedoie\" target=\"_blank\" rel=\"noopener\">Christian T\u00eatedoie<\/a>)\u00a0; <a href=\"https:\/\/www.leprogres.fr\/economie\/2025\/01\/11\/lyon-1er-astral-la-nouvelle-planete-gastronomique-de-la-rue-royale\" target=\"_blank\" rel=\"noopener\">Astral de Ronan Lavillaugouet<\/a> (Lyon 1er, parrain\u00e9 par J\u00e9r\u00e9my Galvan)\u00a0; Carbone de Martin Venien (Lyon 6e, parrain\u00e9 par Mathieu Perou)\u00a0; <a href=\"https:\/\/www.leprogres.fr\/magazine-cuisine-et-vins\/2024\/03\/23\/soma-du-soleil-plein-les-assiettes\" target=\"_blank\" rel=\"noopener\">S\u00f6ma de Sarah Hamza<\/a> (Lyon 5e, parrain\u00e9e par Thomas Belval-Sanna)\u00a0; <a href=\"https:\/\/www.leprogres.fr\/magazine-cuisine-et-vins\/2025\/01\/25\/restaurant-murmures-la-nouvelle-adresse-de-noe-saillard-qui-va-faire-du-brui\" target=\"_blank\" rel=\"noopener\">Murmures de No\u00e9 Saillard<\/a> (Lyon 1er, parrain\u00e9 par Thomas Belval-Sanna)\u00a0; <a href=\"https:\/\/www.leprogres.fr\/economie\/2024\/10\/12\/a-casa-lupita-le-mexique-est-a-portee-de-tortilla\" target=\"_blank\" rel=\"noopener\">Casa Lupita de Sandra Alvarez<\/a> (Lyon 3e, parrain\u00e9 par <a href=\"http:\/\/www.leprogres.fr\/p\/christophe-marguin\" target=\"_blank\" rel=\"noopener\">Christophe Marguin<\/a>).<\/p>\n<p>Les votes sont ouverts jusqu\u2019au 30\u00a0septembre sur le site internet d\u00e9di\u00e9\u00a0: <a href=\"https:\/\/www.thefork-awards.fr\" target=\"_blank\" rel=\"noopener\">www.thefork-awards.fr<\/a>.<\/p>\n<p>La c\u00e9r\u00e9monie de remise de prix se d\u00e9roulera \u00e0 Marseille le lundi 1er d\u00e9cembre.<\/p>\n<p class=\"note\">(1) TheFork (une soci\u00e9t\u00e9 de Tripadvisor\u00ae) est le leader de la r\u00e9servation de restaurants en ligne en Europe.<\/p>\n","protected":false},"excerpt":{"rendered":"L\u2019an dernier, aucune adresse lyonnaise ne s\u2019\u00e9tait hiss\u00e9e parmi les six premiers prix en France. Alors cette ann\u00e9e,&hellip;\n","protected":false},"author":2,"featured_media":182332,"comment_status":"","ping_status":"","sticky":false,"template":"","format":"standard","meta":{"footnotes":""},"categories":[1889],"tags":[1111,11,2430,4406,130,33,2757,1777,674,107,1011,27,2428,2756,6016,12,25,2429],"class_list":{"0":"post-182331","1":"post","2":"type-post","3":"status-publish","4":"format-standard","5":"has-post-thumbnail","7":"category-lyon","8":"tag-actu","9":"tag-actualites","10":"tag-auvergne-rhone-alpes","11":"tag-commerce-et-services","12":"tag-consommation","13":"tag-economie","14":"tag-edition-lyon-villeurbanne","15":"tag-eu","16":"tag-europe","17":"tag-fil-info","18":"tag-fr","19":"tag-france","20":"tag-lyon","21":"tag-lyon-bassin","22":"tag-magazine-cuisine-et-vins","23":"tag-news","24":"tag-republique-francaise","25":"tag-rhone"},"share_on_mastodon":{"url":"https:\/\/pubeurope.com\/@fr\/114696459877191727","error":""},"_links":{"self":[{"href":"https:\/\/www.europesays.com\/fr\/wp-json\/wp\/v2\/posts\/182331","targetHints":{"allow":["GET"]}}],"collection":[{"href":"https:\/\/www.europesays.com\/fr\/wp-json\/wp\/v2\/posts"}],"about":[{"href":"https:\/\/www.europesays.com\/fr\/wp-json\/wp\/v2\/types\/post"}],"author":[{"embeddable":true,"href":"https:\/\/www.europesays.com\/fr\/wp-json\/wp\/v2\/users\/2"}],"replies":[{"embeddable":true,"href":"https:\/\/www.europesays.com\/fr\/wp-json\/wp\/v2\/comments?post=182331"}],"version-history":[{"count":0,"href":"https:\/\/www.europesays.com\/fr\/wp-json\/wp\/v2\/posts\/182331\/revisions"}],"wp:featuredmedia":[{"embeddable":true,"href":"https:\/\/www.europesays.com\/fr\/wp-json\/wp\/v2\/media\/182332"}],"wp:attachment":[{"href":"https:\/\/www.europesays.com\/fr\/wp-json\/wp\/v2\/media?parent=182331"}],"wp:term":[{"taxonomy":"category","embeddable":true,"href":"https:\/\/www.europesays.com\/fr\/wp-json\/wp\/v2\/categories?post=182331"},{"taxonomy":"post_tag","embeddable":true,"href":"https:\/\/www.europesays.com\/fr\/wp-json\/wp\/v2\/tags?post=182331"}],"curies":[{"name":"wp","href":"https:\/\/api.w.org\/{rel}","templated":true}]}}