{"id":182333,"date":"2025-06-17T02:57:15","date_gmt":"2025-06-17T02:57:15","guid":{"rendered":"https:\/\/www.europesays.com\/fr\/182333\/"},"modified":"2025-06-17T02:57:15","modified_gmt":"2025-06-17T02:57:15","slug":"entre-rhone-et-saone-2025-baignade-derivante-et-kart-a-voile","status":"publish","type":"post","link":"https:\/\/www.europesays.com\/fr\/182333\/","title":{"rendered":"Entre Rh\u00f4ne et Sa\u00f4ne 2025 : baignade d\u00e9rivante et kart \u00e0 voile"},"content":{"rendered":"<p>Du 27 au 29 juin, le festival entre Rh\u00f4ne et Sa\u00f4ne revient animer les bords du fleuve et de la rivi\u00e8re, malgr\u00e9 les restrictions budg\u00e9taires. Cette ann\u00e9e grande nouveaut\u00e9, le port de Lyon ouvre ses portes et une baignade d\u00e9rivante viendra s\u2019ajouter aux activit\u00e9s.\u00a0<\/p>\n<p>Alors que la 4\u00e8me \u00e9dition du <strong>festival Entre Rh\u00f4ne et Sa\u00f4ne<\/strong> n\u2019\u00e9tait pas s\u00fbre de voir le jour, par faute de budget, l\u2019\u00e9v\u00e9nement aura finalement bien lieu. Cette ann\u00e9e, pas de parade, ni de budget de cr\u00e9ation, et pas de spectacle dans la Sa\u00f4ne. Mais toujours la m\u00eame envie de c<strong>\u00e9l\u00e9brer, prot\u00e9ger et d\u00e9couvrir le Rh\u00f4ne et la Sa\u00f4ne<\/strong>. Et mieux comprendre le <strong>cycle de l\u2019eau<\/strong>\u2026.<\/p>\n<p>Ecoutez le reportage de Lilou Combette<\/p>\n<p>Entre Rh\u00f4ne et Sa\u00f4ne 2025<\/p>\n<p>Le maire de Lyon, <strong>Gr\u00e9gory Doucet<\/strong>, rappelle l\u2019importance de ce <strong>festival<\/strong>. \u00ab C\u2019est essentiel, c\u2019est le lien, le vivre-ensemble, le partage. C\u2019est ce qui nous donne envie aussi, de vivre \u00e0 Lyon. Et c\u2019\u00e9tait essentiel de maintenir ce festival, comme tous les <strong>grands rendez-vous culturels<\/strong>, tous les grands \u00e9v\u00e9nements dans l\u2019ann\u00e9e. C\u2019est tr\u00e8s populaire, tr\u00e8s familial, interg\u00e9n\u00e9rationnel. Et tout \u00e7a parce que, tout simplement, c\u2019est dans l\u2019espace public. C\u2019est gratuit, et \u00e7a permet \u00e0 la fois de s\u2019amuser, de prendre le temps aussi, de d\u00e9couvrir, de s\u2019inscrire, de participer \u00e0 des<strong> conf\u00e9rences<\/strong>, de d\u00e9couvrir aussi certains aspects qu\u2019on peut ignorer\u2026 Sur \u00e0 la fois le <strong>fonctionnement de nos cours d\u2019eau<\/strong>, mais aussi sur <strong>l\u2019eau en tant que ressource<\/strong>. \u00bb<\/p>\n<p><img fetchpriority=\"high\" decoding=\"async\" width=\"1200\" height=\"675\" src=\"https:\/\/www.europesays.com\/fr\/wp-content\/uploads\/2025\/06\/Entre-Rhone-et-Saone-2025-ateliers-autour-de-leau.jpg\" alt=\"Entre Rh\u00f4ne et Sa\u00f4ne 2025\" class=\"wp-image-250047\"  \/><\/p>\n<p>Ecoutez aussi : <a href=\"https:\/\/www.lyondemain.fr\/kingspan-light-air-cultive-la-biodiversite-a-saint-priest\/\" target=\"_blank\" rel=\"noreferrer noopener nofollow\">KINGSPAN Light + Air cultive la biodiversit\u00e9 \u00e0 Saint-Priest<\/a><\/p>\n<p>Des balades en p\u00e9niche au Port Edouard Herriot<\/p>\n<p>Malgr\u00e9 un budget plus serr\u00e9 de 300 000 euros contre 700 000 l\u2019an pass\u00e9, le <strong>festival Entre Rh\u00f4ne et Sa\u00f4ne 2025<\/strong> comportera sa part de nouveaut\u00e9s. Le <strong>Port-Edouard-Herriot<\/strong> ouvrira ses portes et proposera des <strong>balades en p\u00e9niche<\/strong> pour d\u00e9couvrir la <strong>biodiversit\u00e9 locale<\/strong>.<\/p>\n<p>La <strong>baignade<\/strong> de l\u2019an pass\u00e9 n\u2019ayant pas pu avoir lieu \u00e0 cause de la m\u00e9t\u00e9o a \u00e9t\u00e9 remplac\u00e9e par une <strong>baignade d\u00e9rivante<\/strong>, un choix que partage le maire de Lyon : \u00ab Cette ann\u00e9e, une <strong>baignade d\u00e9rivante<\/strong>. Les Lyonnais pourront s\u2019emparer d\u2019une bou\u00e9e et d\u00e9river sur 400 m\u00e8tres sur le Rh\u00f4ne\u2026 <strong>Depuis la piscine jusqu\u2019au niveau de Gerland<\/strong>. L\u2019avantage d\u2019avoir une bou\u00e9e, c\u2019est qu\u2019on est certain que tout le monde va pouvoir bien flotter sur 400 m\u00e8tres. \u00bb<\/p>\n<p>Plus de <strong>200 ateliers et \u00e9v\u00e9nements<\/strong> seront propos\u00e9s sur les sites de <strong>l\u2019\u00eele Barbe<\/strong>, <strong>le pont de la Guilloti\u00e8re<\/strong>, <strong>la Darse \u00e0 Confluence<\/strong> et le <strong>Parc des Berges<\/strong> Pour mettre \u00e0 l\u2019honneur les cours d\u2019eau et les d\u00e9couvrir diff\u00e9remment, des <strong>activit\u00e9s aquatiques<\/strong> sont propos\u00e9es pour tous les \u00e2ges.<\/p>\n<p>Ecoutez aussi : <a href=\"https:\/\/www.lyondemain.fr\/fleuve-et-riviere-biodiversite-vnf-metropole\/\" target=\"_blank\" rel=\"noreferrer noopener nofollow\">Lyon : rendre fleuve et rivi\u00e8re aux citoyens et \u00e0 la biodiversit\u00e9\u2026<\/a><\/p>\n<p><img loading=\"lazy\" decoding=\"async\" width=\"1200\" height=\"675\" src=\"https:\/\/www.europesays.com\/fr\/wp-content\/uploads\/2025\/06\/Entre-Rhone-et-Saone-2025-kart-a-voile.jpg\" alt=\"kart \u00e0 voile\" class=\"wp-image-250046\"  \/><\/p>\n<p>Entre Rh\u00f4ne et Sa\u00f4ne 2025 : Dragon boat, paddle, kart \u00e0 voile et nage sir\u00e8ne<\/p>\n<p><strong>Marie Effray<\/strong>, charg\u00e9e de projet \u00e0 la direction des \u00e9v\u00e9nements et de l\u2019animation, les pr\u00e9sente : \u00ab Les <strong>activit\u00e9s nautiques<\/strong> sont principalement regroup\u00e9es sur la <strong>Darse \u00e0 Confluence<\/strong>. On pourra d\u00e9couvrir du coup en i<strong>nitiation gratuite accessible \u00e0 tous, du paddle<\/strong> par exemple. Ou du <strong>dragon boat<\/strong>, du <strong>cano\u00eb kayak<\/strong> en balade et aussi du <strong>kart \u00e0 voile<\/strong>. Donc l\u00e0 c\u2019est plut\u00f4t sur terre mais du coup c\u2019est aussi jouer avec le vent et la navigation. Et vous aurez au sein du <strong>Centre Nautique Tony Bertrand<\/strong>, des i<strong>nitiations de plong\u00e9e subaquatique<\/strong> et le grand retour des initiations de <strong>nage sir\u00e8ne et triton<\/strong>. \u00bb<\/p>\n<blockquote class=\"instagram-media\" data-instgrm-captioned=\"\" data-instgrm-permalink=\"https:\/\/www.instagram.com\/reel\/DKb5_-LixsS\/?utm_source=ig_embed&amp;utm_campaign=loading\" data-instgrm-version=\"14\" style=\" background:#FFF; border:0; border-radius:3px; box-shadow:0 0 1px 0 rgba(0,0,0,0.5),0 1px 10px 0 rgba(0,0,0,0.15); margin: 1px; max-width:540px; min-width:326px; padding:0; width:99.375%; width:-webkit-calc(100% - 2px); width:calc(100% - 2px);\"\/>\n<p>Pour celles et ceux qui ne veulent pas se jeter \u00e0 l\u2019eau, des \u00e9v\u00e9nements comme <strong>Ondine \u00e0 la Guill\u2019<\/strong> reviendront animer les <strong>berges de la Guilloti\u00e8re<\/strong>. Et cette ann\u00e9e marquera aussi le grand retour du <strong>spectacle de la m\u00e2che-cro\u00fbte<\/strong>.<strong> Marie-Effray<\/strong> nous en dit un peu plus. \u00ab Pour cette quatri\u00e8me \u00e9dition on accueille une <strong>nouvelle m\u00e2che-cro\u00fbte<\/strong>. Pas une cr\u00e9ation d\u00e9di\u00e9e mais une m\u00e2che cro\u00fbte propos\u00e9e par la <strong>compagnie Plan\u00e8te Vapeur<\/strong> qui prendra vie sous le <strong>pont de la Guilloti\u00e8re<\/strong> du vendredi jusqu\u2019au dimanche et qui s\u2019animera pour <strong>deux spectacle<\/strong>s le vendredi soir et le samedi soir \u00e0 21h15. \u00bb<\/p>\n<p>Ecoutez aussi : <a href=\"https:\/\/www.lyondemain.fr\/la-nature-se-reinvite-dans-la-lone-de-jonage-remise-en-eau\/\" target=\"_blank\" rel=\"noreferrer noopener nofollow\">La nature se r\u00e9invite dans la L\u00f4ne de Jonage remise en eau<\/a><\/p>\n<p><img loading=\"lazy\" decoding=\"async\" width=\"1200\" height=\"675\" src=\"https:\/\/www.europesays.com\/fr\/wp-content\/uploads\/2025\/06\/Entre-Rhone-et-Saone-2025-activites-aquatiques.jpg\" alt=\"activit\u00e9s aquatiques\" class=\"wp-image-250044\"  \/><\/p>\n<p>Mieux comprendre les \u00e9cosyst\u00e8mes, leur biodiversit\u00e9, leur fonctionnement\u2026<\/p>\n<p>Le <strong>festival entre Rh\u00f4ne et Sa\u00f4ne 2025<\/strong>, ce ne sont pas que des activit\u00e9s. C\u2019est aussi une occasion de faire de la<strong> pr\u00e9vention sur l\u2019eau et ses ressources<\/strong>. De nombreux partenaires proposent <strong>des conf\u00e9rences ou des ateliers<\/strong> pour sensibiliser les Lyonnais mais pas que. <strong>Nancy Yana<\/strong>, directrice de la communication de l\u2019<strong>Agence de l\u2019Eau Rh\u00f4ne M\u00e9diterran\u00e9e Corse<\/strong>, explique. \u00ab On propose une <strong>balade fluviale sur le Rh\u00f4ne et sur la Sa\u00f4ne<\/strong> pour mieux comprendre les <strong>\u00e9cosyst\u00e8mes<\/strong>, leur <strong>biodiversit\u00e9<\/strong>, leur fonctionnement. Et l\u2019important en fait c\u2019est qu\u2019on ouvre cette conf\u00e9rence sur le fleuve. Quand on conna\u00eet, on pr\u00e9serve et on a envie de pr\u00e9server. \u00bb<\/p>\n<p>Le <strong>festival Entre Rh\u00f4ne et Sa\u00f4ne 2025<\/strong> est gratuit. Il permettra de reconnecter les citoyens avec les <strong>cours d\u2019eau<\/strong> de la ville. L\u2019int\u00e9gralit\u00e9 du <a href=\"https:\/\/entre-rhone-et-saone.fr\/\" target=\"_blank\" rel=\"noreferrer noopener nofollow\">programme<\/a> est officiellement disponible ainsi que les inscriptions pour les animations.<\/p>\n<p>Ecoutez aussi : <a href=\"https:\/\/www.lyondemain.fr\/le-poids-du-vivant-biodiversite-entreprises\/\" target=\"_blank\" rel=\"noreferrer noopener nofollow\">Le Poids du Vivant : la prise de conscience d\u2019un chef d\u2019entreprise<\/a><\/p>\n<p><img loading=\"lazy\" decoding=\"async\" width=\"1200\" height=\"675\" src=\"https:\/\/www.europesays.com\/fr\/wp-content\/uploads\/2025\/06\/Entre-Rhone-et-Saone-2025-berges-du-Rhone.jpg\" alt=\"Entre Rh\u00f4ne et Sa\u00f4ne 2025 \" class=\"wp-image-250043\"  \/><br \/>\nJ\u2019aime \u00e7a\u00a0:<\/p>\n<p>J\u2019aime chargement\u2026<\/p>\n<p><a class=\"sd-link-color\"\/><\/p>\n<p>\n\tArticles similaires\n<\/p>\n<p>\t\t\t\t<img decoding=\"async\" src=\"https:\/\/www.europesays.com\/fr\/wp-content\/uploads\/2025\/06\/1750129035_21_7866158698e17e8ed633c05e8f8e7fe5d9e057ad78661c4dc34e413abb6b9f19\" alt=\"G\u00e9rald Bouchon\"\/><\/p>\n<p>Pionnier des radios libres, passionn\u00e9 de radio, journaliste et dirigeant de m\u00e9dias \u00e9co-responsables..<\/p>\n<p>\t\t\t<script async src=\"\/\/www.instagram.com\/embed.js\"><\/script><\/p>\n","protected":false},"excerpt":{"rendered":"Du 27 au 29 juin, le festival entre Rh\u00f4ne et Sa\u00f4ne revient animer les bords du fleuve et&hellip;\n","protected":false},"author":2,"featured_media":182334,"comment_status":"","ping_status":"","sticky":false,"template":"","format":"standard","meta":{"footnotes":""},"categories":[1889],"tags":[32024,1111,11,2430,15109,32025,1130,21148,32026,1777,674,849,32027,1011,27,23173,2428,12,32028,32029,25],"class_list":{"0":"post-182333","1":"post","2":"type-post","3":"status-publish","4":"format-standard","5":"has-post-thumbnail","7":"category-lyon","8":"tag-activites-sportives","9":"tag-actu","10":"tag-actualites","11":"tag-auvergne-rhone-alpes","12":"tag-baignade","13":"tag-berges-du-rhone","14":"tag-biodiversite","15":"tag-darse","16":"tag-entre-rhone-et-saone","17":"tag-eu","18":"tag-europe","19":"tag-festival","20":"tag-fleuve-rhone","21":"tag-fr","22":"tag-france","23":"tag-guillotiere","24":"tag-lyon","25":"tag-news","26":"tag-port-edouard-herriot","27":"tag-protection-de-leau","28":"tag-republique-francaise"},"share_on_mastodon":{"url":"https:\/\/pubeurope.com\/@fr\/114696463682451347","error":""},"_links":{"self":[{"href":"https:\/\/www.europesays.com\/fr\/wp-json\/wp\/v2\/posts\/182333","targetHints":{"allow":["GET"]}}],"collection":[{"href":"https:\/\/www.europesays.com\/fr\/wp-json\/wp\/v2\/posts"}],"about":[{"href":"https:\/\/www.europesays.com\/fr\/wp-json\/wp\/v2\/types\/post"}],"author":[{"embeddable":true,"href":"https:\/\/www.europesays.com\/fr\/wp-json\/wp\/v2\/users\/2"}],"replies":[{"embeddable":true,"href":"https:\/\/www.europesays.com\/fr\/wp-json\/wp\/v2\/comments?post=182333"}],"version-history":[{"count":0,"href":"https:\/\/www.europesays.com\/fr\/wp-json\/wp\/v2\/posts\/182333\/revisions"}],"wp:featuredmedia":[{"embeddable":true,"href":"https:\/\/www.europesays.com\/fr\/wp-json\/wp\/v2\/media\/182334"}],"wp:attachment":[{"href":"https:\/\/www.europesays.com\/fr\/wp-json\/wp\/v2\/media?parent=182333"}],"wp:term":[{"taxonomy":"category","embeddable":true,"href":"https:\/\/www.europesays.com\/fr\/wp-json\/wp\/v2\/categories?post=182333"},{"taxonomy":"post_tag","embeddable":true,"href":"https:\/\/www.europesays.com\/fr\/wp-json\/wp\/v2\/tags?post=182333"}],"curies":[{"name":"wp","href":"https:\/\/api.w.org\/{rel}","templated":true}]}}