{"id":182335,"date":"2025-06-17T03:00:10","date_gmt":"2025-06-17T03:00:10","guid":{"rendered":"https:\/\/www.europesays.com\/fr\/182335\/"},"modified":"2025-06-17T03:00:10","modified_gmt":"2025-06-17T03:00:10","slug":"psg-pas-dentraineur-mais-deja-une-enorme-premiere-recrue-feminine","status":"publish","type":"post","link":"https:\/\/www.europesays.com\/fr\/182335\/","title":{"rendered":"PSG : pas d\u2019entra\u00eeneur, mais d\u00e9j\u00e0 une \u00e9norme premi\u00e8re recrue &#8211; Feminine"},"content":{"rendered":"<p>Alors que le PSG f\u00e9minin est toujours sans entra\u00eeneur depuis la mise \u00e0 pied de Fabrice Abriel, et l&rsquo;int\u00e9rim de Paulo C\u00e9sar, le club n\u2019attend pas pour lancer son mercato. Et c\u2019est un renfort de tout premier plan qui d\u00e9barque \u00e0 Paris : <strong>Olga Carmona<\/strong>, capitaine du Real Madrid et championne du monde avec l\u2019Espagne, a sign\u00e9 jusqu\u2019en 2028, avec une ann\u00e9e suppl\u00e9mentaire en option, nous apprend <strong><a style=\"color: #000080;\" href=\"https:\/\/x.com\/collectif_irp\" target=\"_blank\" rel=\"noopener\">le compte X Collectif Irp<\/a><\/strong>, tr\u00e8s inform\u00e9 sur la section f\u00e9minine.<\/p>\n<p>C\u2019\u00e9tait dans les tuyaux depuis plusieurs semaines, c\u2019est d\u00e9sormais act\u00e9 : Olga Carmona est Parisienne. La lat\u00e9rale gauche espagnole de 24 ans, r\u00e9v\u00e9l\u00e9e aux yeux du monde lors de la Coupe du Monde 2023, s\u2019est engag\u00e9e avec le PSG pour les trois prochaines saisons. Un transfert aussi inattendu que prestigieux, tant la joueuse incarnait l\u2019ADN du Real Madrid, son club formateur.<\/p>\n<p><strong> Un renfort d\u2019exp\u00e9rience et de caract\u00e8re <\/strong><\/p>\n<p>D\u00e9fenseure moderne, capable d\u2019\u00e9voluer haut sur son c\u00f4t\u00e9, Olga Carmona est une joueuse compl\u00e8te : rapide, intelligente dans ses courses, solide d\u00e9fensivement, mais aussi tr\u00e8s adroite face au but. Elle a notamment inscrit le but d\u00e9cisif en finale de Coupe du Monde contre l\u2019Angleterre, offrant \u00e0 l\u2019Espagne son premier sacre mondial. Sur le terrain comme dans le vestiaire, son leadership est reconnu. Elle \u00e9tait la capitaine du Real \u00e0 seulement 24 ans.<\/p>\n<p>Avec cette signature, le PSG envoie un signal fort : malgr\u00e9 les incertitudes autour du poste d\u2019entra\u00eeneur, l\u2019ambition reste intacte. Carmona s\u2019ajoute \u00e0 un effectif d\u00e9j\u00e0 riche en talent et devrait devenir une pi\u00e8ce ma\u00eetresse du projet parisien. En attendant l\u2019arriv\u00e9e du nouveau coach, Paris frappe fort avec cette recrue de prestige, \u00e0 la fois symbole de l\u2019avenir et d\u2019une mentalit\u00e9 de gagnante.<\/p>\n","protected":false},"excerpt":{"rendered":"Alors que le PSG f\u00e9minin est toujours sans entra\u00eeneur depuis la mise \u00e0 pied de Fabrice Abriel, et&hellip;\n","protected":false},"author":2,"featured_media":182336,"comment_status":"","ping_status":"","sticky":false,"template":"","format":"standard","meta":{"footnotes":""},"categories":[1888],"tags":[1111,1928,11,1927,32030,3396,3952,1442,25370,1994,1777,674,1295,1011,27,9447,4564,1434,12,1926,32031,10542,626,1925,3051,30328,25],"class_list":{"0":"post-182335","1":"post","2":"type-post","3":"status-publish","4":"format-standard","5":"has-post-thumbnail","7":"category-paris","8":"tag-actu","9":"tag-actu-paris","10":"tag-actualites","11":"tag-actualites-paris","12":"tag-attendant","13":"tag-avec","14":"tag-coup","15":"tag-deja","16":"tag-enorme","17":"tag-entraineur","18":"tag-eu","19":"tag-europe","20":"tag-feminin","21":"tag-fr","22":"tag-france","23":"tag-lance","24":"tag-mais","25":"tag-mercato","26":"tag-news","27":"tag-news-paris","28":"tag-nommer","29":"tag-nouvel","30":"tag-paris","31":"tag-paris-news","32":"tag-premiere","33":"tag-recrue","34":"tag-republique-francaise"},"share_on_mastodon":{"url":"https:\/\/pubeurope.com\/@fr\/114696475318724947","error":""},"_links":{"self":[{"href":"https:\/\/www.europesays.com\/fr\/wp-json\/wp\/v2\/posts\/182335","targetHints":{"allow":["GET"]}}],"collection":[{"href":"https:\/\/www.europesays.com\/fr\/wp-json\/wp\/v2\/posts"}],"about":[{"href":"https:\/\/www.europesays.com\/fr\/wp-json\/wp\/v2\/types\/post"}],"author":[{"embeddable":true,"href":"https:\/\/www.europesays.com\/fr\/wp-json\/wp\/v2\/users\/2"}],"replies":[{"embeddable":true,"href":"https:\/\/www.europesays.com\/fr\/wp-json\/wp\/v2\/comments?post=182335"}],"version-history":[{"count":0,"href":"https:\/\/www.europesays.com\/fr\/wp-json\/wp\/v2\/posts\/182335\/revisions"}],"wp:featuredmedia":[{"embeddable":true,"href":"https:\/\/www.europesays.com\/fr\/wp-json\/wp\/v2\/media\/182336"}],"wp:attachment":[{"href":"https:\/\/www.europesays.com\/fr\/wp-json\/wp\/v2\/media?parent=182335"}],"wp:term":[{"taxonomy":"category","embeddable":true,"href":"https:\/\/www.europesays.com\/fr\/wp-json\/wp\/v2\/categories?post=182335"},{"taxonomy":"post_tag","embeddable":true,"href":"https:\/\/www.europesays.com\/fr\/wp-json\/wp\/v2\/tags?post=182335"}],"curies":[{"name":"wp","href":"https:\/\/api.w.org\/{rel}","templated":true}]}}