{"id":182345,"date":"2025-06-17T03:05:14","date_gmt":"2025-06-17T03:05:14","guid":{"rendered":"https:\/\/www.europesays.com\/fr\/182345\/"},"modified":"2025-06-17T03:05:14","modified_gmt":"2025-06-17T03:05:14","slug":"volodymyr-zelensky-perd-de-plus-en-plus-la-confiance-des-ukrainiens-2","status":"publish","type":"post","link":"https:\/\/www.europesays.com\/fr\/182345\/","title":{"rendered":"Volodymyr Zelensky perd de plus en plus la confiance des Ukrainiens"},"content":{"rendered":"<p>Sa cote de popularit\u00e9 reste \u00e9videmment sup\u00e9rieure \u00e0 celle de f\u00e9vrier dernier. Mais elle baisse quand m\u00eame significativement. Selon un sondage\u00a0publi\u00e9 par <a href=\"https:\/\/kiis.com.ua\/?lang=ukr&amp;cat=reports&amp;id=1536&amp;page=1\" rel=\"nofollow noopener\" target=\"_blank\" data-ylk=\"slk:l\u2019Institut international de sociologie de Kiev;elm:context_link;itc:0;sec:content-canvas\" class=\"link \">l\u2019Institut international de sociologie de Kiev<\/a> (KIIS) ce lundi 16\u00a0juin, la cote de confiance accord\u00e9e par <a href=\"https:\/\/www.parismatch.com\/dossiers\/guerre-en-ukraine\" rel=\"nofollow noopener\" target=\"_blank\" data-ylk=\"slk:les Ukrainiens;elm:context_link;itc:0;sec:content-canvas\" class=\"link \">les Ukrainiens<\/a> envers leur Pr\u00e9sident et chef de guerre <a href=\"https:\/\/www.parismatch.com\/bio\/volodymyr-zelensky\" rel=\"nofollow noopener\" target=\"_blank\" data-ylk=\"slk:Volodymyr Zelensky;elm:context_link;itc:0;sec:content-canvas\" class=\"link \">Volodymyr Zelensky<\/a> a chut\u00e9 de 11 points depuis le mois de mai, rapport le Kyiv Independent.<\/p>\n<p>L\u2019enqu\u00eate, qui a \u00e9t\u00e9 men\u00e9e entre le 15\u00a0mai et le 3\u00a0juin aupr\u00e8s d\u2019un \u00e9chantillon al\u00e9atoire de 1\u00a0011 adultes r\u00e9sidant en Ukraine, hors territoires occup\u00e9s, r\u00e9v\u00e8le que 65\u00a0% des Ukrainiens font actuellement confiance au pr\u00e9sident, tandis que 35\u00a0% n\u2019y font pas confiance.<\/p>\n<p>Une fracture r\u00e9gionale<\/p>\n<p>Les sociologues expliquent ne pas pouvoir identifier une cause sp\u00e9cifique du d\u00e9clin, mais soulignent des facteurs tels que la pression croissante pour un\u00a0cessez-le-feu\u00a0et l\u2019affaiblissement de la vague de soutien observ\u00e9e plus t\u00f4t cette ann\u00e9e, notamment au moment des premi\u00e8res tensions entre le chef d\u2019\u00c9tat et son homologue am\u00e9ricain Donald Trump.<\/p>\n<p>La confiance de son peuple, Volodymyr Zelensky l\u2019avait pourtant obtenue d\u00e9but mai, apr\u00e8s la signature d\u2019un\u00a0accord minier\u00a0avec les \u00c9tats-Unis, per\u00e7u comme une victoire diplomatique et \u00e9conomique. \u00c0 l\u2019\u00e9poque, 74\u00a0% des sond\u00e9s affirmaient avoir confiance en leur Pr\u00e9sident.<\/p>\n<p>\u00c0 lire aussi <a href=\"https:\/\/www.parismatch.com\/actu\/international\/montres-de-luxe-et-compte-suisse-le-patrimoine-de-zelensky-devoile-250876\" rel=\"nofollow noopener\" target=\"_blank\" data-ylk=\"slk:Montres de luxe et compte suisse\u00a0: le patrimoine de Zelensky d\u00e9voil\u00e9;elm:context_link;itc:0;sec:content-canvas\" class=\"link \">Montres de luxe et compte suisse\u00a0: le patrimoine de Zelensky d\u00e9voil\u00e9 <\/a><\/p>\n<p>Ce nouveau sondage r\u00e9v\u00e8le une fracture r\u00e9gionale marqu\u00e9e, notamment entre l\u2019ouest de l&#8230;<\/p>\n<p><a href=\"https:\/\/www.parismatch.com\/actu\/international\/guerre-en-ukraine-volodymyr-zelensky-perd-de-plus-en-plus-la-confiance-des-ukrainiens-252868?at_medium=affiliate&amp;at_campaign=Yahoo\" rel=\"nofollow noopener\" target=\"_blank\" data-ylk=\"slk:Lire la suite sur ParisMatch;elm:context_link;itc:0;sec:content-canvas\" class=\"link \">Lire la suite sur ParisMatch<\/a><\/p>\n","protected":false},"excerpt":{"rendered":"Sa cote de popularit\u00e9 reste \u00e9videmment sup\u00e9rieure \u00e0 celle de f\u00e9vrier dernier. Mais elle baisse quand m\u00eame significativement.&hellip;\n","protected":false},"author":2,"featured_media":182346,"comment_status":"","ping_status":"","sticky":false,"template":"","format":"standard","meta":{"footnotes":""},"categories":[1590],"tags":[11,32033,1777,674,32034,16985,12,220,10884,134],"class_list":{"0":"post-182345","1":"post","2":"type-post","3":"status-publish","4":"format-standard","5":"has-post-thumbnail","7":"category-ukraine","8":"tag-actualites","9":"tag-cote-de-popularite","10":"tag-eu","11":"tag-europe","12":"tag-la-confiance","13":"tag-montres-de-luxe","14":"tag-news","15":"tag-ukraine","16":"tag-ukrainiens","17":"tag-volodymyr-zelensky"},"share_on_mastodon":{"url":"https:\/\/pubeurope.com\/@fr\/114696495043133149","error":""},"_links":{"self":[{"href":"https:\/\/www.europesays.com\/fr\/wp-json\/wp\/v2\/posts\/182345","targetHints":{"allow":["GET"]}}],"collection":[{"href":"https:\/\/www.europesays.com\/fr\/wp-json\/wp\/v2\/posts"}],"about":[{"href":"https:\/\/www.europesays.com\/fr\/wp-json\/wp\/v2\/types\/post"}],"author":[{"embeddable":true,"href":"https:\/\/www.europesays.com\/fr\/wp-json\/wp\/v2\/users\/2"}],"replies":[{"embeddable":true,"href":"https:\/\/www.europesays.com\/fr\/wp-json\/wp\/v2\/comments?post=182345"}],"version-history":[{"count":0,"href":"https:\/\/www.europesays.com\/fr\/wp-json\/wp\/v2\/posts\/182345\/revisions"}],"wp:featuredmedia":[{"embeddable":true,"href":"https:\/\/www.europesays.com\/fr\/wp-json\/wp\/v2\/media\/182346"}],"wp:attachment":[{"href":"https:\/\/www.europesays.com\/fr\/wp-json\/wp\/v2\/media?parent=182345"}],"wp:term":[{"taxonomy":"category","embeddable":true,"href":"https:\/\/www.europesays.com\/fr\/wp-json\/wp\/v2\/categories?post=182345"},{"taxonomy":"post_tag","embeddable":true,"href":"https:\/\/www.europesays.com\/fr\/wp-json\/wp\/v2\/tags?post=182345"}],"curies":[{"name":"wp","href":"https:\/\/api.w.org\/{rel}","templated":true}]}}