{"id":182347,"date":"2025-06-17T03:06:10","date_gmt":"2025-06-17T03:06:10","guid":{"rendered":"https:\/\/www.europesays.com\/fr\/182347\/"},"modified":"2025-06-17T03:06:10","modified_gmt":"2025-06-17T03:06:10","slug":"donald-trump-quitte-prematurement-le-g7-au-canada-apres-avoir-appele-a-levacuation-de-teheran","status":"publish","type":"post","link":"https:\/\/www.europesays.com\/fr\/182347\/","title":{"rendered":"Donald Trump quitte pr\u00e9matur\u00e9ment le G7 au Canada apr\u00e8s avoir appel\u00e9 \u00e0 l\u2019\u00e9vacuation de T\u00e9h\u00e9ran"},"content":{"rendered":"<p>        <img decoding=\"async\" loading=\"lazy\" src=\"https:\/\/www.europesays.com\/fr\/wp-content\/uploads\/2025\/06\/b4ca0af_upload-1-jzgsrntcmy4c-000-62lt7qf.jpg\"  width=\"728\" height=\"409\" alt=\"Donald Trump quitte pr\u00e9matur\u00e9ment le G7\u00a0au Canada en raison du conflit Iran-Isra\u00ebl, ce mardi 17\u00a0juin.\"\/>  <\/p>\n<p>SUZANNE PLUNKETT \/ AFP<\/p>\n<p>Donald Trump quitte pr\u00e9matur\u00e9ment le G7\u00a0au Canada en raison du conflit Iran-Isra\u00ebl, ce mardi 17\u00a0juin.<\/p>\n<p class=\"asset asset-text\">\u00c9TATS-UNIS &#8211; D\u00e9part pr\u00e9cipit\u00e9 pour raison imp\u00e9rieuse. La porte-parole de <a href=\"https:\/\/www.huffingtonpost.fr\/international\/article\/toujours-plus-violent-trump-promet-le-plus-grand-programme-d-expulsions-de-l-histoire_251391.html\" target=\"_blank\" rel=\"noopener\">Donald Trump <\/a>a annonc\u00e9, dans la nuit du lundi 16\u00a0juin au mardi 17\u00a0juin, que le pr\u00e9sident partirait \u00ab\u00a0ce soir apr\u00e8s le d\u00eener\u00a0\u00bb, avec les autres dirigeants du <a href=\"https:\/\/www.huffingtonpost.fr\/international\/article\/ces-sujets-qui-menacent-de-faire-derailler-un-g7-que-donald-trump-rend-deja-explosif_251249.html\" target=\"_blank\" rel=\"noopener\">sommet du G7 au Canada<\/a>.<\/p>\n<p class=\"asset asset-text\">Le pr\u00e9sident am\u00e9ricain, dont le s\u00e9jour au Canada devait se prolonger jusqu\u2019\u00e0 mardi, et se conclure par une conf\u00e9rence de presse en fin de journ\u00e9e, \u00ab\u00a0rentre \u00e0 Washington pour s\u2019occuper de nombreux sujets importants\u00a0\u00bb, a-t-elle d\u00e9clar\u00e9 par ailleurs dans un court communiqu\u00e9.<\/p>\n<p class=\"asset asset-text\">Plus t\u00f4t dans la soir\u00e9e, Donald Trump avait appel\u00e9 les habitants de la capitale iranienne, T\u00e9h\u00e9ran, \u00e0 \u00ab\u00a0\u00e9vacuer imm\u00e9diatement\u00a0\u00bb. \u00ab\u00a0L\u2019Iran aurait d\u00fb signer l\u2019\u00a0\u201caccord\u201d quand je leur ai dit de signer. Quel dommage et quel g\u00e2chis de vies humaines\u00a0\u00bb, avait-il encore \u00e9crit sur son r\u00e9seau Truth Social.<\/p>\n<p>    Cinqui\u00e8me nuit de frappes    <\/p>\n<p class=\"asset asset-text\">Et le milliardaire r\u00e9publicain de 79\u00a0ans avait assur\u00e9 qu\u2019un \u00ab\u00a0accord\u00a0\u00bb allait \u00eatre trouv\u00e9 concernant le conflit entre l\u2019Iran et Isra\u00ebl, sans bien expliquer si ce serait le r\u00e9sultat de la contrainte militaire ou de n\u00e9gociations.<\/p>\n<p class=\"asset asset-text\">Donald Trump est par ailleurs rest\u00e9 \u00e9vasif lundi sur la question d\u2019une participation am\u00e9ricaine active \u00e0 l\u2019offensive a\u00e9rienne sans pr\u00e9c\u00e9dent d\u2019Isra\u00ebl.<\/p>\n<p class=\"asset asset-text\">Pendant ce temps, Isra\u00ebl et l\u2019Iran \u00e9changent barrages de missiles et menaces guerri\u00e8res pour la cinqui\u00e8me nuit cons\u00e9cutive, T\u00e9h\u00e9ran annon\u00e7ant des frappes \u00ab\u00a0sans interruption jusqu\u2019\u00e0 l\u2019aube\u00a0\u00bb apr\u00e8s une nouvelle vague d\u2019attaques isra\u00e9liennes contre sa t\u00e9l\u00e9vision nationale et plusieurs autres cibles.<\/p>\n<p class=\"asset asset-text\">L\u2019arm\u00e9e isra\u00e9lienne a aussi lanc\u00e9 mardi, au petit matin, une br\u00e8ve alerte a\u00e9rienne concernant Tel-Aviv et Beersheva, dans le sud du pays, mais l\u2019a lev\u00e9e au bout de quelques instants.<\/p>\n<p class=\"asset asset-text\">Depuis le Canada, Emmanuel Macron a appel\u00e9 \u00e0 \u00ab\u00a0cesser\u00a0\u00bb les frappes contre les civils en Iran et en Isra\u00ebl.<\/p>\n","protected":false},"excerpt":{"rendered":"SUZANNE PLUNKETT \/ AFP Donald Trump quitte pr\u00e9matur\u00e9ment le G7\u00a0au Canada en raison du conflit Iran-Isra\u00ebl, ce mardi&hellip;\n","protected":false},"author":2,"featured_media":182348,"comment_status":"","ping_status":"","sticky":false,"template":"","format":"standard","meta":{"footnotes":""},"categories":[1589],"tags":[11,574,75,73,1866,23564,14,3257,12,1864,1865,1863,308],"class_list":{"0":"post-182347","1":"post","2":"type-post","3":"status-publish","4":"format-standard","5":"has-post-thumbnail","7":"category-etats-unis","8":"tag-actualites","9":"tag-canada","10":"tag-donald-trump","11":"tag-etats-unis","12":"tag-etats-unis-damerique","13":"tag-g7","14":"tag-international","15":"tag-moyen-orient","16":"tag-news","17":"tag-united-states","18":"tag-united-states-of-america","19":"tag-us","20":"tag-usa"},"share_on_mastodon":{"url":"https:\/\/pubeurope.com\/@fr\/114696498994756174","error":""},"_links":{"self":[{"href":"https:\/\/www.europesays.com\/fr\/wp-json\/wp\/v2\/posts\/182347","targetHints":{"allow":["GET"]}}],"collection":[{"href":"https:\/\/www.europesays.com\/fr\/wp-json\/wp\/v2\/posts"}],"about":[{"href":"https:\/\/www.europesays.com\/fr\/wp-json\/wp\/v2\/types\/post"}],"author":[{"embeddable":true,"href":"https:\/\/www.europesays.com\/fr\/wp-json\/wp\/v2\/users\/2"}],"replies":[{"embeddable":true,"href":"https:\/\/www.europesays.com\/fr\/wp-json\/wp\/v2\/comments?post=182347"}],"version-history":[{"count":0,"href":"https:\/\/www.europesays.com\/fr\/wp-json\/wp\/v2\/posts\/182347\/revisions"}],"wp:featuredmedia":[{"embeddable":true,"href":"https:\/\/www.europesays.com\/fr\/wp-json\/wp\/v2\/media\/182348"}],"wp:attachment":[{"href":"https:\/\/www.europesays.com\/fr\/wp-json\/wp\/v2\/media?parent=182347"}],"wp:term":[{"taxonomy":"category","embeddable":true,"href":"https:\/\/www.europesays.com\/fr\/wp-json\/wp\/v2\/categories?post=182347"},{"taxonomy":"post_tag","embeddable":true,"href":"https:\/\/www.europesays.com\/fr\/wp-json\/wp\/v2\/tags?post=182347"}],"curies":[{"name":"wp","href":"https:\/\/api.w.org\/{rel}","templated":true}]}}