{"id":182367,"date":"2025-06-17T03:20:13","date_gmt":"2025-06-17T03:20:13","guid":{"rendered":"https:\/\/www.europesays.com\/fr\/182367\/"},"modified":"2025-06-17T03:20:13","modified_gmt":"2025-06-17T03:20:13","slug":"la-f1-pleure-la-disparition-de-cet-ancien-pilote-allemand-au-role-decisif-dans-sa-carriere","status":"publish","type":"post","link":"https:\/\/www.europesays.com\/fr\/182367\/","title":{"rendered":"la F1 pleure la disparition de cet ancien pilote allemand au r\u00f4le d\u00e9cisif dans sa carri\u00e8re"},"content":{"rendered":"<p>Par <a class=\"author_recette\" id=\"author_name\" href=\"https:\/\/www.nextplz.fr\/auteur\/jason-mathurin\" target=\"_blank\" rel=\"noopener\">Jason<br \/>\nMathurin<\/a> &#8211;<br \/>\nPubli\u00e9 le 16 Juin 2025 \u00e0<br \/>\n16:30<\/p>\n<p class=\"article-intro excerpt\">Pilote \u00e9m\u00e9rite, celui qui a forg\u00e9<br \/>\nla l\u00e9gende qu\u2019est Michael Schumacher s\u2019est \u00e9teint et laisse le<br \/>\nmonde de la F1 endeuill\u00e9\u2026<\/p>\n<p>C&rsquo;est un terrible coup du sort qui affecte le monde de la<br \/>\nFormule 1&#8230; Il faut dire que l&rsquo;actualit\u00e9 autour de Michael<br \/>\nSchumacher fait beaucoup parler. Pendant de nombreuses ann\u00e9es, la<br \/>\nfamille du pilote a tu son \u00e9tat de sant\u00e9. Et pour cause, l&rsquo;ancien<br \/>\ncoureur est sorti d&rsquo;un long coma en 2013, apr\u00e8s un accident grave<br \/>\nsurvenu alors qu&rsquo;il skiait sur les pistes de M\u00e9ribel. Un grave<br \/>\naccident qui l&rsquo;a laiss\u00e9 lourdement handicap\u00e9. Bien que nous n&rsquo;en<br \/>\nsachions pas \u00e9norm\u00e9ment sur son \u00e9tat de sant\u00e9 \u00e0 l&rsquo;\u00e9poque. Si<br \/>\nquelques informations ont fuit\u00e9, <a href=\"https:\/\/www.nextplz.fr\/people\/492001-michael-schumacher-11-ans-apres-son-clan-rompt-definitivement-tout-lien-plus-aucune-information-ne-filtrera\" target=\"_blank\" rel=\"noopener\"><br \/>\nle clan a prot\u00e9g\u00e9 de mani\u00e8re stricte<\/a>. Aujourd&rsquo;hui, l&rsquo;\u00e9tat du<br \/>\nchampion interpelle, et <strong>beaucoup ne sont pas pr\u00eats \u00e0 faire<br \/>\nle deuil<\/strong>&#8230;<\/p>\n<p>Est-ce que Schumacher est<br \/>\nconscient ?<\/p>\n<p>En 2021, un documentaire sur Netflix r\u00e9v\u00e9lait de rares<br \/>\ninformations \u00e0 son sujet. \u00ab\u00a0Michael ne parle pas, il communique<br \/>\navec ses yeux. Seules trois personnes peuvent lui rendre visite, et<br \/>\nje sais qui elles sont\u00a0\u00bb, t\u00e9moignait l&rsquo;ex-femme du patron de F1<br \/>\nFlavio Briatore, au sujet de Michael Schumacher. Ce m\u00eame Flavio<br \/>\nBriatore qui r\u00e9cemment a donn\u00e9 des nouvelles peu r\u00e9jouissantes sur<br \/>\nson poulain. \u00ab\u00a0Si je ferme les yeux, je le vois sourire apr\u00e8s<br \/>\nune victoire\u00a0\u00bb, avait-il dit, assurant pr\u00e9f\u00e9r\u00e9e se<br \/>\n<strong>\u00ab\u00a0souvenir de lui comme \u00e7a plut\u00f4t que de lui<br \/>\nalit\u00e9\u00a0\u00bb<\/strong>. D&rsquo;autres estiment qu&rsquo;il n&rsquo;y a plus aucun<br \/>\nespoir pour le pilote, all\u00e9guant qu&rsquo;il n&rsquo;est plus le m\u00eame depuis<br \/>\nson accident et que seule sa famille prot\u00e8ge le secret.<\/p>\n<p>Une star de la F1 nous a quitt\u00e9s<\/p>\n<p>Entre-temps, une tr\u00e8s mauvaise nouvelle est tomb\u00e9e, au sein de<br \/>\nl&rsquo;entourage de Michael Schumacher. En effet, Jochen Mass nous a<br \/>\nquitt\u00e9s, <strong>\u00e0 l&rsquo;\u00e2ge honorable de 78 ans<\/strong>. Le vainqueur<br \/>\ndu Grand Prix de F1 de 1975 et des 24h du Mans en 1989 s&rsquo;est<br \/>\n\u00e9teint, <a href=\"https:\/\/www.nextplz.fr\/people\/491081-michael-manque-a-tout-le-monde-lhommage-bouleversant-de-corinna-schumacher-a-son-epoux-le-champion-de-f1\" target=\"_blank\" rel=\"noopener\"><br \/>\nlaissant le monde de la course dans un \u00e9tat de deuil<br \/>\n\u00e9pouvantable<\/a>. Il faut dire que cet \u00e9minent personnage a eu un<br \/>\nr\u00f4le dans l&rsquo;ascension fulgurante de son poulain, Michael<br \/>\nSchumacher. Fid\u00e8le \u00e0 son \u00e9curie, Mercedes, il a accompagn\u00e9 de<br \/>\njeunes talents, dont le fameux Schumi.<\/p>\n<p>Jochen Mass, le mentor<br \/>\nde Michael Schumacher est d\u00e9c\u00e9d\u00e9<\/p>\n<p>Le mentor de Michael Schumacher est d\u00e9c\u00e9d\u00e9 \u00e0 la suite d&rsquo;un AVC \u00e0<br \/>\nCannes, le 3 mai 2025. Un AVC survenu non pas en mai, mais plus<br \/>\nt\u00f4t, en f\u00e9vrier. Jochen Mass n&rsquo;a peut-\u00eatre pas <strong>la notori\u00e9t\u00e9<br \/>\ninterg\u00e9n\u00e9rationnelle de Schumi<\/strong>, mais il n&rsquo;en est pas moins<br \/>\nune \u00e9toile dans la galaxie de la F1. Un parcours jonch\u00e9 de drames,<br \/>\ndont le d\u00e9c\u00e8s de Gilles Villeneuve, lors du Grand Prix de Belgique<br \/>\n\u00e0 Zolder. Alors que la Ferrari du coureur canadien fuse, ce dernier<br \/>\nest \u00e9ject\u00e9 et il d\u00e9c\u00e8de apr\u00e8s coup, quelques heures plus tard.<br \/>\nCette exp\u00e9rience a traumatis\u00e9 le pilote, qui s&rsquo;est d\u00e8s lors<br \/>\nd\u00e9tourn\u00e9 des circuits.<\/p>\n","protected":false},"excerpt":{"rendered":"Par Jason Mathurin &#8211; Publi\u00e9 le 16 Juin 2025 \u00e0 16:30 Pilote \u00e9m\u00e9rite, celui qui a forg\u00e9 la&hellip;\n","protected":false},"author":2,"featured_media":182368,"comment_status":"","ping_status":"","sticky":false,"template":"","format":"standard","meta":{"footnotes":""},"categories":[1412],"tags":[1451,1452,1453,1454,1455,1011,27,29017,60],"class_list":{"0":"post-182367","1":"post","2":"type-post","3":"status-publish","4":"format-standard","5":"has-post-thumbnail","7":"category-f1","8":"tag-f1","9":"tag-formula-1","10":"tag-formula1","11":"tag-formule-1","12":"tag-formule1","13":"tag-fr","14":"tag-france","15":"tag-nonli_nextplz","16":"tag-sports"},"share_on_mastodon":{"url":"https:\/\/pubeurope.com\/@fr\/114696554046556495","error":""},"_links":{"self":[{"href":"https:\/\/www.europesays.com\/fr\/wp-json\/wp\/v2\/posts\/182367","targetHints":{"allow":["GET"]}}],"collection":[{"href":"https:\/\/www.europesays.com\/fr\/wp-json\/wp\/v2\/posts"}],"about":[{"href":"https:\/\/www.europesays.com\/fr\/wp-json\/wp\/v2\/types\/post"}],"author":[{"embeddable":true,"href":"https:\/\/www.europesays.com\/fr\/wp-json\/wp\/v2\/users\/2"}],"replies":[{"embeddable":true,"href":"https:\/\/www.europesays.com\/fr\/wp-json\/wp\/v2\/comments?post=182367"}],"version-history":[{"count":0,"href":"https:\/\/www.europesays.com\/fr\/wp-json\/wp\/v2\/posts\/182367\/revisions"}],"wp:featuredmedia":[{"embeddable":true,"href":"https:\/\/www.europesays.com\/fr\/wp-json\/wp\/v2\/media\/182368"}],"wp:attachment":[{"href":"https:\/\/www.europesays.com\/fr\/wp-json\/wp\/v2\/media?parent=182367"}],"wp:term":[{"taxonomy":"category","embeddable":true,"href":"https:\/\/www.europesays.com\/fr\/wp-json\/wp\/v2\/categories?post=182367"},{"taxonomy":"post_tag","embeddable":true,"href":"https:\/\/www.europesays.com\/fr\/wp-json\/wp\/v2\/tags?post=182367"}],"curies":[{"name":"wp","href":"https:\/\/api.w.org\/{rel}","templated":true}]}}