{"id":182369,"date":"2025-06-17T03:21:08","date_gmt":"2025-06-17T03:21:08","guid":{"rendered":"https:\/\/www.europesays.com\/fr\/182369\/"},"modified":"2025-06-17T03:21:08","modified_gmt":"2025-06-17T03:21:08","slug":"apres-sa-chute-benoit-cosnefroy-devra-t-il-faire-une-croix-sur-le-tour-de-france","status":"publish","type":"post","link":"https:\/\/www.europesays.com\/fr\/182369\/","title":{"rendered":"Apr\u00e8s sa chute, Beno\u00eet Cosnefroy devra-t-il faire une croix sur le Tour de France\u00a0?"},"content":{"rendered":"<p>            Par<br \/>\n        <strong><br \/>\n            <a href=\"https:\/\/actu.fr\/auteur\/b-hue\" title=\"Consulter tous les articles de Baptiste Hue\" target=\"_blank\" rel=\"noopener\">Baptiste Hue<\/a><br \/>\n        <\/strong><\/p>\n<p>        Publi\u00e9 le<\/p>\n<p>            16 juin 2025 \u00e0 19h32        <\/p>\n<p>Comment passer du rire aux larmes en une fraction de seconde\u2026 <b>Pr\u00e9sent dans la bonne \u00e9chapp\u00e9e dimanche sur la 1re \u00e9tape du Tour de Suisse, \u00e9preuve qui devait lui servir de tremplin en vue d\u2019une participation<\/b> au <a href=\"https:\/\/actu.fr\/tag\/tour-de-france\" target=\"_blank\" rel=\"noopener\">Tour de France<\/a>, <a href=\"https:\/\/actu.fr\/tag\/benoit-cosnefroy\" target=\"_blank\" rel=\"noopener\">Beno\u00eet Cosnefroy<\/a> semblait en grande condition, pr\u00eat \u00e0 jouer dans le final avec les meilleurs comme Romain Gr\u00e9goire (1er), K\u00e9vin Vauquelin (2e) et Julian Alaphilippe (4e).<\/p>\n<p class=\" wall-content\">\u00ab\u2009<b>Il a dit qu\u2019il avait des jambes de fou, il avait la victoire en t\u00eate. Il caressait les p\u00e9dales\u2009<\/b>\u00bb, confie un de ses proches.<\/p>\n<p>Un choc avec une voiture \u00e0 55\u00a0km\/h<\/p>\n<p class=\" wall-content\">Redescendu un bref moment aupr\u00e8s de la voiture de son directeur sportif, le Rauvillais a malheureusement \u00e9t\u00e9 victime d\u2019une <b>lourde chute<\/b> <b>apr\u00e8s avoir percut\u00e9 une voiture qui a pil\u00e9 net devant lui, \u00e0 environ 55\u00a0km\/h.<\/b> Il est retomb\u00e9 violemment sur le genou (pas celui pour lequel il a \u00e9t\u00e9 op\u00e9r\u00e9 cet hiver) et a vite compris qu\u2019il ne serait pas en capacit\u00e9 de remonter sur sa selle. D\u2019apr\u00e8s nos informations,<b> il doit passer un IRM mardi 17 juin pour d\u00e9terminer la nature exacte de sa blessure.<\/b><\/p>\n<p class=\" wall-content\">En attendant, c\u2019est un gros coup dur pour l\u2019ancien minot de l\u2019UC <a href=\"https:\/\/actu.fr\/normandie\/bricquebec-en-cotentin_50082\" target=\"_blank\" rel=\"noopener\">Bricquebec<\/a> qui avait travaill\u00e9 d\u2019arrache-pied pour retrouver son niveau apr\u00e8s avoir pass\u00e9<b> plus de huit mois sans courir. \u00ab\u2009Il \u00e9tait aff\u00fbt\u00e9 comme jamais\u2009<\/b>\u00bb, dit-on dans son entourage.<\/p>\n<p>Il nourrissait de grandes ambitions<\/p>\n<p class=\" wall-content\">Visiblement <b>tr\u00e8s affect\u00e9 moralement, <\/b>Beno\u00eet Cosnefroy n\u2019a pas pu contenir ses larmes, <b>certainement conscient que cette blessure sonnait le glas de ses espoirs d\u2019une s\u00e9lection pour le Tour de France<\/b>, <b>une \u00e9preuve pour laquelle il nourrissait de grandes ambitions cette ann\u00e9e avec un parcours \u00e0 sa convenance.<\/b><\/p>\n<p class=\" wall-content\">Les spectateurs manchois auront-ils ainsi la chance de la voir dans ses \u0153uvres le 10\u00a0juillet lors de la 6e \u00e9tape entre Bayeux et Vire\u2009? Ce n\u2019est pas gagn\u00e9.<\/p>\n<p class=\" wall-content\">Quand bien m\u00eame il serait apte \u00e0 p\u00e9daler avant le grand d\u00e9part de Lille le 5\u00a0juillet, la p\u00e9riode de convalescence qui se profile para\u00eet pr\u00e9judiciable avant d\u2019aborder une \u00e9preuve de trois semaines.<\/p>\n<p class=\" wall-content\">Ses dirigeants prendront-ils le risque de s\u00e9lectionner un coureur \u00e0 la pr\u00e9paration tronqu\u00e9e, sans un Dauphin\u00e9 ou un Tour de Suisse dans les jambes\u2009?<\/p>\n<p class=\" wall-content\">Pour se montrer optimiste, <b>on peut se rappeler que le coureur de Decathlon-AG2R La Mondiale est souvent, au cours de sa carri\u00e8re, revenu rapidement en bonne condition apr\u00e8s un coup d\u2019arr\u00eat.<\/b> <b>\u00c0 18\u00a0jours du d\u00e9part, le compte \u00e0 rebours est enclench\u00e9\u2026<\/b><\/p>\n<p class=\" wall-content\">Suivez toute l\u2019actualit\u00e9 de vos villes et m\u00e9dias favoris en vous inscrivant \u00e0 <a href=\"https:\/\/moncompte.actu.fr\" title=\"D\u00e9couvez Mon Actu\" rel=\"nofollow noopener\" data-trk=\"{&quot;cta&quot;:{&quot;action&quot;:&quot;https:\\\/\\\/moncompte.actu.fr&quot;,&quot;category&quot;:&quot;mon compte&quot;,&quot;from&quot;:&quot;article footer&quot;,&quot;name&quot;:&quot;Mon actu&quot;,&quot;type&quot;:&quot;cta&quot;}}\" target=\"_blank\">Mon Actu<\/a>.<\/p>\n","protected":false},"excerpt":{"rendered":"Par Baptiste Hue Publi\u00e9 le 16 juin 2025 \u00e0 19h32 Comment passer du rire aux larmes en une&hellip;\n","protected":false},"author":2,"featured_media":182370,"comment_status":"","ping_status":"","sticky":false,"template":"","format":"standard","meta":{"footnotes":""},"categories":[1411],"tags":[10275,3168,1154,207,1011,27,60,2116],"class_list":{"0":"post-182369","1":"post","2":"type-post","3":"status-publish","4":"format-standard","5":"has-post-thumbnail","7":"category-cyclisme","8":"tag-benoit-cosnefroy","9":"tag-cotentin","10":"tag-cycling","11":"tag-cyclisme","12":"tag-fr","13":"tag-france","14":"tag-sports","15":"tag-tour-de-france-2025"},"share_on_mastodon":{"url":"https:\/\/pubeurope.com\/@fr\/114696557955179261","error":""},"_links":{"self":[{"href":"https:\/\/www.europesays.com\/fr\/wp-json\/wp\/v2\/posts\/182369","targetHints":{"allow":["GET"]}}],"collection":[{"href":"https:\/\/www.europesays.com\/fr\/wp-json\/wp\/v2\/posts"}],"about":[{"href":"https:\/\/www.europesays.com\/fr\/wp-json\/wp\/v2\/types\/post"}],"author":[{"embeddable":true,"href":"https:\/\/www.europesays.com\/fr\/wp-json\/wp\/v2\/users\/2"}],"replies":[{"embeddable":true,"href":"https:\/\/www.europesays.com\/fr\/wp-json\/wp\/v2\/comments?post=182369"}],"version-history":[{"count":0,"href":"https:\/\/www.europesays.com\/fr\/wp-json\/wp\/v2\/posts\/182369\/revisions"}],"wp:featuredmedia":[{"embeddable":true,"href":"https:\/\/www.europesays.com\/fr\/wp-json\/wp\/v2\/media\/182370"}],"wp:attachment":[{"href":"https:\/\/www.europesays.com\/fr\/wp-json\/wp\/v2\/media?parent=182369"}],"wp:term":[{"taxonomy":"category","embeddable":true,"href":"https:\/\/www.europesays.com\/fr\/wp-json\/wp\/v2\/categories?post=182369"},{"taxonomy":"post_tag","embeddable":true,"href":"https:\/\/www.europesays.com\/fr\/wp-json\/wp\/v2\/tags?post=182369"}],"curies":[{"name":"wp","href":"https:\/\/api.w.org\/{rel}","templated":true}]}}