{"id":182384,"date":"2025-06-17T03:29:11","date_gmt":"2025-06-17T03:29:11","guid":{"rendered":"https:\/\/www.europesays.com\/fr\/182384\/"},"modified":"2025-06-17T03:29:11","modified_gmt":"2025-06-17T03:29:11","slug":"asthme-et-allergies-des-reunionnais-plus-exposes-quen-metropole","status":"publish","type":"post","link":"https:\/\/www.europesays.com\/fr\/182384\/","title":{"rendered":"Asthme et allergies\u00a0: des R\u00e9unionnais plus expos\u00e9s qu\u2019en m\u00e9tropole"},"content":{"rendered":"<p>Pathologies respiratoires chroniques, l\u2019asthme et les allergies rendent le quotidien de milliers de R\u00e9unionnais particuli\u00e8rement difficile. \u00c0 l\u2019entr\u00e9e de l\u2019hiver austral, les conditions climatiques accentuent encore les sympt\u00f4mes\u00a0: humidit\u00e9, changements de temp\u00e9rature, et surtout, un pic de prolif\u00e9ration des acariens. \u00c0 La R\u00e9union, ces troubles sont nettement plus fr\u00e9quents, et plus s\u00e9v\u00e8res, qu\u2019en m\u00e9tropole.<\/p>\n<p>\u00ab\u00a0\u00a0Ventoline, a\u00e9rosol\u2026 Je ne peux pas sortir sans\u00a0\u00bb, souffle Agn\u00e8s Endeler, asthmatique et poly-allergique. Pour elle, comme pour tant d\u2019autres, elle doit se m\u00e9fier au quotidien. \u00ab\u00a0Par exemple, les brasseurs d\u2019air, les ventilateurs\u2026 D\u00e8s qu\u2019ils sont en marche, c\u2019est d\u00e9clencheur. Je dois sortir ma Ventoline. C\u00f4t\u00e9 alimentation, c\u2019est aussi tr\u00e8s compliqu\u00e9, surtout quand on conna\u00eet d\u00e9j\u00e0 le go\u00fbt d\u2019un aliment, et qu\u2019un jour, on ne peut plus le manger\u00a0\u00bb, confie-t-elle.<\/p>\n<p>Des enfants, eux aussi concern\u00e9s\u00a0<\/p>\n<p>L\u2019asthme ne frappe pas que les adultes. \u00c0 peine \u00e2g\u00e9 de quelques mois, le petit Noah a d\u00e9j\u00e0 fait deux crises d\u2019asthme s\u00e9v\u00e8res. La seconde l\u2019a conduit directement \u00e0 l\u2019h\u00f4pital.<\/p>\n<p>\u00ab\u00a0Il tousse beaucoup, se creuse au niveau du cou et du ventre\u2026 Ce sont les signes qu\u2019il est en train de faire une crise\u00a0\u00bb, d\u00e9crit sa m\u00e8re, Nadjati Deniard.<\/p>\n<p>Un moment d\u2019une rare intensit\u00e9 pour son p\u00e8re, Gabriel\u00a0: \u00ab\u00a0\u00a0Il a pass\u00e9 une quinzaine de jours \u00e0 l\u2019h\u00f4pital, dont dix en r\u00e9animation. Il \u00e9tait branch\u00e9 de partout, assist\u00e9 pour respirer. C\u2019est tr\u00e8s impressionnant.\u00a0\u00a0\u00bb<\/p>\n<p>Les acariens, ennemis invisibles\u00a0<\/p>\n<p>Chez certains patients, les allergies respiratoires vont bien au-del\u00e0 de l\u2019inconfort. Danielle Lebon, 67 ans, a vu sa qualit\u00e9 de vie basculer en 2016.<br \/>\u00ab\u00a0J\u2019ai commenc\u00e9 \u00e0 avoir des plaques rouges, des d\u00e9mangeaisons insupportables\u2026 Puis les difficult\u00e9s respiratoires sont apparues. J\u2019\u00e9tais sous oxyg\u00e8ne quasiment en continu\u00a0\u00a0\u00bb, se souvient-elle.<\/p>\n<p>Diagnostiqu\u00e9e allergique aux acariens, elle a d\u00fb revoir enti\u00e8rement son mode de vie. Aujourd\u2019hui, elle fait d\u00e9sinfecter son matelas \u00e0 intervalles r\u00e9guliers pour \u00e9viter toute rechute\u00a0: \u00ab\u00a0\u00a0Le sp\u00e9cialiste passe tous les deux \u00e0 trois mois. Je ne veux surtout pas revivre ce cauchemar.\u00a0\u00a0\u00bb<\/p>\n<p>Ce sp\u00e9cialiste, c\u2019est Maxime Thon, professionnel du nettoyage sp\u00e9cialis\u00e9 dans les environnements allerg\u00e8nes. Chaque jour, il traite une dizaine de literies avec un appareil \u00e0 la technologie bien particuli\u00e8re.<br \/>\u00ab\u00a0\u00a0On utilise ce qu\u2019on appelle un extracteur d\u2019impuret\u00e9s, qui fonctionne uniquement par vibration, sans aucun produit chimique. Il va chercher la poussi\u00e8re et les acariens jusqu\u2019\u00e0 25 centim\u00e8tres \u00e0 l\u2019int\u00e9rieur du matelas\u00a0\u00a0\u00bb, explique-t-il.<\/p>\n<p>En quelques secondes, l\u2019appareil extrait une fine poudre\u00a0: \u00ab\u00a0Ce que vous voyez, c\u2019est un amas d\u2019acariens. Normalement, ils sont invisibles \u00e0 l\u2019\u0153il nu. S\u2019ils deviennent visibles, c\u2019est qu\u2019ils sont pr\u00e9sents par millions. Une seule g\u00e9n\u00e9ration peut en compter jusqu\u2019\u00e0 deux millions, et ce, tous les trois mois.\u00a0\u00a0\u00bb<\/p>\n<p>Des chiffres \u00e0 La R\u00e9union<\/p>\n<p>Le climat de l\u2019\u00eele n\u2019arrange rien. Chaud et humide, il constitue un terrain id\u00e9al pour les acariens. R\u00e9sultat\u00a0: pr\u00e8s d\u2019un R\u00e9unionnais sur deux est allergique \u00e0 ces micro-organismes.<\/p>\n<p>\u00ab\u00a0\u00c0 La R\u00e9union, on compte deux fois plus d\u2019asthmatiques chez les jeunes qu\u2019en m\u00e9tropole, et les allergies sont trois \u00e0 quatre fois plus s\u00e9v\u00e8res\u00a0\u00a0\u00bb, explique le docteur Jean-Claude Wutiuyen, allergologue et pr\u00e9sident de l\u2019Association des allergologues de La R\u00e9union.<\/p>\n<p>L\u2019asthme\u00a0peut\u00a0\u00eatre mortelle. Entre 2020 et 2022, 18 personnes en sont mortes sur l\u2019\u00eele.<\/p>\n","protected":false},"excerpt":{"rendered":"Pathologies respiratoires chroniques, l\u2019asthme et les allergies rendent le quotidien de milliers de R\u00e9unionnais particuli\u00e8rement difficile. \u00c0 l\u2019entr\u00e9e&hellip;\n","protected":false},"author":2,"featured_media":182385,"comment_status":"","ping_status":"","sticky":false,"template":"","format":"standard","meta":{"footnotes":""},"categories":[10],"tags":[47,1011,27,72,6335,1922,6336,7224,71,104],"class_list":{"0":"post-182384","1":"post","2":"type-post","3":"status-publish","4":"format-standard","5":"has-post-thumbnail","7":"category-sante","8":"tag-actualite","9":"tag-fr","10":"tag-france","11":"tag-health","12":"tag-home-page","13":"tag-info","14":"tag-la-reunion","15":"tag-newsletter-soir","16":"tag-sante","17":"tag-societe"},"share_on_mastodon":{"url":"https:\/\/pubeurope.com\/@fr\/114696589467353925","error":""},"_links":{"self":[{"href":"https:\/\/www.europesays.com\/fr\/wp-json\/wp\/v2\/posts\/182384","targetHints":{"allow":["GET"]}}],"collection":[{"href":"https:\/\/www.europesays.com\/fr\/wp-json\/wp\/v2\/posts"}],"about":[{"href":"https:\/\/www.europesays.com\/fr\/wp-json\/wp\/v2\/types\/post"}],"author":[{"embeddable":true,"href":"https:\/\/www.europesays.com\/fr\/wp-json\/wp\/v2\/users\/2"}],"replies":[{"embeddable":true,"href":"https:\/\/www.europesays.com\/fr\/wp-json\/wp\/v2\/comments?post=182384"}],"version-history":[{"count":0,"href":"https:\/\/www.europesays.com\/fr\/wp-json\/wp\/v2\/posts\/182384\/revisions"}],"wp:featuredmedia":[{"embeddable":true,"href":"https:\/\/www.europesays.com\/fr\/wp-json\/wp\/v2\/media\/182385"}],"wp:attachment":[{"href":"https:\/\/www.europesays.com\/fr\/wp-json\/wp\/v2\/media?parent=182384"}],"wp:term":[{"taxonomy":"category","embeddable":true,"href":"https:\/\/www.europesays.com\/fr\/wp-json\/wp\/v2\/categories?post=182384"},{"taxonomy":"post_tag","embeddable":true,"href":"https:\/\/www.europesays.com\/fr\/wp-json\/wp\/v2\/tags?post=182384"}],"curies":[{"name":"wp","href":"https:\/\/api.w.org\/{rel}","templated":true}]}}