{"id":182393,"date":"2025-06-17T03:35:10","date_gmt":"2025-06-17T03:35:10","guid":{"rendered":"https:\/\/www.europesays.com\/fr\/182393\/"},"modified":"2025-06-17T03:35:10","modified_gmt":"2025-06-17T03:35:10","slug":"pic-vague-ou-canicule-fortes-chaleurs-en-vue-sur-lhexagone","status":"publish","type":"post","link":"https:\/\/www.europesays.com\/fr\/182393\/","title":{"rendered":"Pic, vague ou canicule\u00a0? Fortes chaleurs en vue sur l\u2019Hexagone"},"content":{"rendered":"<p class=\"paragraph text_align_left\">C\u2019est une certitude, le thermom\u00e8tre va grimper. Il va faire chaud, tr\u00e8s chaud dans les jours qui viennent, jusqu\u2019\u00e0 mardi ou mercredi prochains a minima, partout en France hexagonale. La faute \u00e0 un ph\u00e9nom\u00e8ne <a href=\"https:\/\/www.leparisien.fr\/meteo\/\" target=\"_blank\" rel=\"noreferrer nofollow noopener\">m\u00e9t\u00e9o <\/a>qui a d\u00e9j\u00e0 s\u00e9vi depuis le d\u00e9but de l\u2019ann\u00e9e : <a href=\"https:\/\/www.leparisien.fr\/meteo\/il-va-enfin-faire-beau-et-sec-pendant-15-jours-le-blocage-en-omega-qui-explique-cette-meteo-01-04-2025-YLN4FHT255CVDH23X5S7DH47W4.php\" target=\"_blank\" rel=\"noreferrer nofollow noopener\">le blocage en om\u00e9ga.<\/a><\/p>\n<p class=\"paragraph text_align_left\">Comme pendant plusieurs semaines au mois de mai, un air tr\u00e8s sec et chaud en provenance du sud va prendre ses quartiers au-dessus du pays. Sa forme, suivant les contours de la lettre grecque om\u00e9ga (ou celle d\u2019un fer \u00e0 cheval pour d\u2019autres observateurs), lui vaut son surnom. \u00ab Nous serons sur un axe d\u2019air de hautes pressions tr\u00e8s large qui va remonter jusqu\u2019aux \u00eeles britanniques et bloquer toutes les perturbations qui tenteront de s\u2019aventurer sur le pays, explique Fran\u00e7ois Gourand, ing\u00e9nieur pr\u00e9visionniste \u00e0 M\u00e9t\u00e9o France. Une telle situation est propice \u00e0 voir les temp\u00e9ratures monter progressivement. \u00bb<\/p>\n<p>Pas d\u2019orage \u00e0 l\u2019horizon<\/p>\n<p class=\"paragraph text_align_left\">L\u2019\u00e9pisode \u00e0 venir n\u2019a rien \u00e0 voir avec celui qui a provoqu\u00e9, de vendredi \u00e0 dimanche derniers et d\u2019ouest en est, <a href=\"https:\/\/www.leparisien.fr\/meteo\/orages-violents-pluie-grele-et-vent-meteo-france-place-14-departements-de-lest-aux-alpes-en-vigilance-orange-15-06-2025-ZCRA4I6B5BGERNELJAYEML636M.php\" target=\"_blank\" rel=\"noreferrer nofollow noopener\">de tr\u00e8s violents orages accompagn\u00e9s, par endroits\u201a d\u2019averses de gr\u00eale.<\/a> \u00ab Un front d\u00e9pressionnaire massif a mis, lentement, trois jours \u00e0 traverser le pays tout en r\u00e9ussissant \u00e0 s\u2019enfoncer dans la masse d\u2019air chaud qui r\u00e9gnait sans que celle-ci puisse la d\u00e9vier vers le nord, le Royaume-Uni ou les pays scandinaves, poursuit le sp\u00e9cialiste. Quand on met de la chaleur \u00e0 l\u2019avant de la perturbation, cela donne des orages qui peuvent devenir tr\u00e8s violents. \u00bb<\/p>\n<p><img decoding=\"async\" class=\"image \" loading=\"lazy\" src=\"https:\/\/www.europesays.com\/fr\/wp-content\/uploads\/2025\/06\/WJWT4PTJDFDMZPAWEV5KYWKHQQ.jpg\" alt=\"\" align=\"\" data-rubrique-principale=\"\" data-article-type=\"\" fetchpriority=\"auto\"\/><\/p>\n<p class=\"paragraph text_align_left\">Pas d\u2019orage \u00e0 l\u2019horizon cette fois-ci, tellement la masse d\u2019air est importante et capable de tenir son rang en s\u2019ancrant solidement dans le ciel, mais un mercure qui s\u2019affolera \u00e0 la hausse. D\u2019abord autour des 30 \u00b0C sur la majeure partie du pays (autour de 25 \u00b0C dans l\u2019Ouest) mercredi, avant de partir en fl\u00e8che jeudi et vendredi, d\u2019abord par la face atlantique sur les r\u00e9gions Poitou-Charentes et Aquitaine. \u00ab Le curseur va ensuite monter tranquillement autour des 33 degr\u00e9s jeudi pour atteindre, vendredi, journ\u00e9e attendue comme la plus chaude de l\u2019\u00e9pisode, les 34 ou 35 degr\u00e9s \u00bb, d\u00e9taille Fran\u00e7ois Gourand.<\/p>\n<p class=\"paragraph text_align_left\">Pour les sp\u00e9cialistes de la Chaine M\u00e9t\u00e9o, \u00ab on pourra probablement parler de vague de chaleur de jeudi \u00e0 dimanche \u00bb et non pas d\u2019un simple pic. Leurs homologues de M\u00e9t\u00e9o France n\u2019excluent pas, de leur c\u00f4t\u00e9, que cette vague se transforme en canicule.<\/p>\n<p>Vers le mois de juin le plus chaud jamais enregistr\u00e9 ?<\/p>\n<p class=\"paragraph text_align_left\">Le vocabulaire est important car, en langage m\u00e9t\u00e9o,<a href=\"https:\/\/www.leparisien.fr\/meteo\/vague-de-chaleur-et-canicule-echelle-intensite-quelles-differences-entre-les-deux-17-07-2024-WNNYLVGVPBFRHEEMJJQJ4T77KQ.php#:~:text=Des%20seuils%20diff%C3%A9rents%20sont%20en,36%20%C2%B0C%20en%20journ%C3%A9e.\" target=\"_self\" rel=\"nofollow noopener\"> chaque expression d\u00e9finit une situation diff\u00e9rente<\/a>. Le pic de chaleur est un \u00e9pisode bref, de vingt-quatre \u00e0 quarante-huit heures maximum, pendant lequel les temp\u00e9ratures s\u2019affichent bien au-del\u00e0 des normales de saison. On parle de vague de chaleur lorsque l\u2019\u00e9pisode s\u2019\u00e9tend sur davantage de jours et concerne l\u2019ensemble du pays. Enfin, le seuil de l\u2019alerte canicule est d\u00e9clench\u00e9 lorsque, sur au moins trois jours cons\u00e9cutifs, les temp\u00e9ratures restent tr\u00e8s \u00e9lev\u00e9es de jour comme de nuit \u00e0 des niveaux \u00ab susceptibles de constituer un risque sanitaire pour les personnes fragiles ou surexpos\u00e9es \u00bb.<\/p>\n<p class=\"paragraph text_align_left\">Les seuils sont diff\u00e9rents selon la situation g\u00e9ographique d\u2019un d\u00e9partement. \u00c0 Paris, il doit faire au moins 31 \u00b0C le jour et pas moins de 21 \u00b0C la nuit. En Haute-Garonne, le seuil est le m\u00eame la nuit, mais grimpe \u00e0 36 \u00b0C en journ\u00e9e. Dans les Alpes-de-Haute-Provence, il doit aussi faire au moins 36 \u00b0C en journ\u00e9e, mais 19 \u00b0C la nuit. Les Alpes-Maritimes et les Bouches-du-Rh\u00f4ne sont les deux d\u00e9partements o\u00f9 le crit\u00e8re nocturne est le plus \u00e9lev\u00e9, avec 24 \u00b0C.<\/p>\n<p class=\"paragraph text_align_left\">\u00ab Il est difficile de qualifier pr\u00e9cis\u00e9ment cet \u00e9pisode avant m\u00eame qu\u2019il ait lieu, temp\u00e8re Fran\u00e7ois Gourand, puisque c\u2019est son intensit\u00e9 alli\u00e9e \u00e0 sa dur\u00e9e qui va d\u00e9terminer s\u2019il faudra parler de pic, de vague ou de canicule. Nous naviguons ce lundi autour de divers sc\u00e9narios, avec un pic pour deux ou trois jours \u00e0 peine, mais d\u2019autres de vague sur quatre \u00e0 cinq jours. Les seuils pour parler de canicule seront tr\u00e8s probablement atteints par endroits mais impossible pour l\u2019instant de savoir pr\u00e9cis\u00e9ment o\u00f9 et sur quelle dur\u00e9e. Il est en revanche certain que la mont\u00e9e en temp\u00e9ratures se fera d\u2019abord par le flanc ouest de la France pour ensuite s\u2019\u00e9tendre vers le nord et l\u2019Est et s\u2019installer probablement sur tout le territoire national. \u00bb<\/p>\n<p class=\"paragraph text_align_left\">Certains observateurs parient sur de possibles records, dont celui du mois de juin le plus chaud jamais enregistr\u00e9. La barre reste haute car il faudrait battre le mois de juin 2003, celui qui a pr\u00e9c\u00e9d\u00e9 la canicule estivale historique en ao\u00fbt de la m\u00eame ann\u00e9e, avec une moyenne nationale de 22,4 degr\u00e9s alors que nous sommes, pour l\u2019instant, \u00e0 20,5 degr\u00e9s selon les derniers relev\u00e9s de M\u00e9t\u00e9o France.<\/p>\n","protected":false},"excerpt":{"rendered":"C\u2019est une certitude, le thermom\u00e8tre va grimper. Il va faire chaud, tr\u00e8s chaud dans les jours qui viennent,&hellip;\n","protected":false},"author":2,"featured_media":182394,"comment_status":"","ping_status":"","sticky":false,"template":"","format":"standard","meta":{"footnotes":""},"categories":[4],"tags":[11,1011,27,2487,12,25],"class_list":{"0":"post-182393","1":"post","2":"type-post","3":"status-publish","4":"format-standard","5":"has-post-thumbnail","7":"category-france","8":"tag-actualites","9":"tag-fr","10":"tag-france","11":"tag-meteo","12":"tag-news","13":"tag-republique-francaise"},"share_on_mastodon":{"url":"https:\/\/pubeurope.com\/@fr\/114696613112233845","error":""},"_links":{"self":[{"href":"https:\/\/www.europesays.com\/fr\/wp-json\/wp\/v2\/posts\/182393","targetHints":{"allow":["GET"]}}],"collection":[{"href":"https:\/\/www.europesays.com\/fr\/wp-json\/wp\/v2\/posts"}],"about":[{"href":"https:\/\/www.europesays.com\/fr\/wp-json\/wp\/v2\/types\/post"}],"author":[{"embeddable":true,"href":"https:\/\/www.europesays.com\/fr\/wp-json\/wp\/v2\/users\/2"}],"replies":[{"embeddable":true,"href":"https:\/\/www.europesays.com\/fr\/wp-json\/wp\/v2\/comments?post=182393"}],"version-history":[{"count":0,"href":"https:\/\/www.europesays.com\/fr\/wp-json\/wp\/v2\/posts\/182393\/revisions"}],"wp:featuredmedia":[{"embeddable":true,"href":"https:\/\/www.europesays.com\/fr\/wp-json\/wp\/v2\/media\/182394"}],"wp:attachment":[{"href":"https:\/\/www.europesays.com\/fr\/wp-json\/wp\/v2\/media?parent=182393"}],"wp:term":[{"taxonomy":"category","embeddable":true,"href":"https:\/\/www.europesays.com\/fr\/wp-json\/wp\/v2\/categories?post=182393"},{"taxonomy":"post_tag","embeddable":true,"href":"https:\/\/www.europesays.com\/fr\/wp-json\/wp\/v2\/tags?post=182393"}],"curies":[{"name":"wp","href":"https:\/\/api.w.org\/{rel}","templated":true}]}}