{"id":182395,"date":"2025-06-17T03:36:14","date_gmt":"2025-06-17T03:36:14","guid":{"rendered":"https:\/\/www.europesays.com\/fr\/182395\/"},"modified":"2025-06-17T03:36:14","modified_gmt":"2025-06-17T03:36:14","slug":"en-direct-donald-trump-quitte-prematurement-le-g7-a-cause-de-ce-qui-se-passe-au-moyen-orient","status":"publish","type":"post","link":"https:\/\/www.europesays.com\/fr\/182395\/","title":{"rendered":"EN DIRECT &#8211; Donald Trump quitte pr\u00e9matur\u00e9ment le G7 \u00ab\u00e0 cause de ce qui se passe au Moyen-Orient\u00bb"},"content":{"rendered":"<p>\n        05:35\n            <\/p>\n<p class=\"fig-live-post__title\" role=\"heading\" aria-level=\"3\">Le G7 veut une \u00abd\u00e9sescalade\u00bb r\u00e9gionale, y compris \u00e0 Gaza<\/p>\n<p class=\"fig-paragraph\">Dans sa d\u00e9claration ommune, le G7, r\u00e9unit au Canada, veut que la \u00abr\u00e9solution de la crise en Iran\u00bb am\u00e8ne une \u00abd\u00e9sescalade\u00bb r\u00e9gionale y compris \u00e0 Gaza.<\/p>\n<p>\n        05:29\n            <\/p>\n<p class=\"fig-live-post__title\" role=\"heading\" aria-level=\"3\">G7 : Isra\u00ebl a le droit de \u00abse d\u00e9fendre\u00bb, l\u2019Iran ne devra \u00abjamais disposer d\u2019une arme nucl\u00e9aire\u00bb<\/p>\n<p class=\"fig-paragraph\">Les dirigeants du G7, r\u00e9unis au Canada, ont affirm\u00e9 le droit d\u2019Isra\u00ebl \u00e0 \u00abse d\u00e9fendre\u00bb et appel\u00e9 \u00e0 \u00abprot\u00e9ger les civils\u00bb dans une d\u00e9claration commune publi\u00e9e lundi.<\/p>\n<p class=\"fig-paragraph\">Dans le m\u00eame texte, ils affirment que \u00abl\u2019Iran est la principale source d\u2019instabilit\u00e9 et de terrorisme dans la r\u00e9gion\u00bb et ajoutent: \u00abNous avons toujours \u00e9t\u00e9 clairs sur le fait que l\u2019Iran ne pourra jamais disposer d\u2019une arme nucl\u00e9aire.\u00bb \u00abNous demandons instamment que la r\u00e9solution de la crise en Iran aboutisse \u00e0 une d\u00e9sescalade plus vaste des hostilit\u00e9s au Moyen-Orient, y compris \u00e0 un cessez-le-feu \u00e0 Gaza\u00bb, \u00e9crivent enfin les dirigeants du G7.<\/p>\n<p>\n        04:48\n            <\/p>\n<p class=\"fig-live-post__title\" role=\"heading\" aria-level=\"3\">Trump tente de h\u00e2ter une rencontre avec des responsables iraniens cette semaine<\/p>\n<p class=\"fig-paragraph\">Selon le New York Times, le pr\u00e9sident am\u00e9ricain Donald Trump a charg\u00e9 son vice-pr\u00e9sident JD Vance et son envoy\u00e9 sp\u00e9cial pour le Moyen-Orient, Steve Witkoff, de proposer une rencontre aux responsables iraniens cette semaine. Axios croit savoir qu\u2019un cessez-le-feu et un accord sur le nucl\u00e9aire iranien seraient au c\u0153ur des discussions avec le ministre iranien des Affaires \u00e9trang\u00e8res, Abbas Araghchi.<\/p>\n<p>\n        04:41\n            <\/p>\n<p class=\"fig-live-post__title\" role=\"heading\" aria-level=\"3\">Des habitants de T\u00e9h\u00e9ran tentent de fuir la capitale en masse<\/p>\n<p class=\"fig-paragraph\">Selon plusieurs vid\u00e9os post\u00e9es lundi sur les r\u00e9seaux sociaux, de nombreux habitants de T\u00e9h\u00e9ran tentaient de fuir la capitale en masse, alarm\u00e9s par les propos de Donald Trump. \u00abTout le monde devrait \u00e9vacuer T\u00e9h\u00e9ran imm\u00e9diatement\u00bb, avait \u00e9crit plus t\u00f4t le pr\u00e9sident am\u00e9ricain. La population de la capitale iranienne est estim\u00e9e \u00e0 9,8 millions d\u2019habitants. La situation a g\u00e9n\u00e9r\u00e9 des embouteillages monstres.<\/p>\n<p>\n        04:34\n            <\/p>\n<p class=\"fig-live-post__title\" role=\"heading\" aria-level=\"3\">Un \u00abincident\u00bb rapport\u00e9 pr\u00e8s du d\u00e9troit d\u2019Ormuz<\/p>\n<p class=\"fig-paragraph\">La soci\u00e9t\u00e9 britannique de s\u00e9curit\u00e9 maritime Ambrey a d\u00e9clar\u00e9 mardi matin qu\u2019elle \u00e9tait inform\u00e9e d\u2019un incident survenu \u00e0 22 milles nautiques \u00e0 l\u2019est de Khor Fakkan aux \u00c9mirats arabes unis, pr\u00e8s du d\u00e9troit d\u2019Ormuz, un point strat\u00e9gique du transport maritime mondial. Aucun d\u00e9tail suppl\u00e9mentaire n\u2019a \u00e9t\u00e9 donn\u00e9.<\/p>\n<p>\n        04:31\n            <\/p>\n<p class=\"fig-live-post__title\" role=\"heading\" aria-level=\"3\">Selon le \u00abNew York Times\u00bb, Trump h\u00e9siterait \u00e0 engager les bombardiers B-2 am\u00e9ricains<\/p>\n<p class=\"fig-paragraph\">Selon le New York Times, le pr\u00e9sident am\u00e9ricain Donald Trump h\u00e9siterait \u00e0 s\u2019engager militairement en Iran au c\u00f4t\u00e9 d\u2019Isra\u00ebl. Le quotidien \u00e9crit dans son \u00e9dition du lundi 16 juin: \u00abLe pr\u00e9sident Trump est en train de prendre une d\u00e9cision cruciale dans la guerre qui dure depuis quatre jours entre Isra\u00ebl et l\u2019Iran\u00a0: doit-il ou non entrer dans la m\u00eal\u00e9e en aidant Isra\u00ebl \u00e0 d\u00e9truire l\u2019installation d\u2019enrichissement nucl\u00e9aire de Fordo, profond\u00e9ment enfouie, que seuls les \u00abdestructeurs de bunkers\u00bb (bunker busters) am\u00e9ricains, largu\u00e9s par des bombardiers B-2 am\u00e9ricains, peuvent atteindre.\u00bb<\/p>\n<p>\n        04:12\n            <\/p>\n<p class=\"fig-live-post__title\" role=\"heading\" aria-level=\"3\">Alerte a\u00e9rienne lev\u00e9e dans le nord d\u2019Isra\u00ebl<\/p>\n<p class=\"fig-paragraph\">Les sir\u00e8nes d\u2019alerte a\u00e9rienne ont retenti mardi \u00e0 l\u2019aube dans plusieurs points du nord d\u2019Isra\u00ebl, a annonc\u00e9 l\u2019arm\u00e9e qui a toutefois lev\u00e9 cette alerte quelques instants plus tard.<\/p>\n<p class=\"fig-paragraph\">L\u2019arm\u00e9e avait d\u00e9clench\u00e9 cette alerte apr\u00e8s avoir \u00abidentifi\u00e9 des missiles lanc\u00e9s depuis l\u2019Iran vers le territoire de l\u2019\u00c9tat d\u2019Isra\u00ebl\u00bb, avait-elle \u00e9crit sur Telegram. Quelques instants plus tard, elle a toutefois annonc\u00e9 aux habitants des r\u00e9gions concern\u00e9es qu\u2019ils pouvaient d\u00e9sormais quitter les abris.<\/p>\n<p class=\"fig-paragraph\">Les m\u00e9dias d\u2019\u00c9tat iraniens avaient auparavant annonc\u00e9 le lancement d\u2019une nouvelle salve de missiles sur Isra\u00ebl. \u00abLa neuvi\u00e8me salve d\u2019attaque combin\u00e9e de drones et missiles a commenc\u00e9 et se poursuivra sans interruption jusqu\u2019\u00e0 l\u2019aube\u00bb, avait d\u00e9clar\u00e9 le porte-parole des Gardiens de la R\u00e9volution, Ali Mohammad Na\u00efni, cit\u00e9 par l\u2019agence officielle Irna.<\/p>\n<p>\n        03:34\n            <\/p>\n<p class=\"fig-live-post__title\" role=\"heading\" aria-level=\"3\">Nouvelle salve de missiles iraniens en direction d\u2019Isra\u00ebl<\/p>\n<p class=\"fig-paragraph\">L\u2019arm\u00e9e isra\u00e9lienne affirme avoir de nouveau identifi\u00e9 des missiles lanc\u00e9s depuis l\u2019Iran en direction d\u2019Isra\u00ebl.<\/p>\n<p>\n        03:22\n            <\/p>\n<p class=\"fig-live-post__title\" role=\"heading\" aria-level=\"3\">Le chef de la diplomatie am\u00e9ricaine va rentrer ce soir \u00e0 Washington avec Trump<\/p>\n<p class=\"fig-paragraph\">Selon la cha\u00eene d\u2019information en continu CNN, le secr\u00e9taire d\u2019\u00c9tat am\u00e9ricain Marco Rubio, \u00e9galement pr\u00e9sent au sommet du G7, va rentrer ce soir \u00e0 Washington en m\u00eame temps que le pr\u00e9sident Donald Trump.<\/p>\n<p>\n        02:51\n            <\/p>\n<p class=\"fig-live-post__title\" role=\"heading\" aria-level=\"3\">Les forces am\u00e9ricaines restent \u00abdans une posture d\u00e9fensive\u00bb au Moyen-Orient<\/p>\n<p class=\"fig-paragraph\">Les forces am\u00e9ricaines \u00absont dans une posture d\u00e9fensive\u00bb au Moyen-Orient \u00abet cela n\u2019a pas chang\u00e9\u00bb, a indiqu\u00e9 lundi un porte-parole de la Maison-Blanche, Alex Pfeiffer, sur X, alors que les r\u00e9seaux sociaux bruissaient de toutes sortes de rumeurs non v\u00e9rifi\u00e9es sur l\u2019imminence d\u2019une intervention militaire am\u00e9ricaine dans la r\u00e9gion.<\/p>\n<p class=\"fig-paragraph\">\u00abNous d\u00e9fendrons les int\u00e9r\u00eats am\u00e9ricains\u00bb dans la r\u00e9gion, a-t-il ajout\u00e9, alors que le conflit entre Isra\u00ebl et l\u2019Iran se poursuit pour la cinqui\u00e8me nuit cons\u00e9cutive.<\/p>\n<p>\n        02:50\n            <\/p>\n<p class=\"fig-live-post__title\" role=\"heading\" aria-level=\"3\">Fin de l\u2019alerte sur Isra\u00ebl<\/p>\n<p class=\"fig-paragraph\">Les autorit\u00e9s isra\u00e9liennes ont signal\u00e9 la fin de l\u2019alerte au missile iranien sur Isra\u00ebl, indiquant que les populations peuvent sortir de leur abri.<\/p>\n<p>\n        02:35\n            <\/p>\n<p class=\"fig-live-post__title\" role=\"heading\" aria-level=\"3\">Une explosion \u00e0 Tel Aviv<\/p>\n<p class=\"fig-paragraph\">Une explosion a \u00e9t\u00e9 entendue \u00e0 Tel Aviv mardi matin peu apr\u00e8s que l\u2019arm\u00e9e isra\u00e9lienne a dit avoir rep\u00e9r\u00e9 de nouveau tirs de missiles depuis le territoire iranien en direction d\u2019Isra\u00ebl.<\/p>\n<p>\n        02:33\n            <\/p>\n<p class=\"fig-live-post__title\" role=\"heading\" aria-level=\"3\">Les Am\u00e9ricains \u00abvigilants\u00bb et \u00abpr\u00e9par\u00e9s\u00bb, selon le chef du Pentagone<\/p>\n<p class=\"fig-paragraph\">Le ministre de la D\u00e9fense am\u00e9ricain, Pete Hegseth, a d\u00e9clar\u00e9 lundi soir que les Am\u00e9ricains sont \u00abvigilants\u00bb et \u00abpr\u00e9par\u00e9s\u00bb, assurant que les \u00c9tats-Unis prot\u00e9geront leurs int\u00e9r\u00eats dans la r\u00e9gion. \u00abNous sommes vigilants. Nous sommes pr\u00e9par\u00e9s. Nous sommes dans la r\u00e9gion pour d\u00e9fendre nos ressortissants et nos int\u00e9r\u00eats\u00bb, a-t-il dit.<\/p>\n<p class=\"fig-paragraph\">\u00abLes gens interpr\u00e8tent beaucoup de choses en ce moment. Ce que vous voyez en temps r\u00e9el, c\u2019est la paix par la force et l\u2019Am\u00e9rique d\u2019abord. Nous sommes en position d\u00e9fensive dans la r\u00e9gion, pour \u00eatre forts, dans la poursuite d\u2019un accord de paix, et nous esp\u00e9rons certainement que c\u2019est ce qui se passera\u00bb, a d\u00e9clar\u00e9 le ministre de la D\u00e9fense, interrog\u00e9 sur la cha\u00eene Fox News. \u00abEt le pr\u00e9sident (Donald) Trump l\u2019a dit clairement, c\u2019est sur la table. La question est de savoir si l\u2019Iran l\u2019acceptera\u00bb, a-t-il ajout\u00e9.<\/p>\n<p>    Le secr\u00e9taire \u00e0 la D\u00e9fense des \u00c9tats-Unis, Pete Hegseth au c\u00f4t\u00e9 du pr\u00e9sident am\u00e9ricain Donald Trump.<br \/>\n                Doug Mills \/ REUTERS<\/p>\n<p>\n        02:13\n            <\/p>\n<p class=\"fig-live-post__title\" role=\"heading\" aria-level=\"3\">Donald Trump demande que le Conseil de s\u00e9curit\u00e9 nationale se tienne pr\u00eat d\u00e8s son retour du G7<\/p>\n<p class=\"fig-paragraph\">Selon la cha\u00eene am\u00e9ricaine Fox News, le pr\u00e9sident am\u00e9ricain Donald Trump a demand\u00e9 que le Conseil de s\u00e9curit\u00e9 nationale se tienne pr\u00eat dans la salle de crise \u00e0 Washington d\u00e8s son retour du sommet du G7, qu\u2019il a quitt\u00e9 de mani\u00e8re abrupte dans la nuit de lundi \u00e0 mardi.<\/p>\n<p>\n        02:03\n            <\/p>\n<p class=\"fig-live-post__title\" role=\"heading\" aria-level=\"3\">L\u2019ambassade de Chine en Isra\u00ebl enjoint ses ressortissants \u00e0 quitter le pays \u00abd\u00e8s que possible\u00bb<\/p>\n<p class=\"fig-paragraph\">L\u2019ambassade de Chine en Isra\u00ebl a press\u00e9 mardi ses ressortissants de quitter le pays au plus vite en raison du conflit entre l\u2019Iran et Isra\u00ebl.<\/p>\n<p class=\"fig-paragraph\">\u00abLa mission chinoise en Isra\u00ebl rappelle aux ressortissants chinois de quitter le pays d\u00e8s que possible par les points de passage frontaliers, \u00e0 la condition pr\u00e9alable qu\u2019ils puissent garantir leur s\u00e9curit\u00e9 personnelle\u00bb, a \u00e9crit la repr\u00e9sentation diplomatique dans un communiqu\u00e9 publi\u00e9 sur la plateforme WeChat.<\/p>\n<p>\n        01:56\n            <\/p>\n<p class=\"fig-live-post__title\" role=\"heading\" aria-level=\"3\">Emmanuel Macron : vouloir changer le r\u00e9gime en Iran par la force serait une \u00aberreur strat\u00e9gique\u00bb<\/p>\n<p class=\"fig-paragraph\">Le pr\u00e9sident fran\u00e7ais Emmanuel Macron a estim\u00e9 lundi que vouloir changer le r\u00e9gime en Iran par la force serait une \u00aberreur strat\u00e9gique\u00bb, lors d\u2019un point presse depuis le sommet des dirigeants du G7 dans les Rocheuses canadiennes.<\/p>\n<p class=\"fig-paragraph\">\u00abTous ceux qui croient qu\u2019en frappant avec des bombes depuis l\u2019ext\u00e9rieur on sauve un pays malgr\u00e9 lui-m\u00eame et contre lui-m\u00eame se sont toujours tromp\u00e9s\u00bb, a-t-il par ailleurs d\u00e9clar\u00e9. \u00abLes peuples sont souverains. Ils changent leurs dirigeants par eux-m\u00eames et tous ceux qui ont voulu par le pass\u00e9 changer des r\u00e9gimes par des frappes ou des op\u00e9rations militaires ont commis des erreurs strat\u00e9giques\u00bb, a-t-il martel\u00e9.<\/p>\n<p>\n        01:43\n            <\/p>\n<p class=\"fig-live-post__title\" role=\"heading\" aria-level=\"3\">Emmanuel Macron appelle \u00e0 \u00abcesser\u00bb les frappes contre les civils en Iran et Isra\u00ebl<\/p>\n<p class=\"fig-paragraph\">Le pr\u00e9sident fran\u00e7ais Emmanuel Macron a appel\u00e9 lundi \u00e0 \u00abcesser\u00bb les frappes contre les civils en Iran et en Isra\u00ebl et mis en garde contre toute vell\u00e9it\u00e9 de changement de r\u00e9gime \u00e0 T\u00e9h\u00e9ran par une op\u00e9ration ext\u00e9rieure. \u00abIl est absolument essentiel que toutes les frappes qui se font de part et d\u2019autre contre des infrastructures \u00e9nerg\u00e9tiques, administratives, culturelles et encore plus contre la population civile cessent. Rien ne les justifie et elles sont absolument intol\u00e9rables\u00bb, a-t-il dit lors d\u2019un point presse.<\/p>\n<p class=\"fig-paragraph\">\u00abSi les \u00c9tats-Unis peuvent obtenir un cessez-le-feu, c\u2019est une tr\u00e8s bonne chose\u00bb, a \u00e9galement d\u00e9clar\u00e9 le dirigeant fran\u00e7ais, alors que les deux pays vivaient une cinqui\u00e8me nuit cons\u00e9cutive d\u2019escalade militaire et d\u2019\u00e9changes de barrages de missiles. De la part des Am\u00e9ricains, \u00abil y a une offre qui a \u00e9t\u00e9 faite d\u2019une rencontre et d\u2019\u00e9change\u00bb avec les Iraniens, a relev\u00e9 le pr\u00e9sident fran\u00e7ais. \u00ab\u00c0 ce stade, de mani\u00e8re objective, rien ne me laisse esp\u00e9rer que dans les prochaines heures les choses bougent\u00bb, a ajout\u00e9 Emmanuel Macron.<\/p>\n<p>    Le pr\u00e9sident fran\u00e7ais Emmanuel Macron.<br \/>\n                TERESA SUAREZ \/ AFP<\/p>\n<p class=\"fig-paragraph\">\u00abMais s\u2019il y a un engagement am\u00e9ricain, compte tenu de ce que les \u00c9tats-Unis repr\u00e9sentent dans la capacit\u00e9 d\u2019Isra\u00ebl \u00e0 mener ces op\u00e9rations d\u2019un point de vue logistique et militaire, c\u2019est un des seuls \u00e9l\u00e9ments qui peuvent changer les choses\u00bb, a-t-il soulign\u00e9. En parall\u00e8le, \u00ables Fran\u00e7ais et \u00e0 leurs c\u00f4t\u00e9s les Britanniques et les Allemands sont disponibles pour reprendre des discussions s\u00e9rieuses\u00bb sur l\u2019encadrement du programme nucl\u00e9aire iranien et ses capacit\u00e9s balistiques, a-t-il \u00e9galement point\u00e9.<\/p>\n<p>\n        01:41\n            <\/p>\n<p class=\"fig-live-post__title\" role=\"heading\" aria-level=\"3\">Trump quitte pr\u00e9matur\u00e9ment le G7 \u00ab\u00e0 cause de ce qui se passe au Moyen-Orient\u00bb<\/p>\n<p class=\"fig-paragraph\">Donald Trump a d\u00e9cid\u00e9 de quitter pr\u00e9matur\u00e9ment lundi le sommet du G7 au Canada pour se consacrer \u00e0 l\u2019\u00e9volution du confit entre Isra\u00ebl et l\u2019Iran, a annonc\u00e9 la Maison Blanche.<\/p>\n<p class=\"fig-paragraph\">\u00ab\u00c0 cause de ce qui se passe au Moyen-Orient, le pr\u00e9sident Trump va partir ce soir apr\u00e8s le d\u00eener\u00bb avec les autres dirigeants du G7 au Canada, un jour plus t\u00f4t que pr\u00e9vu, a indiqu\u00e9 sa porte-parole Karoline Leavitt sur X.<\/p>\n<p class=\"fig-paragraph\">Le pr\u00e9sident am\u00e9ricain, dont le s\u00e9jour dans les Rocheuses canadiennes devait se prolonger jusqu\u2019\u00e0 mardi en fin de journ\u00e9e, \u00abrentre \u00e0 Washington pour s\u2019occuper de nombreux sujets importants\u00bb, a-t-elle d\u00e9clar\u00e9 par ailleurs dans un court communiqu\u00e9.<\/p>\n<p>\n        00:37\n            <\/p>\n<p class=\"fig-live-post__title\" role=\"heading\" aria-level=\"3\">Donald Trump : \u00abTout le monde devrait \u00e9vacuer T\u00e9h\u00e9ran imm\u00e9diatement\u00bb<\/p>\n<p class=\"fig-paragraph\">\u00abTout le monde devrait \u00e9vacuer T\u00e9h\u00e9ran imm\u00e9diatement\u00bb, \u00e9crit le pr\u00e9sident am\u00e9ricain Donald Trump sur son r\u00e9seau Truth Social.<\/p>\n<p class=\"fig-paragraph\">La population de la capitale iranienne est estim\u00e9e \u00e0 9,8 millions d\u2019habitants.<\/p>\n<p class=\"fig-paragraph\">\u00abL\u2019Iran aurait d\u00fb signer l\u2019accord quand je leur ai dit de signer. Quel dommage et quel g\u00e2chis de vies humaines. Pour le dire simplement, L\u2019IRAN NE PEUT PAS AVOIR D\u2019ARME NUCLEAIRE\u00bb, a aussi \u00e9crit le pr\u00e9sident am\u00e9ricain.<\/p>\n<p>\n        00:34\n            <\/p>\n<p class=\"fig-live-post__title\" role=\"heading\" aria-level=\"3\">Nucl\u00e9aire: l\u2019Iran dit que les attaques isra\u00e9liennes \u00abportent un coup\u00bb \u00e0 la diplomatie<\/p>\n<p class=\"fig-paragraph\">Le ministre iranien des Affaires \u00e9trang\u00e8res et chef n\u00e9gociateur pour le nucl\u00e9aire, Abbas Araghchi, a estim\u00e9 que les frappes isra\u00e9liennes contre son pays \u00abportent un coup\u00bb \u00e0 la diplomatie, lors d\u2019un appel lundi avec ses homologues fran\u00e7ais, britannique, allemand et la cheffe de la diplomatie de l\u2019Union europ\u00e9enne.<\/p>\n<p class=\"fig-paragraph\">\u00abL\u2019agression isra\u00e9lienne contre l\u2019Iran en pleine n\u00e9gociation [sur le nucl\u00e9aire avec les Etats-Unis, NDLR] porte un coup \u00e0 la diplomatie\u00bb, a d\u00e9clar\u00e9 Abbas Araghchi, lors d\u2019un appel rapport\u00e9 par son minist\u00e8re avec les chefs de la diplomatie de France Jean-No\u00ebl Barrot, du Royaume-Uni David Lammy, d\u2019Allemagne Johann Wadephul, et de l\u2019Union Europ\u00e9enne Kaja Kallas. Ces trois pays et l\u2019UE sont membres avec la Chine et la Russie d\u2019un accord sur le nucl\u00e9aire conclu en 2015 et dont les Etats-Unis s\u2019\u00e9taient unilat\u00e9ralement retir\u00e9s.<\/p>\n<p>                        Hier<\/p>\n<p>\n        23:55\n            <\/p>\n<p class=\"fig-live-post__title\" role=\"heading\" aria-level=\"3\">Washington d\u00e9ploie des \u00abressources suppl\u00e9mentaires\u00bb au Moyen-Orient<\/p>\n<p class=\"fig-paragraph\">Washington d\u00e9ploie des \u00abressources suppl\u00e9mentaires\u00bb au Moyen-Orient pour y renforcer son \u00abdispositif d\u00e9fensif\u00bb, a annonc\u00e9 le ministre de la D\u00e9fense am\u00e9ricain Pete Hegseth sur le r\u00e9seau social X lundi, au quatri\u00e8me jour de conflit entre Isra\u00ebl et Iran.<\/p>\n<p class=\"fig-paragraph\">\u00abAu cours du week-end, j\u2019ai ordonn\u00e9 le d\u00e9ploiement de ressources suppl\u00e9mentaires dans la zone\u00bb qui englobe le Moyen-Orient, \u00e9crit Pete Hegseth. \u00abCes d\u00e9ploiements visent \u00e0 renforcer notre dispositif d\u00e9fensif dans la r\u00e9gion\u00bb, pr\u00e9cise le ministre, au moment o\u00f9 des mouvements de navires et d\u2019avions de l\u2019arm\u00e9e am\u00e9ricaine sont observ\u00e9s.<\/p>\n<p class=\"fig-body-link\">\n            \u00c0 lire aussi<br \/>\n        <a class=\"fig-body-link__link fig-premium-mark\" href=\"http:\/\/www.lefigaro.fr\/international\/les-missiles-iraniens-provoquent-des-dommages-limites-mais-spectaculaires-en-israel-20250616\" target=\"_blank\" data-fig-type=\"Article\" rel=\"noopener\" data-gtm-custom-categorie=\"navigation\" data-gtm-custom-action=\"crossclick\" data-gtm-custom-label=\"Contextuel\" data-gtm-event=\"customEventSPE\" data-fig-domain=\"LEFIGARO\">Les missiles iraniens provoquent des dommages limit\u00e9s mais spectaculaires en Isra\u00ebl<br \/>\n    <\/a>\n<\/p>\n<p>\n        23:50\n            <\/p>\n<p class=\"fig-live-post__title\" role=\"heading\" aria-level=\"3\">L\u2019arm\u00e9e isra\u00e9lienne abaisse le niveau d\u2019alerte, la population peut sortir des abris<\/p>\n<p class=\"fig-paragraph\">L\u2019arm\u00e9e isra\u00e9lienne abaisse le niveau d\u2019alerte, la population peut sortir des abris.<\/p>\n<p class=\"fig-body-link\">\n            \u00c0 lire aussi<br \/>\n        <a class=\"fig-body-link__link fig-premium-mark\" href=\"http:\/\/www.lefigaro.fr\/vox\/monde\/renaud-girard-les-risques-de-la-guerre-preventive-d-israel-20250616\" target=\"_blank\" data-fig-type=\"Article\" rel=\"noopener\" data-gtm-custom-categorie=\"navigation\" data-gtm-custom-action=\"crossclick\" data-gtm-custom-label=\"Contextuel\" data-gtm-event=\"customEventSPE\" data-fig-domain=\"LEFIGARO\">Renaud Girard\u00a0: \u00abLes risques de la guerre pr\u00e9ventive d\u2019Isra\u00ebl\u00bb<br \/>\n    <\/a>\n<\/p>\n<p>\n        23:49\n            <\/p>\n<p class=\"fig-live-post__title\" role=\"heading\" aria-level=\"3\">Vingt pays arabes et musulmans en faveur d\u2019une \u00abzone exempte d\u2019armes nucl\u00e9aires\u00bb au Moyen-Orient<\/p>\n<p class=\"fig-paragraph\">Vingt pays arabes et musulmans, dont le Qatar, Oman et le Pakistan, ont appel\u00e9 lundi \u00e0 la cr\u00e9ation d\u2019une \u00abzone exempte d\u2019armes nucl\u00e9aires\u00bb au Moyen-Orient, au quatri\u00e8me jour de l\u2019attaque massive lanc\u00e9e par Isra\u00ebl.<\/p>\n<p class=\"fig-paragraph\">Dans un communiqu\u00e9 conjoint publi\u00e9 lundi les signataires soulignent \u00abl\u2019urgence de cr\u00e9er une zone exempte d\u2019armes nucl\u00e9aires et d\u2019autres armes de destruction massive au Moyen-Orient, s\u2019appliquant \u00e0 tous les \u00c9tats de la r\u00e9gion sans exception\u00bb.<\/p>\n<p class=\"fig-paragraph\">Parmi les signataires figurent les m\u00e9diateurs du Qatar et d\u2019Oman, aux c\u00f4t\u00e9s de l\u2019Arabie saoudite, l\u2019\u00c9gypte, le Soudan, la Somalie, la Mauritanie, l\u2019Alg\u00e9rie, la Libye, le Kowe\u00eft, l\u2019Irak, la Jordanie, les \u00c9mirats arabes unis, le Bahre\u00efn, le Tchad, Djibouti, les Comores, la Turquie, ainsi que le Pakistan, unique pays musulman \u00e0 poss\u00e9der l\u2019arme nucl\u00e9aire et non-signataire du Trait\u00e9 sur la non-prolif\u00e9ration (TNP). Isra\u00ebl est largement pr\u00e9sum\u00e9 poss\u00e9der des armes nucl\u00e9aires, bien qu\u2019il ne l\u2019ait jamais officiellement reconnu.<\/p>\n<p class=\"fig-body-link\">\n            \u00c0 lire aussi<br \/>\n        <a class=\"fig-body-link__link fig-premium-mark\" href=\"http:\/\/www.lefigaro.fr\/international\/les-missiles-iraniens-provoquent-des-dommages-limites-mais-spectaculaires-en-israel-20250616\" data-fig-type=\"Article\" data-gtm-custom-categorie=\"navigation\" data-gtm-custom-action=\"crossclick\" data-gtm-custom-label=\"Contextuel\" data-gtm-event=\"customEventSPE\" data-fig-domain=\"LEFIGARO\" target=\"_blank\" rel=\"noopener\">Les missiles iraniens provoquent des dommages limit\u00e9s mais spectaculaires en Isra\u00ebl<br \/>\n    <\/a>\n<\/p>\n<p>\n        23:41\n            <\/p>\n<p class=\"fig-live-post__title\" role=\"heading\" aria-level=\"3\">Alerte aux missiles iraniens en Isra\u00ebl : la population de la r\u00e9gion de Tel-Aviv appel\u00e9e \u00e0 gagner les abris<\/p>\n<p class=\"fig-paragraph\">L\u2019arm\u00e9e isra\u00e9lienne a appel\u00e9 mardi la population de la r\u00e9gion de Tel-Aviv et de Beersheva, dans le sud d\u2019Isra\u00ebl, \u00e0 se confiner dans des abris apr\u00e8s avoir d\u00e9tect\u00e9 des missiles en provenance d\u2019Iran.<\/p>\n<p class=\"fig-paragraph\">\u00abDes sir\u00e8nes ont retenti dans plusieurs r\u00e9gions d\u2019Isra\u00ebl apr\u00e8s la d\u00e9tection de missiles tir\u00e9s d\u2019Iran\u00bb, indique un communiqu\u00e9 militaire. Le Commandement du front int\u00e9rieur (D\u00e9fense passive) a appel\u00e9 la population \u00e0 gagner les abris dans la r\u00e9gion de Tel-Aviv et de Beersheva.<\/p>\n<p class=\"fig-body-link\">\n            \u00c0 lire aussi<br \/>\n        <a class=\"fig-body-link__link fig-premium-mark\" href=\"http:\/\/www.lefigaro.fr\/vox\/monde\/renaud-girard-les-risques-de-la-guerre-preventive-d-israel-20250616\" target=\"_blank\" data-fig-type=\"Article\" rel=\"noopener\" data-gtm-custom-categorie=\"navigation\" data-gtm-custom-action=\"crossclick\" data-gtm-custom-label=\"Contextuel\" data-gtm-event=\"customEventSPE\" data-fig-domain=\"LEFIGARO\">Renaud Girard\u00a0: \u00abLes risques de la guerre pr\u00e9ventive d\u2019Isra\u00ebl\u00bb<br \/>\n    <\/a>\n<\/p>\n<p>\n        23:30\n            <\/p>\n<p class=\"fig-live-post__title\" role=\"heading\" aria-level=\"3\">La d\u00e9fense antia\u00e9rienne activ\u00e9e \u00ab\u00e0 un niveau \u00e9lev\u00e9\u00bb \u00e0 T\u00e9h\u00e9ran<\/p>\n<p class=\"fig-paragraph\">Les syst\u00e8mes de la d\u00e9fense antia\u00e9rienne ont \u00e9t\u00e9 activ\u00e9s \u00ab\u00e0 un niveau \u00e9lev\u00e9\u00bb \u00e0 T\u00e9h\u00e9ran, a annonc\u00e9 dans la nuit de lundi \u00e0 mardi un m\u00e9dia d\u2019Etat iranien, apr\u00e8s l\u2019annonce par l\u2019Iran de frappes \u00abjusqu\u2019\u00e0 l\u2019aube\u00bb contre Isra\u00ebl.<\/p>\n<p class=\"fig-paragraph\">\u00abLes syst\u00e8mes de la d\u00e9fense antia\u00e9rienne sont activ\u00e9s \u00e0 un niveau \u00e9lev\u00e9\u00bb, a indiqu\u00e9 l\u2019agence de presse Irna, au quatri\u00e8me jour d\u2019une escalade militaire entre l\u2019Iran et Isra\u00ebl.<\/p>\n<p>    De la fum\u00e9e apr\u00e8s l\u2019attaque d\u2019un d\u00e9p\u00f4t de p\u00e9trole \u00e0 T\u00e9h\u00e9ran, en Iran.<br \/>\n                Majid Asgaripour \/ REUTERS<\/p>\n<p>\n        23:10\n            <\/p>\n<p class=\"fig-live-post__title\" role=\"heading\" aria-level=\"3\">Donald Trump assure qu\u2019\u00abun accord va \u00eatre sign\u00e9\u00bb concernant l\u2019Iran<\/p>\n<p class=\"fig-paragraph\">Donald Trump a assur\u00e9 lundi qu\u2019un \u00abaccord allait \u00eatre sign\u00e9\u00bb s\u2019agissant du conflit entre l\u2019Iran et Isra\u00ebl, sans donner davantage de pr\u00e9cisions sur son contenu.<\/p>\n<p class=\"fig-paragraph\">\u00abJe pense que c\u2019est idiot de la part de l\u2019Iran de ne pas signer\u00bb, a indiqu\u00e9 le pr\u00e9sident am\u00e9ricain depuis le Canada o\u00f9 il participe au sommet du G7, ajoutant: \u00abL\u2019Iran est en fait d\u00e9j\u00e0 \u00e0 la table des n\u00e9gociations, ils veulent conclure un accord, d\u00e8s que je pars d\u2019ici nous ferons quelque chose.\u00bb<\/p>\n<p class=\"fig-body-link\">\n            \u00c0 lire aussi<br \/>\n        <a class=\"fig-body-link__link fig-premium-mark\" href=\"http:\/\/www.lefigaro.fr\/vox\/monde\/l-editorial-de-philippe-gelie-iran-le-quitte-ou-double-de-netanyahou-20250616\" target=\"_blank\" data-fig-type=\"Article\" rel=\"noopener\" data-gtm-custom-categorie=\"navigation\" data-gtm-custom-action=\"crossclick\" data-gtm-custom-label=\"Contextuel\" data-gtm-event=\"customEventSPE\" data-fig-domain=\"LEFIGARO\">L\u2019\u00e9ditorial de Philippe G\u00e9lie\u00a0: \u00abIran, le quitte ou double de Netanyahou\u00bb<br \/>\n    <\/a>\n<\/p>\n<p>\n        22:58\n            <\/p>\n<p class=\"fig-live-post__title\" role=\"heading\" aria-level=\"3\">L\u2019Iran annonce des frappes sur Isra\u00ebl \u00absans interruption jusqu\u2019\u00e0 l\u2019aube\u00bb<\/p>\n<p class=\"fig-paragraph\">Les Gardiens de la R\u00e9volution, l\u2019arm\u00e9e id\u00e9ologique de la R\u00e9publique d\u2019Iran, ont annonc\u00e9 dans la nuit de lundi \u00e0 mardi des frappes sur Isra\u00ebl \u00absans interruption jusqu\u2019\u00e0 l\u2019aube\u00bb.<\/p>\n<p class=\"fig-paragraph\">\u00abLa neuvi\u00e8me salve d\u2019attaque combin\u00e9e de drones et missiles a commenc\u00e9 et se poursuivra sans interruption jusqu\u2019\u00e0 l\u2019aube\u00bb, a d\u00e9clar\u00e9 le porte-parole des Gardiens, Ali Mohammad Na\u00efni, cit\u00e9 par l\u2019agence officielle Irna.<\/p>\n<p>    De la fum\u00e9e et du feu s\u2019\u00e9l\u00e8vent sur un site d\u2019installation touch\u00e9 suite \u00e0 une attaque de missile de l\u2019Iran sur Isra\u00ebl, \u00e0 Ha\u00effa, Isra\u00ebl, le 15 juin 2025.<br \/>\n                Rami Shlush \/ REUTERS<\/p>\n<p class=\"fig-body-link\">\n            \u00c0 lire aussi<br \/>\n        <a class=\"fig-body-link__link fig-premium-mark\" href=\"http:\/\/www.lefigaro.fr\/international\/le-pouvoir-en-iran-est-dans-la-nasse-dos-au-mur-la-republique-islamique-mobilise-sa-diplomatie-20250616\" target=\"_blank\" data-fig-type=\"Article\" rel=\"noopener\" data-gtm-custom-categorie=\"navigation\" data-gtm-custom-action=\"crossclick\" data-gtm-custom-label=\"Contextuel\" data-gtm-event=\"customEventSPE\" data-fig-domain=\"LEFIGARO\">\u00abLe pouvoir en Iran est dans la nasse\u00bb: dos au mur, la R\u00e9publique islamique mobilise sa diplomatie<br \/>\n    <\/a>\n<\/p>\n<p>\n        22:32\n            <\/p>\n<p class=\"fig-live-post__title\" role=\"heading\" aria-level=\"3\">Une frappe isra\u00e9lienne tue trois secouristes \u00e0 T\u00e9h\u00e9ran<\/p>\n<p class=\"fig-paragraph\">Trois secouristes du Croissant-Rouge iranien ont \u00e9t\u00e9 tu\u00e9s lundi \u00e0\u00a0<a href=\"http:\/\/www.lefigaro.fr\/international\/le-danger-est-partout-les-frappes-israeliennes-sement-la-stupeur-et-le-chaos-a-teheran-20250615\" target=\"_blank\" data-fig-type=\"Article\" rel=\"noopener\" data-gtm-custom-categorie=\"navigation\" data-gtm-custom-action=\"crossclick\" data-gtm-custom-label=\"Contextuel\" data-gtm-event=\"customEventSPE\" data-fig-domain=\"LEFIGARO\">T\u00e9h\u00e9ran<\/a>\u00a0par une frappe isra\u00e9lienne durant leur travail, a annonc\u00e9 l\u2019organisation, \u00e9quivalent en Iran de la Croix-Rouge.<\/p>\n<p class=\"fig-paragraph\">\u00abCet incident n\u2019est pas seulement un crime contre le droit humanitaire international, mais aussi une atteinte manifeste \u00e0 l\u2019humanit\u00e9 et \u00e0 la morale\u00bb, a condamn\u00e9 dans un communiqu\u00e9 le Croissant-Rouge, indiquant que ses trois employ\u00e9s portaient secours \u00e0 des bless\u00e9s dans le quartier de Shahid Bagheri, dans le nord-ouest de T\u00e9h\u00e9ran.<\/p>\n<p class=\"fig-body-link\">\n            \u00c0 lire aussi<br \/>\n        <a class=\"fig-body-link__link fig-premium-mark\" href=\"http:\/\/www.lefigaro.fr\/international\/les-missiles-iraniens-provoquent-des-dommages-limites-mais-spectaculaires-en-israel-20250616\" target=\"_blank\" data-fig-type=\"Article\" rel=\"noopener\" data-gtm-custom-categorie=\"navigation\" data-gtm-custom-action=\"crossclick\" data-gtm-custom-label=\"Contextuel\" data-gtm-event=\"customEventSPE\" data-fig-domain=\"LEFIGARO\">Les missiles iraniens provoquent des dommages limit\u00e9s mais spectaculaires en Isra\u00ebl<br \/>\n    <\/a>\n<\/p>\n<p>\n        21:56\n            <\/p>\n<p class=\"fig-live-post__title\" role=\"heading\" aria-level=\"3\">Des missiles et des drones iraniens envoy\u00e9s sur Tel Aviv et Haifa, selon la t\u00e9l\u00e9vision d\u2019\u00c9tat iranienne<\/p>\n<p class=\"fig-paragraph\">La t\u00e9l\u00e9vision d\u2019\u00c9tat iranienne a annonc\u00e9 lundi soir une nouvelle salve de missiles sur Isra\u00ebl, au quatri\u00e8me jour d\u2019une escalade militaire entre l\u2019Iran et Isra\u00ebl, son ennemi jur\u00e9.<\/p>\n<p class=\"fig-paragraph\">\u00abUne nouvelle salve de missiles contre les territoires occup\u00e9s d\u00e9bute\u00bb, a indiqu\u00e9 la t\u00e9l\u00e9vision, en r\u00e9f\u00e9rence \u00e0 Isra\u00ebl, \u00c9tat non reconnu par le pouvoir iranien.<\/p>\n<p class=\"fig-body-link\">\n            \u00c0 lire aussi<br \/>\n        <a class=\"fig-body-link__link fig-premium-mark\" href=\"http:\/\/www.lefigaro.fr\/international\/les-missiles-iraniens-provoquent-des-dommages-limites-mais-spectaculaires-en-israel-20250616\" target=\"_blank\" data-fig-type=\"Article\" rel=\"noopener\" data-gtm-custom-categorie=\"navigation\" data-gtm-custom-action=\"crossclick\" data-gtm-custom-label=\"Contextuel\" data-gtm-event=\"customEventSPE\" data-fig-domain=\"LEFIGARO\">Les missiles iraniens provoquent des dommages limit\u00e9s mais spectaculaires en Isra\u00ebl<br \/>\n    <\/a>\n<\/p>\n<p>\n        20:57\n            <\/p>\n<p class=\"fig-live-post__title\" role=\"heading\" aria-level=\"3\">Sur l\u2019Iran, \u00abnous sommes bien coordonn\u00e9s avec les \u00c9tats-Unis\u00bb, assure Netanyahou<\/p>\n<p class=\"fig-paragraph\">Le premier ministre isra\u00e9lien, Benyamin Netanyahou, a indiqu\u00e9 lundi soir que les dirigeants isra\u00e9liens \u00e9taient \u00abbien coordonn\u00e9es avec les \u00c9tats-Unis\u00bb concernant les objectifs d\u2019<a href=\"http:\/\/www.lefigaro.fr\/vox\/monde\/renaud-girard-les-risques-de-la-guerre-preventive-d-israel-20250616\" target=\"_blank\" data-fig-type=\"Article\" rel=\"noopener\" data-gtm-custom-categorie=\"navigation\" data-gtm-custom-action=\"crossclick\" data-gtm-custom-label=\"Contextuel\" data-gtm-event=\"customEventSPE\" data-fig-domain=\"LEFIGARO\">Isra\u00ebl<\/a>\u00a0contre l\u2019Iran, au quatri\u00e8me jour de l\u2019attaque massive lanc\u00e9e sur la R\u00e9publique islamique.<\/p>\n<p class=\"fig-paragraph\">\u00abNous visons trois objectifs principaux: l\u2019\u00e9limination du programme nucl\u00e9aire, l\u2019\u00e9limination de la capacit\u00e9 de production de missiles balistiques, l\u2019\u00e9limination de l\u2019axe du terrorisme. Et bien entendu, nous ferons ce qu\u2019il faut pour atteindre ces objectifs, et nous sommes bien coordonn\u00e9s avec les \u00c9tats-Unis\u00bb.<\/p>\n<p>\n        20:53\n            <\/p>\n<p class=\"fig-live-post__title\" role=\"heading\" aria-level=\"3\">L\u2019Iran appelle \u00e0 \u00e9vacuer les bureaux de cha\u00eenes isra\u00e9liennes, apr\u00e8s l\u2019attaque contre sa t\u00e9l\u00e9vision nationale<\/p>\n<p class=\"fig-paragraph\">L\u2019Iran a appel\u00e9 lundi soir deux cha\u00eenes isra\u00e9liennes \u00e0 \u00e9vacuer leurs locaux, quelques heures apr\u00e8s une frappe men\u00e9e par Isra\u00ebl contre le b\u00e2timent de la cha\u00eene publique iranienne \u00e0 T\u00e9h\u00e9ran, a rapport\u00e9 la t\u00e9l\u00e9vision d\u2019Etat iranienne.<\/p>\n<p class=\"fig-paragraph\">\u00abL\u2019Iran a \u00e9mis un avertissement d\u2019\u00e9vacuation aux cha\u00eenes N12 et N14 d\u2019Isra\u00ebl. Cette d\u00e9cision fait suite \u00e0 l\u2019attaque hostile de l\u2019ennemi sioniste contre le service de radiodiffusion de la R\u00e9publique islamique d\u2019Iran\u00bb, a ajout\u00e9 la m\u00eame source.<\/p>\n<p class=\"fig-body-link\">\n            \u00c0 lire aussi<br \/>\n        <a class=\"fig-body-link__link fig-premium-mark\" href=\"http:\/\/www.lefigaro.fr\/international\/le-pouvoir-en-iran-est-dans-la-nasse-dos-au-mur-la-republique-islamique-mobilise-sa-diplomatie-20250616\" target=\"_blank\" data-fig-type=\"Article\" rel=\"noopener\" data-gtm-custom-categorie=\"navigation\" data-gtm-custom-action=\"crossclick\" data-gtm-custom-label=\"Contextuel\" data-gtm-event=\"customEventSPE\" data-fig-domain=\"LEFIGARO\">\u00abLe pouvoir en Iran est dans la nasse\u00bb: dos au mur, la R\u00e9publique islamique mobilise sa diplomatie<br \/>\n    <\/a>\n<\/p>\n<p>\n        20:52\n            <\/p>\n<p class=\"fig-live-post__title\" role=\"heading\" aria-level=\"3\">Les Iraniens voient \u00abque le r\u00e9gime est beaucoup plus faible\u00bb qu\u2019ils le pensaient, selon Netanyahou<\/p>\n<p class=\"fig-paragraph\">Les Iraniens voient \u00abque le r\u00e9gime est beaucoup plus faible\u00bb qu\u2019ils le pensaient, a indiqu\u00e9 le premier ministre isra\u00e9lien ce lundi soir.<\/p>\n<p class=\"fig-body-link\">\n            \u00c0 lire aussi<br \/>\n        <a class=\"fig-body-link__link fig-premium-mark\" href=\"http:\/\/www.lefigaro.fr\/vox\/monde\/l-editorial-de-philippe-gelie-iran-le-quitte-ou-double-de-netanyahou-20250616\" target=\"_blank\" data-fig-type=\"Article\" rel=\"noopener\" data-gtm-custom-categorie=\"navigation\" data-gtm-custom-action=\"crossclick\" data-gtm-custom-label=\"Contextuel\" data-gtm-event=\"customEventSPE\" data-fig-domain=\"LEFIGARO\">L\u2019\u00e9ditorial de Philippe G\u00e9lie\u00a0: \u00abIran, le quitte ou double de Netanyahou\u00bb<br \/>\n    <\/a>\n<\/p>\n<p>\n        20:51\n            <\/p>\n<p class=\"fig-live-post__title\" role=\"heading\" aria-level=\"3\">Des avions de ravitaillement am\u00e9ricains d\u00e9ploy\u00e9s en Europe<\/p>\n<p class=\"fig-paragraph\">D\u2019apr\u00e8s l\u2019agence de presse Reuters cit\u00e9e par nos confr\u00e8res britanniques du Guardian, les \u00c9tats-Unis ont d\u00e9plac\u00e9 des avions de ravitaillement en Europe afin de donner \u00e0 Washington des options militaires, en cas d\u2019implication des \u00c9tats-Unis dans le conflit.<\/p>\n<p class=\"fig-paragraph\">Reuters et le New York Times rapportent \u00e9galement que l\u2019USS Nimitz, un porte-avions, est en route vers le Moyen-Orient dans le cadre d\u2019un d\u00e9ploiement pr\u00e9vu. Le porte-avions remonte actuellement le d\u00e9troit de Malacca, entre l\u2019\u00eele indon\u00e9sienne de Sumatra et la Malaisie.<\/p>\n<p class=\"fig-paragraph\">Une r\u00e9ception pr\u00e9vue \u00e0 bord du Nimitz vendredi 20 juin, dans le cadre d\u2019une visite de quatre jours du porte-avions \u00e0 Danang, dans le centre du Vietnam, a \u00e9t\u00e9 annul\u00e9e, a indiqu\u00e9 \u00e0 l\u2019AFP un responsable gouvernemental vietnamien, lettre de l\u2019ambassade am\u00e9ricaine \u00e0 l\u2019appui. Le courrier en question fait \u00e9tat d\u2019\u00abun besoin op\u00e9rationnel \u00e9mergent\u00bb avanc\u00e9 par le minist\u00e8re de la D\u00e9fense am\u00e9ricain pour justifier l\u2019annulation de cet \u00e9v\u00e9nement.<\/p>\n<p class=\"fig-body-link\">\n            \u00c0 lire aussi<br \/>\n        <a class=\"fig-body-link__link fig-premium-mark\" href=\"http:\/\/www.lefigaro.fr\/vox\/monde\/l-editorial-de-philippe-gelie-iran-le-quitte-ou-double-de-netanyahou-20250616\" target=\"_blank\" data-fig-type=\"Article\" rel=\"noopener\" data-gtm-custom-categorie=\"navigation\" data-gtm-custom-action=\"crossclick\" data-gtm-custom-label=\"Contextuel\" data-gtm-event=\"customEventSPE\" data-fig-domain=\"LEFIGARO\">L\u2019\u00e9ditorial de Philippe G\u00e9lie\u00a0: \u00abIran, le quitte ou double de Netanyahou\u00bb<br \/>\n    <\/a>\n<\/p>\n<p>\n        20:29\n            <\/p>\n<p class=\"fig-live-post__title\" role=\"heading\" aria-level=\"3\">Netanyahou affirme qu\u2019Isra\u00ebl \u00abchange la face du Moyen-Orient\u00bb<\/p>\n<p class=\"fig-paragraph\">Isra\u00ebl est en train de changer \u00abla face du Moyen-Orient\u00bb avec ses frappes sur l\u2019<a href=\"http:\/\/www.lefigaro.fr\/vox\/monde\/l-editorial-de-philippe-gelie-iran-le-quitte-ou-double-de-netanyahou-20250616\" target=\"_blank\" data-fig-type=\"Article\" rel=\"noopener\" data-gtm-custom-categorie=\"navigation\" data-gtm-custom-action=\"crossclick\" data-gtm-custom-label=\"Contextuel\" data-gtm-event=\"customEventSPE\" data-fig-domain=\"LEFIGARO\">Iran<\/a>, a d\u00e9clar\u00e9 lundi soir le premier ministre isra\u00e9lien Benyamin Netanyahou lors d\u2019une conf\u00e9rence de presse t\u00e9l\u00e9vis\u00e9e.<\/p>\n<p class=\"fig-paragraph\">\u00abNous changeons la face du Moyen-Orient\u00bb, a dit Benyamin Netanyahou, apr\u00e8s avoir d\u00e9taill\u00e9 ce qu\u2019il a pr\u00e9sent\u00e9 comme une s\u00e9rie de succ\u00e8s depuis le lancement, vendredi, de l\u2019attaque d\u2019Isra\u00ebl sur la R\u00e9publique islamique, notamment la d\u00e9capitation de la direction s\u00e9curitaire iranienne. \u00abNous les \u00e9liminons un par un\u00bb, a-t-il dit.<\/p>\n<p class=\"fig-body-link\">\n            \u00c0 lire aussi<br \/>\n        <a class=\"fig-body-link__link fig-premium-mark\" href=\"http:\/\/www.lefigaro.fr\/international\/le-pouvoir-en-iran-est-dans-la-nasse-dos-au-mur-la-republique-islamique-mobilise-sa-diplomatie-20250616\" target=\"_blank\" data-fig-type=\"Article\" rel=\"noopener\" data-gtm-custom-categorie=\"navigation\" data-gtm-custom-action=\"crossclick\" data-gtm-custom-label=\"Contextuel\" data-gtm-event=\"customEventSPE\" data-fig-domain=\"LEFIGARO\">\u00abLe pouvoir en Iran est dans la nasse\u00bb: dos au mur, la R\u00e9publique islamique mobilise sa diplomatie<br \/>\n    <\/a>\n<\/p>\n<p>\n        19:51\n            <\/p>\n<p class=\"fig-live-post__title\" role=\"heading\" aria-level=\"3\">Des habitants de T\u00e9h\u00e9ran tentent de fuir la capitale, embouteillage monstre<\/p>\n<p class=\"fig-paragraph\">De nombreux habitants de T\u00e9h\u00e9ran fuient en masse la capitale cible de frappes isra\u00e9liennes, et un embouteillage monstre s\u2019est form\u00e9 sur la route principale allant vers le nord, selon plusieurs images post\u00e9es lundi sur les r\u00e9seaux sociaux.<\/p>\n<p class=\"fig-paragraph\">Des images authentifi\u00e9es par l\u2019AFP, prises d\u2019un pont autoroutier, montrent une immense file de voitures \u00e0 l\u2019arr\u00eat sur une autoroute de la sortie nord de T\u00e9h\u00e9ran, presque aucun v\u00e9hicule ne circulant en sens inverse. L\u2019espace a\u00e9rien est ferm\u00e9 jusqu\u2019\u00e0 nouvel ordre, et la route est le seul moyen de quitter la capitale, cibl\u00e9e par d\u2019intenses bombardements.<\/p>\n<p>    Des voitures pr\u00e8s d\u2019une station-service \u00e0 la suite des frappes isra\u00e9liennes, \u00e0 T\u00e9h\u00e9ran, en Iran, le 15 juin 2025.<br \/>\n                Majid Asgaripour \/ REUTERS<\/p>\n<p class=\"fig-paragraph\">Isra\u00ebl a appel\u00e9 les T\u00e9h\u00e9ranais \u00e0 s\u2019\u00e9loigner de toutes les infrastructures militaires, mais les forces de s\u00e9curit\u00e9 sont omnipr\u00e9sentes dans la ville, y compris dans les zones r\u00e9sidentielles. L\u2019embouteillage semble \u00eatre concentr\u00e9 sur l\u2019autoroute 49 qui relie T\u00e9h\u00e9ran \u00e0 Chalous, sur la mer Caspienne, selon les vid\u00e9os post\u00e9es par Iran International, une t\u00e9l\u00e9vision en langue persane bas\u00e9e \u00e0 l\u2019\u00e9tranger, et d\u2019apr\u00e8s les images de bloggers iraniens connus.<\/p>\n<p class=\"fig-body-link\">\n            \u00c0 lire aussi<br \/>\n        <a class=\"fig-body-link__link fig-premium-mark\" href=\"http:\/\/www.lefigaro.fr\/international\/offensive-contre-l-iran-la-gbu-57-cette-bombe-xxl-dont-israel-a-besoin-pour-detruire-les-sites-nucleaires-iraniens-20250616\" target=\"_blank\" data-fig-type=\"Article\" rel=\"noopener\" data-gtm-custom-categorie=\"navigation\" data-gtm-custom-action=\"crossclick\" data-gtm-custom-label=\"Contextuel\" data-gtm-event=\"customEventSPE\" data-fig-domain=\"LEFIGARO\">Offensive contre l\u2019Iran\u00a0: la GBU-57, cette bombe XXL dont Isra\u00ebl a besoin pour d\u00e9truire les sites nucl\u00e9aires iraniens<br \/>\n    <\/a>\n<\/p>\n<p>\n        19:17\n            <\/p>\n<p class=\"fig-live-post__title\" role=\"heading\" aria-level=\"3\">Tuer l\u2019ayatollah Khamenei \u00abmettrait fin au conflit\u00bb, dit Benyamin Netanyahou<\/p>\n<p class=\"fig-paragraph\">Tuer l\u2019ayatollah Khamenei \u00abmettrait fin au conflit\u00bb, a assur\u00e9 le premier ministre isra\u00e9lien\u00a0<a href=\"http:\/\/www.lefigaro.fr\/international\/israel-iran-benyamin-netanyahou-espere-redessiner-la-carte-du-moyen-orient-20250615\" target=\"_blank\" data-fig-type=\"Article\" rel=\"noopener\" data-gtm-custom-categorie=\"navigation\" data-gtm-custom-action=\"crossclick\" data-gtm-custom-label=\"Contextuel\" data-gtm-event=\"customEventSPE\" data-fig-domain=\"LEFIGARO\">Benyamin Netanyahou<\/a>\u00a0au m\u00e9dia am\u00e9ricain ABC News.<\/p>\n<p class=\"fig-paragraph\">\u00abNous avons eu un demi-si\u00e8cle de conflits provoqu\u00e9s par ce r\u00e9gime qui terrorise tout le Moyen-Orient ; qui a bombard\u00e9 les installations p\u00e9troli\u00e8res d\u2019Aramco en Arabie saoudite ; qui r\u00e9pand le terrorisme, la subversion et le sabotage partout\u00bb, a d\u00e9clar\u00e9 Netanyahou. \u00abLa \u00ab\u00a0guerre \u00e9ternelle\u00a0\u00bb, c\u2019est ce que veut l\u2019Iran, et ils nous m\u00e8nent au bord d\u2019une guerre nucl\u00e9aire. En r\u00e9alit\u00e9, ce que fait Isra\u00ebl, c\u2019est emp\u00eacher cela, mettre fin \u00e0 cette agression, et nous ne pouvons le faire qu\u2019en affrontant les forces du mal.\u00bb<\/p>\n<p class=\"fig-paragraph\">Tuer l\u2019ayatollah \u00abne m\u00e8nera pas \u00e0 une escalade du conflit, cela mettra fin au conflit\u00bb, a r\u00e9pondu le dirigeant isra\u00e9lien, interrog\u00e9 sur l\u2019opposition de Donald Trump \u00e0 un plan isra\u00e9lien visant \u00e0 \u00e9liminer le guide supr\u00eame iranien. \u00c0 la question de savoir si Isra\u00ebl allait effectivement viser Khamenei, Benyamin Netanyahou a r\u00e9pondu que son pays \u00abfaisait ce qu\u2019il avait \u00e0 faire\u00bb.<\/p>\n<p class=\"fig-body-link\">\n            \u00c0 lire aussi<br \/>\n        <a class=\"fig-body-link__link fig-premium-mark\" href=\"http:\/\/www.lefigaro.fr\/international\/apres-l-elimination-de-hauts-grades-iraniens-l-ayatollah-ali-khamenei-sait-qu-il-n-est-plus-intouchable-20250615\" target=\"_blank\" data-fig-type=\"Article\" rel=\"noopener\" data-gtm-custom-categorie=\"navigation\" data-gtm-custom-action=\"crossclick\" data-gtm-custom-label=\"Contextuel\" data-gtm-event=\"customEventSPE\" data-fig-domain=\"LEFIGARO\">Apr\u00e8s l\u2019\u00e9limination de hauts grad\u00e9s iraniens, l\u2019ayatollah Ali Khamenei sait qu\u2019il n\u2019est plus intouchable<br \/>\n    <\/a>\n<\/p>\n<p>\n        19:08\n            <\/p>\n<p class=\"fig-live-post__title\" role=\"heading\" aria-level=\"3\">L\u2019Iran promet de continuer \u00e0 frapper Isra\u00ebl jusqu\u2019\u00e0 l\u2019arr\u00eat des attaques<\/p>\n<p class=\"fig-paragraph\">Le ministre iranien des Affaires \u00e9trang\u00e8res, Abbas Araghchi, a affirm\u00e9 lundi que les forces iraniennes continueraient de \u00abpilonner\u00bb Isra\u00ebl jusqu\u2019\u00e0 ce que les attaques contre la R\u00e9publique islamique cessent, au 4e jour d\u2019un conflit in\u00e9dit entre les deux pays ennemis.<\/p>\n<p class=\"fig-paragraph\">\u00abNos puissantes forces arm\u00e9es montrent au monde que les criminels de guerre cach\u00e9s dans des abris \u00e0 Tel-Aviv ne resteront pas impunis pour leurs crimes\u00bb, a \u00e9crit M. Araghchi sur X. \u00abNous continuerons de pilonner ces l\u00e2ches aussi longtemps qu\u2019il le faudra pour qu\u2019ils cessent de tirer sur notre peuple\u00bb, a-t-il ajout\u00e9.<\/p>\n<p class=\"fig-body-link\">\n            \u00c0 lire aussi<br \/>\n        <a class=\"fig-body-link__link fig-premium-mark\" href=\"http:\/\/www.lefigaro.fr\/international\/offensive-contre-l-iran-la-gbu-57-cette-bombe-xxl-dont-israel-a-besoin-pour-detruire-les-sites-nucleaires-iraniens-20250616\" target=\"_blank\" data-fig-type=\"Article\" rel=\"noopener\" data-gtm-custom-categorie=\"navigation\" data-gtm-custom-action=\"crossclick\" data-gtm-custom-label=\"Contextuel\" data-gtm-event=\"customEventSPE\" data-fig-domain=\"LEFIGARO\">Offensive contre l\u2019Iran\u00a0: la GBU-57, cette bombe XXL dont Isra\u00ebl a besoin pour d\u00e9truire les sites nucl\u00e9aires iraniens<br \/>\n    <\/a>\n<\/p>\n<p>\n        19:07\n            <\/p>\n<p class=\"fig-live-post__title\" role=\"heading\" aria-level=\"3\">T\u00e9h\u00e9ran dit que les \u00c9tats-Unis pourraient arr\u00eater les attaques isra\u00e9liennes \u00abavec un seul coup de fil\u00bb<\/p>\n<p class=\"fig-paragraph\">Dans une publication sur X, le ministre des Affaires \u00e9trang\u00e8res Abbas Araghchi indique que si Donald Trump est \u00absinc\u00e8re au sujet de la diplomatie et souhaite r\u00e9ellement mettre fin \u00e0 cette guerre, les prochaines \u00e9tapes seront d\u00e9cisives.\u00bb<\/p>\n<p class=\"fig-paragraph\">Et d\u2019ajouter: \u00abIl suffit d\u2019un seul coup de fil depuis Washington pour faire taire quelqu\u2019un comme Netanyahou\u00bb, poursuit le principal diplomate iranien. \u00abCela pourrait ouvrir la voie \u00e0 un retour \u00e0 la diplomatie.\u00bb<\/p>\n<p class=\"fig-body-link\">\n            \u00c0 lire aussi<br \/>\n        <a class=\"fig-body-link__link fig-premium-mark\" href=\"http:\/\/www.lefigaro.fr\/international\/le-danger-est-partout-les-frappes-israeliennes-sement-la-stupeur-et-le-chaos-a-teheran-20250615\" target=\"_blank\" data-fig-type=\"Article\" rel=\"noopener\" data-gtm-custom-categorie=\"navigation\" data-gtm-custom-action=\"crossclick\" data-gtm-custom-label=\"Contextuel\" data-gtm-event=\"customEventSPE\" data-fig-domain=\"LEFIGARO\">\u00abLe danger est partout\u00bb: les frappes isra\u00e9liennes s\u00e8ment la stupeur et le chaos \u00e0 T\u00e9h\u00e9ran<br \/>\n    <\/a>\n<\/p>\n<p>\n        19:05\n            <\/p>\n<p class=\"fig-live-post__title\" role=\"heading\" aria-level=\"3\">L\u2019Iran condamne l\u2019attaque isra\u00e9lienne contre la TV d\u2019\u00c9tat: \u00abUn acte ignoble et un crime de guerre\u00bb<\/p>\n<p class=\"fig-paragraph\">Le minist\u00e8re iranien des Affaires \u00e9trang\u00e8res a condamn\u00e9 l\u2019attaque men\u00e9e lundi par Isra\u00ebl contre le b\u00e2timent de la t\u00e9l\u00e9vision d\u2019\u00c9tat iranienne, en estimant qu\u2019il s\u2019agit d\u2019un \u00abacte ignoble et un crime de guerre\u00bb.<\/p>\n<p class=\"fig-paragraph\">\u00abLe Conseil de s\u00e9curit\u00e9 de l\u2019ONU doit maintenant agir pour emp\u00eacher l\u2019agresseur g\u00e9nocidaire de commettre d\u2019autres atrocit\u00e9s contre notre peuple\u00bb, a ajout\u00e9 le porte-parole du minist\u00e8re, Esmaeil Baqaei.<\/p>\n<p class=\"fig-body-link\">\n            \u00c0 lire aussi<br \/>\n        <a class=\"fig-body-link__link fig-premium-mark\" href=\"http:\/\/www.lefigaro.fr\/international\/offensive-contre-l-iran-la-gbu-57-cette-bombe-xxl-dont-israel-a-besoin-pour-detruire-les-sites-nucleaires-iraniens-20250616\" target=\"_blank\" data-fig-type=\"Article\" rel=\"noopener\" data-gtm-custom-categorie=\"navigation\" data-gtm-custom-action=\"crossclick\" data-gtm-custom-label=\"Contextuel\" data-gtm-event=\"customEventSPE\" data-fig-domain=\"LEFIGARO\">Offensive contre l\u2019Iran\u00a0: la GBU-57, cette bombe XXL dont Isra\u00ebl a besoin pour d\u00e9truire les sites nucl\u00e9aires iraniens<br \/>\n    <\/a>\n<\/p>\n<p>\n        18:43\n            <\/p>\n<p class=\"fig-live-post__title\" role=\"heading\" aria-level=\"3\">L\u2019arm\u00e9e isra\u00e9lienne dit avoir identifi\u00e9 des tirs de missiles iraniens visant le nord du pays<\/p>\n<p class=\"fig-paragraph\">L\u2019arm\u00e9e isra\u00e9lienne a annonc\u00e9 lundi soir avoir identifi\u00e9 des tirs de missiles iraniens visant le nord du pays, ce qui a d\u00e9clench\u00e9 des sir\u00e8nes d\u2019alerte antia\u00e9riennes dans cette r\u00e9gion.<\/p>\n<p class=\"fig-paragraph\">\u00abIl y a peu, des sir\u00e8nes ont retenti dans plusieurs r\u00e9gions du nord d\u2019Isra\u00ebl, \u00e0 la suite de l\u2019identification de missiles lanc\u00e9s depuis l\u2019Iran en direction de l\u2019\u00c9tat d\u2019Isra\u00ebl\u00bb, pr\u00e9cise l\u2019arm\u00e9e dans un communiqu\u00e9.<\/p>\n<p class=\"fig-body-link\">\n            \u00c0 lire aussi<br \/>\n        <a class=\"fig-body-link__link fig-premium-mark\" href=\"http:\/\/www.lefigaro.fr\/international\/offensive-contre-l-iran-la-gbu-57-cette-bombe-xxl-dont-israel-a-besoin-pour-detruire-les-sites-nucleaires-iraniens-20250616\" target=\"_blank\" data-fig-type=\"Article\" rel=\"noopener\" data-gtm-custom-categorie=\"navigation\" data-gtm-custom-action=\"crossclick\" data-gtm-custom-label=\"Contextuel\" data-gtm-event=\"customEventSPE\" data-fig-domain=\"LEFIGARO\">Offensive contre l\u2019Iran\u00a0: la GBU-57, cette bombe XXL dont Isra\u00ebl a besoin pour d\u00e9truire les sites nucl\u00e9aires iraniens<br \/>\n    <\/a>\n<\/p>\n<p>\n        18:42\n            <\/p>\n<p class=\"fig-live-post__title\" role=\"heading\" aria-level=\"3\">La GBU-57, cette bombe XXL dont Isra\u00ebl a besoin pour d\u00e9truire les sites nucl\u00e9aires iraniens<\/p>\n<p class=\"fig-paragraph\">Les deux principaux sites nucl\u00e9aires de Fordo et de Natanz, en Iran, sont cibl\u00e9s depuis le d\u00e9but de\u00a0<a href=\"http:\/\/www.lefigaro.fr\/international\/teheran-en-feu-etat-d-urgence-en-israel-implication-du-mossad-le-recit-de-la-nuit-ou-tsahal-a-declenche-l-operation-rising-lion-contre-l-iran-20250613\" target=\"_blank\" data-fig-type=\"NewsFlash\" rel=\"noopener\" data-gtm-custom-categorie=\"navigation\" data-gtm-custom-action=\"crossclick\" data-gtm-custom-label=\"Contextuel\" data-gtm-event=\"customEventSPE\" data-fig-domain=\"LEFIGARO\">l\u2019op\u00e9ration\u00a0Rising Lion<\/a> par le d\u00e9luge de feu isra\u00e9lien. D\u00e8s vendredi, l\u2019arm\u00e9e isra\u00e9lienne se f\u00e9licitait d\u2019avoir\u00a0\u00abendommag\u00e9\u00bb\u00a0la partie souterraine de Natanz qui abrite les centrifugeuses et les installations \u00e9lectriques essentielles du site.<\/p>\n<p class=\"fig-paragraph\">Les images satellites, notamment de Maxar Technologies, confirmaient dans la foul\u00e9e les destructions en surface, notamment de centres de refroidissement. Hier soir, Benyamin Netanyahou, qui a promis de se\u00a0\u00abd\u00e9barrasser de la menace nucl\u00e9aire iranienne\u00bb, a cette fois assur\u00e9 que Tsahal avait d\u00e9truit\u00a0\u00abla principale installation du site nucl\u00e9aire\u00bb. Mais le directeur de l\u2019Agence internationale de l\u2019\u00e9nergie atomique (AIEA) a d\u00e9clar\u00e9 ce lundi matin qu\u2019aucun d\u00e9g\u00e2t suppl\u00e9mentaire n\u2019avait \u00e9t\u00e9 constat\u00e9 \u00e0 Natanz apr\u00e8s les frappes isra\u00e9liennes ce week-end.\u00a0\u00abRien n\u2019indique qu\u2019il y a eu une attaque physique contre la salle souterraine\u00bb\u00a0abritant la principale usine, a pr\u00e9cis\u00e9 ce matin l\u2019AIEA. Mais\u00a0\u00abla coupure d\u2019\u00e9lectricit\u00e9 pourrait avoir endommag\u00e9\u00bb\u00a0les milliers de centrifugeuses qui s\u2019y trouvent.<\/p>\n<p class=\"fig-body-cta-link\" data-module=\"fig-cta-link\" data-context=\"was @visible\">\n    <a class=\"fig-body-cta-link__link\" href=\"https:\/\/www.lefigaro.fr\/international\/offensive-contre-l-iran-la-gbu-57-cette-bombe-xxl-dont-israel-a-besoin-pour-detruire-les-sites-nucleaires-iraniens-20250616\" data-js-gtm=\"{&quot;event&quot;:&quot;customEventGA4&quot;,&quot;eventName&quot;:&quot;click_navigation&quot;,&quot;button_action&quot;:&quot;crossclick&quot;,&quot;feature&quot;:&quot;Contextuel_bouton&quot;,&quot;feature_details&quot;:&quot;LA GBU-57, CETTE BOMBE XXL&quot;,&quot;link_url&quot;:&quot;https:\\\/\\\/www.lefigaro.fr\\\/international\\\/offensive-contre-l-iran-la-gbu-57-cette-bombe-xxl-dont-israel-a-besoin-pour-detruire-les-sites-nucleaires-iraniens-20250616&quot;}\" target=\"_blank\" rel=\"noopener\"><br \/>\n                LA GBU-57, CETTE BOMBE XXL<br \/>\n    <\/a>\n<\/p>\n<p>    Une image satellite fournie par Maxar Technologies montre le site nucl\u00e9aire de Natanz dimanche apr\u00e8s une attaque isra\u00e9lienne.<br \/>\n                Maxar Technologies \/ via REUTERS<\/p>\n<p>\n        18:29\n            <\/p>\n<p class=\"fig-live-post__title\" role=\"heading\" aria-level=\"3\">\u00abLe danger est partout\u00bb : les frappes isra\u00e9liennes s\u00e8ment la stupeur et le chaos \u00e0 T\u00e9h\u00e9ran<\/p>\n<p class=\"fig-paragraph\">\u00ab\u00a0Vous entendez\u00a0? \u00c7a tape dans tous les sens.\u00a0\u00bb\u00a0Perch\u00e9 sur son balcon, le t\u00e9l\u00e9phone coll\u00e9 \u00e0 l\u2019oreille, Sharyar, 30\u00a0ans, contemple, incr\u00e9dule, les nuages de fum\u00e9e qui s\u2019\u00e9l\u00e8vent, au loin, des immeubles vis\u00e9s par\u00a0<a href=\"http:\/\/www.lefigaro.fr\/international\/dossier\/frappes-d-israel-sur-l-iran-notre-dossier-pour-tout-comprendre\" target=\"_blank\" data-fig-type=\"Topic\" rel=\"noopener\" data-gtm-custom-categorie=\"navigation\" data-gtm-custom-action=\"crossclick\" data-gtm-custom-label=\"Contextuel\" data-gtm-event=\"customEventSPE\" data-fig-domain=\"LEFIGARO\">les frappes isra\u00e9liennes<\/a>. Il est environ deux heures du matin, ce dimanche 15\u00a0juin, et de sa voix chevrotante, hach\u00e9e par les \u00ab\u00a0boums\u00a0\u00bb de la d\u00e9fense antia\u00e9rienne, le jeune entrepreneur iranien laisse \u00e9chapper le mot\u00a0\u00ab\u00a0apocalypse\u00a0\u00bb\u00a0au bout d\u2019une ligne WhatsApp qui coupe tout le temps.<\/p>\n<p class=\"fig-paragraph\">Deux heures plus t\u00f4t, il a vu les murs de son appartement trembler sous l\u2019impact d\u2019une \u00e9norme d\u00e9tonation\u00a0: cette fois-ci, c\u2019est le d\u00e9p\u00f4t de carburant de Chahran, dans le nord-ouest de T\u00e9h\u00e9ran, qui a \u00e9t\u00e9 vis\u00e9.<\/p>\n<p class=\"fig-body-cta-link\" data-module=\"fig-cta-link\" data-context=\"was @visible\">\n    <a class=\"fig-body-cta-link__link\" href=\"https:\/\/www.lefigaro.fr\/international\/le-danger-est-partout-les-frappes-israeliennes-sement-la-stupeur-et-le-chaos-a-teheran-20250615\" data-js-gtm=\"{&quot;event&quot;:&quot;customEventGA4&quot;,&quot;eventName&quot;:&quot;click_navigation&quot;,&quot;button_action&quot;:&quot;crossclick&quot;,&quot;feature&quot;:&quot;Contextuel_bouton&quot;,&quot;feature_details&quot;:&quot;LIRE LE REPORTAGE DU FIGARO&quot;,&quot;link_url&quot;:&quot;https:\\\/\\\/www.lefigaro.fr\\\/international\\\/le-danger-est-partout-les-frappes-israeliennes-sement-la-stupeur-et-le-chaos-a-teheran-20250615&quot;}\" target=\"_blank\" rel=\"noopener\"><br \/>\n                LIRE LE REPORTAGE DU FIGARO<br \/>\n    <\/a>\n<\/p>\n<p>\n        18:18\n            <\/p>\n<p class=\"fig-live-post__title\" role=\"heading\" aria-level=\"3\">Isra\u00ebl menace de frapper \u00able dictateur iranien partout\u00bb apr\u00e8s son attaque sur la TV d\u2019\u00c9tat<\/p>\n<p class=\"fig-paragraph\">Isra\u00ebl frappera \u00able dictateur iranien partout\u00bb o\u00f9 il se trouve, a d\u00e9clar\u00e9 lundi le ministre isra\u00e9lien de la D\u00e9fense, Isra\u00ebl Katz, dans une allusion aux centres du pouvoir du guide supr\u00eame iranien, l\u2019ayatollah Ali Khamenei.<\/p>\n<p class=\"fig-paragraph\">\u00abL\u2019autorit\u00e9 de diffusion de la propagande et de l\u2019incitation du r\u00e9gime iranien a \u00e9t\u00e9 attaqu\u00e9e par (l\u2019arm\u00e9e isra\u00e9lienne) apr\u00e8s l\u2019\u00e9vacuation massive des habitants des environs. Nous frapperons le dictateur iranien partout\u00bb, affirme Isra\u00ebl Katz. Isra\u00ebl a frapp\u00e9 lundi le si\u00e8ge de l\u2019IRIB, la radio-t\u00e9l\u00e9vision d\u2019\u00c9tat iranienne, organisme d\u00e9pendant directement du bureau d\u2019<a href=\"http:\/\/www.lefigaro.fr\/international\/apres-l-elimination-de-hauts-grades-iraniens-l-ayatollah-ali-khamenei-sait-qu-il-n-est-plus-intouchable-20250615\" target=\"_blank\" data-fig-type=\"Article\" rel=\"noopener\" data-gtm-custom-categorie=\"navigation\" data-gtm-custom-action=\"crossclick\" data-gtm-custom-label=\"Contextuel\" data-gtm-event=\"customEventSPE\" data-fig-domain=\"LEFIGARO\">Ali Khamenei<\/a>, interrompant la diffusion en direct de la cha\u00eene, qui a fini par reprendre.<\/p>\n<p class=\"fig-body-link\">\n            \u00c0 lire aussi<br \/>\n        <a class=\"fig-body-link__link fig-premium-mark\" href=\"http:\/\/www.lefigaro.fr\/politique\/guillaume-tabard-emmanuel-macron-en-quete-de-credibilite-internationale-20250616\" target=\"_blank\" data-fig-type=\"Article\" rel=\"noopener\" data-gtm-custom-categorie=\"navigation\" data-gtm-custom-action=\"crossclick\" data-gtm-custom-label=\"Contextuel\" data-gtm-event=\"customEventSPE\" data-fig-domain=\"LEFIGARO\">Guillaume Tabard\u00a0: \u00abIsra\u00ebl-Iran, Emmanuel Macron en qu\u00eate de cr\u00e9dibilit\u00e9 internationale\u00bb<br \/>\n    <\/a>\n<\/p>\n<p>\n        18:07\n            <\/p>\n<p class=\"fig-live-post__title\" role=\"heading\" aria-level=\"3\">La Batsheva, compagnie isra\u00e9lienne de danse, contrainte d\u2019annuler sa venue en France<\/p>\n<p class=\"fig-paragraph\">Cons\u00e9quence du\u00a0<a href=\"http:\/\/www.lefigaro.fr\/international\/dossier\/frappes-d-israel-sur-l-iran-notre-dossier-pour-tout-comprendre\" target=\"_blank\" data-fig-type=\"Topic\" rel=\"noopener\" data-gtm-custom-categorie=\"navigation\" data-gtm-custom-action=\"crossclick\" data-gtm-custom-label=\"Contextuel\" data-gtm-event=\"customEventSPE\" data-fig-domain=\"LEFIGARO\">conflit entre l\u2019Iran\u00a0et Isra\u00ebl<\/a>\u00a0et de la fermeture de l\u2019espace a\u00e9rien isra\u00e9lien, la Batsheva Dance Company, compagnie isra\u00e9lienne de danse contemporaine, dirig\u00e9e par le chor\u00e9graphe Ohad Naharin, a \u00e9t\u00e9 contrainte d\u2019annuler sa venue au festival Montpellier danse, a annonc\u00e9 la direction du festival lundi.<\/p>\n<p class=\"fig-paragraph\">\u00abNous ne pouvons pas venir\u00bb, a annonc\u00e9 la directrice de la compagnie install\u00e9e \u00e0 Tel Aviv, Dina Aldor, dans un message adress\u00e9 t\u00f4t ce lundi \u00e0 la directrice du festival, message retransmis \u00e0 l\u2019AFP: \u00abNous en sommes vraiment d\u00e9sol\u00e9s. Nous \u00e9tions impatients de vous retrouver. Le festival a toujours \u00e9t\u00e9 pour nous un lieu de soutien artistique\u00bb, poursuivait Dina Aldor dans ce mail.<\/p>\n<p class=\"fig-paragraph\">Trois repr\u00e9sentations de \u00abMomo\u00bb, la derni\u00e8re cr\u00e9ation d\u2019Ohad Naharin, \u00e9taient programm\u00e9es samedi et dimanche, en ouverture du festival. La Batsheva Dance Company avait initialement pr\u00e9vu de venir \u00e0 Montpellier avec sa pi\u00e8ce \u00abAnafaza\u00bb, dat\u00e9e de 2023. Mais Ohad Naharin, concepteur de la technique \u00abGaga\u00bb, avait finalement souhait\u00e9 ce changement en \u00abt\u00e9moignage d\u2019amiti\u00e9 \u00e0 (s)on cher et bien-aim\u00e9 ami Jean-Paul Montanari\u00bb, le directeur embl\u00e9matique du festival, d\u00e9c\u00e9d\u00e9 en avril, dont les programmations ont toujours mis en avant les chor\u00e9graphes en exil, exclus ou pers\u00e9cut\u00e9s.<\/p>\n<p>\n        17:48\n            <\/p>\n<p class=\"fig-live-post__title\" role=\"heading\" aria-level=\"3\">\u00abL\u2019Iran n\u2019est pas en train de gagner cette guerre\u00bb, affirme Trump<\/p>\n<p class=\"fig-paragraph\">Donald Trump a une nouvelle fois lundi appel\u00e9 l\u2019Iran \u00e0 \u00abn\u00e9gocier imm\u00e9diatement avant qu\u2019il ne soit trop tard\u00bb, \u00e0 l\u2019occasion d\u2019une rencontre avec le Premier ministre canadien Mark Carney en marge du sommet du G7.<\/p>\n<p class=\"fig-paragraph\">\u00abL\u2019Iran n\u2019est pas en train de gagner cette guerre\u00bb a ajout\u00e9 le pr\u00e9sident am\u00e9ricain, qui a aussi rappel\u00e9 que les \u00c9tats-Unis avaient \u00abtoujours soutenu Isra\u00ebl\u00bb et lanc\u00e9 \u00abcela se passe tr\u00e8s bien pour Isra\u00ebl en ce moment\u00bb, au quatri\u00e8me jour d\u2019un conflit qui ne cesse de s\u2019intensifier.<\/p>\n<p>\n        17:45\n            <\/p>\n<p class=\"fig-live-post__title\" role=\"heading\" aria-level=\"3\">La t\u00e9l\u00e9vision d\u2019\u00c9tat iranienne reprend ses \u00e9missions en direct apr\u00e8s l\u2019attaque isra\u00e9lienne<\/p>\n<p class=\"fig-paragraph\">La t\u00e9l\u00e9vision d\u2019\u00c9tat iranienne a repris lundi ses programmes en direct apr\u00e8s une br\u00e8ve interruption caus\u00e9e par une attaque isra\u00e9lienne visant son b\u00e2timent \u00e0 T\u00e9h\u00e9ran, selon un responsable du service de radiodiffusion.<\/p>\n<p class=\"fig-paragraph\">\u00abLe r\u00e9gime sioniste, ennemi de la nation iranienne, a men\u00e9 il y a quelques minutes une op\u00e9ration militaire contre le r\u00e9seau d\u2019information de la R\u00e9publique islamique d\u2019Iran\u00bb, a d\u00e9clar\u00e9 Hassan Abedini, ajoutant que \u00able r\u00e9gime (isra\u00e9lien) ignorait que la voix de la r\u00e9volution islamique (&#8230;) ne pouvait \u00eatre r\u00e9duite au silence par une op\u00e9ration militaire\u00bb.<\/p>\n<p class=\"fig-body-link\">\n            \u00c0 lire aussi<br \/>\n        <a class=\"fig-body-link__link fig-premium-mark\" href=\"http:\/\/www.lefigaro.fr\/international\/offensive-contre-l-iran-la-gbu-57-cette-bombe-xxl-dont-israel-a-besoin-pour-detruire-les-sites-nucleaires-iraniens-20250616\" target=\"_blank\" data-fig-type=\"Article\" rel=\"noopener\" data-gtm-custom-categorie=\"navigation\" data-gtm-custom-action=\"crossclick\" data-gtm-custom-label=\"Contextuel\" data-gtm-event=\"customEventSPE\" data-fig-domain=\"LEFIGARO\">Offensive contre l\u2019Iran\u00a0: la GBU-57, cette bombe XXL dont Isra\u00ebl a besoin pour d\u00e9truire les sites nucl\u00e9aires iraniens<br \/>\n    <\/a>\n<\/p>\n<p>\n        17:38\n            <\/p>\n<p class=\"fig-live-post__title\" role=\"heading\" aria-level=\"3\">Une frappe iranienne dimanche sur une raffinerie de p\u00e9trole a co\u00fbt\u00e9 la vie \u00e0 trois Isra\u00e9liens<\/p>\n<p class=\"fig-paragraph\">Une frappe iranienne dimanche soir sur une raffinerie de p\u00e9trole \u00e0 Ha\u00effa, ville du nord d\u2019Isra\u00ebl, a co\u00fbt\u00e9 la vie \u00e0 trois Isra\u00e9liens, a indiqu\u00e9 lundi un responsable isra\u00e9lien apr\u00e8s une lev\u00e9e de la censure militaire sur cette information.<\/p>\n<p class=\"fig-paragraph\">Le responsable a confirm\u00e9 les informations diffus\u00e9es par les m\u00e9dias isra\u00e9liens sur les trois morts, sans donner davantage de d\u00e9tails. La censure militaire isra\u00e9lienne interdit aux m\u00e9dias de publier ou partager des informations ou images sur les d\u00e9g\u00e2ts caus\u00e9s \u00e0 des installations strat\u00e9giques dans le pays.<\/p>\n<p>\n        17:17\n            <\/p>\n<p class=\"fig-live-post__title\" role=\"heading\" aria-level=\"3\">La t\u00e9l\u00e9vision d\u2019\u00c9tat iranienne vis\u00e9e par une attaque isra\u00e9lienne<\/p>\n<p class=\"fig-paragraph\">Le b\u00e2timent de la radio-t\u00e9l\u00e9vision d\u2019Etat iranienne (IRIB) a \u00e9t\u00e9 touch\u00e9 par une frappe isra\u00e9lienne, interrompant la diffusion en direct de la cha\u00eene.<\/p>\n<p class=\"fig-paragraph\">L\u2019attaque s\u2019est produite alors qu\u2019une pr\u00e9sentatrice critiquait vivement Isra\u00ebl \u00e0 l\u2019antenne. Elle a \u00e9t\u00e9 vue quittant pr\u00e9cipitamment le plateau, selon un m\u00e9dia iranien qui a publi\u00e9 une vid\u00e9o de l\u2019incident.<\/p>\n<p>\n        17:16\n            <\/p>\n<p class=\"fig-live-post__title\" role=\"heading\" aria-level=\"3\">Washington demande \u00e0 ses ressortissants de \u00abne pas voyager\u00bb en Isra\u00ebl<\/p>\n<p class=\"fig-paragraph\">Les \u00c9tats-Unis ont rehauss\u00e9 ce lundi leur niveau d\u2019alerte pour Isra\u00ebl et demand\u00e9 \u00e0 leurs ressortissants de ne pas y voyager, citant un \u00abconflit arm\u00e9\u00bb et le risque d\u2019attaque terroriste.<\/p>\n<p class=\"fig-paragraph\">\u00abLa situation s\u00e9curitaire en Isra\u00ebl, y compris \u00e0 Tel Aviv et J\u00e9rusalem, est impr\u00e9visible\u00bb, avertit le d\u00e9partement d\u2019\u00c9tat am\u00e9ricain sur son site web apr\u00e8s l\u2019envoi sur Isra\u00ebl ces derniers jours de missiles iraniens en r\u00e9ponse \u00e0 des frappes isra\u00e9liennes.<\/p>\n<p>\n        17:03\n            <\/p>\n<p class=\"fig-live-post__title\" role=\"heading\" aria-level=\"3\">Starmer estime qu\u2019il existe un consensus au sein du G7 pour un appel \u00e0 la \u00abd\u00e9sescalade\u00bb entre Isra\u00ebl et l\u2019Iran<\/p>\n<p class=\"fig-paragraph\">Le premier ministre britannique Keir Starmer a d\u00e9clar\u00e9 ce lundi qu\u2019il pensait que les dirigeants du G7 r\u00e9unis au Canada \u00e9taient unis dans leur volont\u00e9 d\u2019appeler \u00e0 la d\u00e9sescalade entre Isra\u00ebl et l\u2019Iran. \u00abJe pense qu\u2019il existe un consensus en faveur d\u2019une d\u00e9sescalade\u00bb, a d\u00e9clar\u00e9 Keir Starmer \u00e0 la presse lors du sommet organis\u00e9 dans les Rocheuses canadiennes.<\/p>\n<p>\n        16:51\n            <\/p>\n<p class=\"fig-live-post__title\" role=\"heading\" aria-level=\"3\">De fortes explosions entendues dans plusieurs secteurs de la capitale iranienne<\/p>\n<p class=\"fig-paragraph\">De fortes explosions ont retenti ce lundi dans l\u2019ouest de T\u00e9h\u00e9ran et dans d\u2019autres secteurs de la ville, au quatri\u00e8me jour de l\u2019escalade militaire meurtri\u00e8re entre l\u2019Iran et Isra\u00ebl, selon un journaliste de l\u2019AFP.<\/p>\n<p class=\"fig-paragraph\">Une colonne de fum\u00e9e noire s\u2019\u00e9levait au-dessus du site des explosions dans la capitale iranienne, vis\u00e9e par plusieurs frappes isra\u00e9liennes depuis le d\u00e9but vendredi du\u00a0<a href=\"http:\/\/www.lefigaro.fr\/international\/dossier\/frappes-d-israel-sur-l-iran-notre-dossier-pour-tout-comprendre\" target=\"_blank\" data-fig-type=\"Topic\" rel=\"noopener\" data-gtm-custom-categorie=\"navigation\" data-gtm-custom-action=\"crossclick\" data-gtm-custom-label=\"Contextuel\" data-gtm-event=\"customEventSPE\" data-fig-domain=\"LEFIGARO\">conflit entre les deux pays ennemis<\/a>, selon la m\u00eame source.<\/p>\n<p>    Le bazar de T\u00e9h\u00e9ran d\u00e9sert\u00e9 cet apr\u00e8s-midi, apr\u00e8s les frappes isra\u00e9liennes sur la capitale.<br \/>\n                Majid Asgaripour \/ via REUTERS<\/p>\n<p>\n        16:32\n            <\/p>\n<p class=\"fig-live-post__title\" role=\"heading\" aria-level=\"3\">Isra\u00ebl menace de faire \u00abdispara\u00eetre\u00bb la radio-t\u00e9l\u00e9vision d\u2019\u00c9tat iranienne<\/p>\n<p class=\"fig-paragraph\">Le ministre isra\u00e9lien de la D\u00e9fense, Isra\u00ebl Katz, a affirm\u00e9 ce lundi que la radio-t\u00e9l\u00e9vision d\u2019\u00c9tat iranienne (IRIB) \u00e9tait \u00absur le point de dispara\u00eetre\u00bb apr\u00e8s l\u2019appel lanc\u00e9 par l\u2019arm\u00e9e \u00e0 la population \u00e0 \u00e9vacuer la zone du si\u00e8ge de cette institution dans le nord-est de T\u00e9h\u00e9ran.<\/p>\n<p class=\"fig-paragraph\">\u00abLe porte-voix de la propagande et de l\u2019incitation iranienne est sur le point de dispara\u00eetre. L\u2019\u00e9vacuation des r\u00e9sidents des environs a commenc\u00e9\u00bb, a d\u00e9clar\u00e9 Isra\u00ebl Katz dans un communiqu\u00e9.<\/p>\n<p>\n        16:30\n            <\/p>\n<p class=\"fig-live-post__title\" role=\"heading\" aria-level=\"3\">L\u2019Iran appelle le Qatar, l\u2019Arabie saoudite et Oman \u00e0 interpeller Trump pour accepter un cessez-le-feu imm\u00e9diat<\/p>\n<p class=\"fig-paragraph\">L\u2019Iran a demand\u00e9 au Qatar, \u00e0 l\u2019Arabie saoudite et \u00e0 Oman d\u2019interpeller le pr\u00e9sident am\u00e9ricain Donald Trump de faire pression sur Isra\u00ebl pour adopter un cessez-le-feu imm\u00e9diat, ont indiqu\u00e9 deux sources iraniennes et trois sources r\u00e9gionales aupr\u00e8s de l\u2019agence de presse Reuters.<\/p>\n<p>\n        15:48\n            <\/p>\n<p class=\"fig-live-post__title\" role=\"heading\" aria-level=\"3\">Isra\u00ebl appelle les habitants \u00e0 \u00e9vacuer un quartier dans le nord-est de T\u00e9h\u00e9ran<\/p>\n<p class=\"fig-paragraph\">L\u2019<a href=\"http:\/\/www.lefigaro.fr\/international\/dossier\/frappes-d-israel-sur-l-iran-notre-dossier-pour-tout-comprendre\" target=\"_blank\" data-fig-type=\"Topic\" rel=\"noopener\" data-gtm-custom-categorie=\"navigation\" data-gtm-custom-action=\"crossclick\" data-gtm-custom-label=\"Contextuel\" data-gtm-event=\"customEventSPE\" data-fig-domain=\"LEFIGARO\">arm\u00e9e isra\u00e9lienne<\/a>\u00a0appelle les habitants \u00e0 \u00e9vacuer une partie d\u2019un arrondissement de la\u00a0<a href=\"http:\/\/www.lefigaro.fr\/international\/le-danger-est-partout-les-frappes-israeliennes-sement-la-stupeur-et-le-chaos-a-teheran-20250615\" target=\"_blank\" data-fig-type=\"Article\" rel=\"noopener\" data-gtm-custom-categorie=\"navigation\" data-gtm-custom-action=\"crossclick\" data-gtm-custom-label=\"Contextuel\" data-gtm-event=\"customEventSPE\" data-fig-domain=\"LEFIGARO\">capitale iranienne<\/a>.<\/p>\n<p class=\"fig-paragraph\">Il s\u2019agit d\u2019une zone \u00e0 l\u2019int\u00e9rieur du distric 3, situ\u00e9 au nord-est de T\u00e9h\u00e9ran. \u00abDans les prochaines heures, l\u2019arm\u00e9e isra\u00e9lienne interviendra dans cette zone pour attaquer les infrastructures militaires du r\u00e9gime iranien, comme elle l\u2019a fait ces derniers jours autour de T\u00e9h\u00e9ran\u00bb, annonce un communiqu\u00e9 relay\u00e9 sur X.<\/p>\n<p>\n        15:43\n            <\/p>\n<p class=\"fig-live-post__title\" role=\"heading\" aria-level=\"3\">\u00abLe peuple iranien est un peuple ami et nous faisons tr\u00e8s attention \u00e0 ne pas toucher les civils\u00bb, affirme l\u2019ambassadeur d\u2019Isra\u00ebl en France<\/p>\n<p class=\"fig-paragraph\">\u00abNous n\u2019avons aucun probl\u00e8me avec le peuple iranien, bien au contraire. Le peuple iranien est un peuple ami\u00bb, a d\u00e9clar\u00e9 l\u2019ambassadeur isra\u00e9lien en France, Joshua Zarka, dans\u00a0<a href=\"https:\/\/video.lefigaro.fr\/figaro\/video\/frappes-en-iran-lambassadeur-disrael-est-linvite-de-points-de-vue\/\" target=\"_blank\" data-fig-type=\"Video\" rel=\"noopener\" data-gtm-custom-categorie=\"navigation\" data-gtm-custom-action=\"crossclick\" data-gtm-custom-label=\"Contextuel\" data-gtm-event=\"customEventSPE\" data-fig-domain=\"VIDEO\">l\u2019\u00e9mission \u00abPoints de Vue\u00bb<\/a>\u00a0(Le Figaro TV).<\/p>\n<p class=\"fig-paragraph\">\u00a0\u00abLa seule raison pour laquelle nous sommes en\u00a0<a href=\"http:\/\/www.lefigaro.fr\/international\/israel-iran-nombre-de-morts-menaces-missiles-le-point-sur-l-escalade-militaire-entre-teheran-et-l-etat-hebreu-20250615\" data-fig-type=\"NewsFlash\" data-gtm-custom-categorie=\"navigation\" data-gtm-custom-action=\"crossclick\" data-gtm-custom-label=\"Contextuel\" data-gtm-event=\"customEventSPE\" data-fig-domain=\"LEFIGARO\" target=\"_blank\" rel=\"noopener\">conflit avec l\u2019Iran<\/a>, c\u2019est \u00e0 cause de ce r\u00e9gime\u00bb, a-t-il poursuivi apr\u00e8s avoir assur\u00e9 qu\u2019Isra\u00ebl aurait de \u00abtr\u00e8s bonnes relations\u00bb avec le peuple iranien \u00abdans le futur\u00bb.<\/p>\n<p class=\"fig-paragraph\">\u00abLes Iraniens veulent se d\u00e9barrasser de ce r\u00e9gime, et nous faisons tr\u00e8s attention \u00e0 ne pas toucher les civils iraniens\u00bb, a affirm\u00e9 Joshua Zarka.<\/p>\n<p>\n        15:17\n            <\/p>\n<p class=\"fig-live-post__title\" role=\"heading\" aria-level=\"3\">La Pologne va \u00e9vacuer d\u2019Isra\u00ebl des ressortissants via la Jordanie<\/p>\n<p class=\"fig-paragraph\">Le minist\u00e8re polonais des Affaires \u00e9trang\u00e8res a annonc\u00e9 lundi l\u2019\u00e9vacuation \u00abdans quelques dizaines d\u2019heures\u00bb d\u2019environ 200 de ses ressortissants se trouvant en Isra\u00ebl, via la Jordanie, compte tenu de l\u2019<a href=\"http:\/\/www.lefigaro.fr\/international\/dossier\/frappes-d-israel-sur-l-iran-notre-dossier-pour-tout-comprendre\" target=\"_blank\" data-fig-type=\"Topic\" rel=\"noopener\" data-gtm-custom-categorie=\"navigation\" data-gtm-custom-action=\"crossclick\" data-gtm-custom-label=\"Contextuel\" data-gtm-event=\"customEventSPE\" data-fig-domain=\"LEFIGARO\">escalade militaire entre Isra\u00ebl et l\u2019Iran<\/a>.<\/p>\n<p class=\"fig-paragraph\">\u00abNous avons mis en oeuvre un sc\u00e9nario d\u2019\u00e9vacuation des citoyens polonais bloqu\u00e9s en Isra\u00ebl via Amman\u00bb, a d\u00e9clar\u00e9 \u00e0 la presse la vice-ministre des Affaires \u00e9trang\u00e8res Henryka Moscicka-Dendys. \u00abJe suppose que nous serons pr\u00eats dans les prochaines quelques dizaines heures, et l\u2019\u00e9vacuation concernera uniquement les personnes qui sont bloqu\u00e9es en Isra\u00ebl en tant que touristes ou pour des s\u00e9jours de courte dur\u00e9e\u00bb, a-t-elle ajout\u00e9.<\/p>\n<p class=\"fig-paragraph\">Selon elle, les Polonais seront \u00e9vacu\u00e9s vers la Jordanie en bus, puis prendront un avion gouvernemental pour Varsovie. Le premier vol aura lieu au plus t\u00f4t dans 48 heures, a-t-elle estim\u00e9. Selon la vice-ministre, seuls neuf Polonais se trouvent par ailleurs en Iran actuellement et le minist\u00e8re ne pr\u00e9voit pas d\u2019organiser leur \u00e9vacuation.<\/p>\n<p class=\"fig-paragraph\">Le ministre polonais de l\u2019Int\u00e9rieur Tomasz Siemoniak a indiqu\u00e9, quant \u00e0 lui, que la Pologne \u00e9tait \u00abl\u2019un des premiers pays \u00e0 avoir pris ces mesures\u00bb.<\/p>\n<p>\n        15:14\n            <\/p>\n<p class=\"fig-live-post__title\" role=\"heading\" aria-level=\"3\">\u00abNous sommes en voie d\u2019atteindre nos principaux objectifs\u00bb, d\u00e9clare Benyamin Netanyahou<\/p>\n<p class=\"fig-paragraph\">\u00abNous sommes en voie d\u2019atteindre nos deux principaux objectifs\u00a0: \u00e9liminer la menace nucl\u00e9aire et \u00e9liminer la menace des missiles\u00bb, a d\u00e9clar\u00e9 le premier ministre isra\u00e9lien\u00a0<a href=\"http:\/\/www.lefigaro.fr\/international\/israel-iran-benyamin-netanyahou-espere-redessiner-la-carte-du-moyen-orient-20250615\" target=\"_blank\" data-fig-type=\"Article\" rel=\"noopener\" data-gtm-custom-categorie=\"navigation\" data-gtm-custom-action=\"crossclick\" data-gtm-custom-label=\"Contextuel\" data-gtm-event=\"customEventSPE\" data-fig-domain=\"LEFIGARO\">Benyamin Netanyahou<\/a>\u00a0dans des propos adress\u00e9s aux soldats de la base a\u00e9rienne de Tel Nof, au sud de Tel Aviv.<\/p>\n<p>\n        14:47\n            <\/p>\n<p class=\"fig-live-post__title\" role=\"heading\" aria-level=\"3\">Des personnalit\u00e9s iraniennes, dont deux prix Nobel, appellent \u00e0 \u00abla fin des hostilit\u00e9s militaires\u00bb<\/p>\n<p class=\"fig-paragraph\">Des personnalit\u00e9s iraniennes, dont les Prix Nobel de la paix\u00a0<a href=\"http:\/\/www.lefigaro.fr\/international\/narges-mohammadi-il-faut-criminaliser-l-apartheid-de-genre-pratique-en-iran-et-en-afghanistan-20250113\" target=\"_blank\" data-fig-type=\"Article\" rel=\"noopener\" data-gtm-custom-categorie=\"navigation\" data-gtm-custom-action=\"crossclick\" data-gtm-custom-label=\"Contextuel\" data-gtm-event=\"customEventSPE\" data-fig-domain=\"LEFIGARO\">Narges Mohammadi<\/a>\u00a0et Shirin Ebadi ainsi que les cin\u00e9astes prim\u00e9s \u00e0 Cannes Jafar Panahi et Mohammad Rasoulof, appellent lundi \u00e0 la \u00abfin des hostilit\u00e9s militaires\u00bb entre\u00a0<a href=\"http:\/\/www.lefigaro.fr\/international\/dossier\/frappes-d-israel-sur-l-iran-notre-dossier-pour-tout-comprendre\" target=\"_blank\" data-fig-type=\"Topic\" rel=\"noopener\" data-gtm-custom-categorie=\"navigation\" data-gtm-custom-action=\"crossclick\" data-gtm-custom-label=\"Contextuel\" data-gtm-event=\"customEventSPE\" data-fig-domain=\"LEFIGARO\">Isra\u00ebl et l\u2019Iran<\/a>\u00a0et \u00e0 l\u2019arr\u00eat de l\u2019enrichissement d\u2019uranium par la R\u00e9publique islamique.<\/p>\n<p class=\"fig-paragraph\">\u00abLa poursuite de l\u2019enrichissement d\u2019uranium et la guerre d\u00e9vastatrice entre la R\u00e9publique islamique et le r\u00e9gime isra\u00e9lien ne servent ni les int\u00e9r\u00eats du peuple iranien ni ceux de l\u2019humanit\u00e9. Ce conflit ne se contente pas de d\u00e9truire des infrastructures et de faucher des vies civiles, il constitue une menace grave pour les fondements m\u00eames de la civilisation humaine\u00bb, \u00e9crivent-ils avec trois autres membres de la soci\u00e9t\u00e9 civile iranienne, dans une\u00a0<a href=\"https:\/\/www.lemonde.fr\/idees\/article\/2025\/06\/16\/la-seule-voie-credible-pour-preserver-l-iran-et-son-peuple-est-la-demission-du-regime-l-appel-de-personnalites-de-la-societe-civile-iranienne-contre-une-guerre-devastatrice_6613529_3232.html\" target=\"_blank\" rel=\"noopener\" data-gtm-custom-categorie=\"navigation\" data-gtm-custom-action=\"crossclick\" data-gtm-custom-label=\"Contextuel\" data-gtm-event=\"customEventSPE\">tribune publi\u00e9e par le quotidien fran\u00e7ais Le Monde<\/a>.<\/p>\n<p>\n        14:28\n            <\/p>\n<p class=\"fig-live-post__title\" role=\"heading\" aria-level=\"3\">La fuite des habitants de T\u00e9h\u00e9ran provoque des embouteillages monstres<\/p>\n<p class=\"fig-paragraph\">Des\u00a0<a href=\"http:\/\/www.lefigaro.fr\/international\/israel-iran-la-fuite-des-habitants-de-teheran-provoque-des-embouteillages-monstres-20250616\" data-fig-type=\"NewsFlash\" data-gtm-custom-categorie=\"navigation\" data-gtm-custom-action=\"crossclick\" data-gtm-custom-label=\"Contextuel\" data-gtm-event=\"customEventSPE\" data-fig-domain=\"LEFIGARO\" target=\"_blank\" rel=\"noopener\">images publi\u00e9es sur les r\u00e9seaux sociaux<\/a>\u00a0et v\u00e9rifi\u00e9es par l\u2019AFP montrent de longues files de trafic sur l\u2019autoroute Babaei dans le nord-est de T\u00e9h\u00e9ran alors qu\u2019Isra\u00ebl et l\u2019Iran continuent d\u2019\u00e9changer des tirs ce lundi.<\/p>\n<p>\n        14:02\n            <\/p>\n<p class=\"fig-live-post__title\" role=\"heading\" aria-level=\"3\">\u00abNous nous tenons pr\u00eats \u00e0 contribuer \u00e0 la protection\u00bb de l\u2019\u00c9tat h\u00e9breu, indique Jean-No\u00ebl Barrot<\/p>\n<p class=\"fig-paragraph\">La non-condamnation de la France vaut-elle soutien\u00a0? Quelques heures apr\u00e8s que l\u2019arm\u00e9e\u00a0<a href=\"http:\/\/www.lefigaro.fr\/international\/comment-israel-avait-depuis-longtemps-projete-de-neutraliser-le-programme-nucleaire-iranien-20250613\" target=\"_blank\" data-fig-type=\"Article\" rel=\"noopener\" data-gtm-custom-categorie=\"navigation\" data-gtm-custom-action=\"crossclick\" data-gtm-custom-label=\"Contextuel\" data-gtm-event=\"customEventSPE\" data-fig-domain=\"LEFIGARO\">isra\u00e9lienne\u00a0<\/a>a lanc\u00e9, dans la nuit de jeudi \u00e0 vendredi, une s\u00e9rie de frappes sur l\u2019Iran, destin\u00e9es \u00e0 emp\u00eacher la R\u00e9publique islamique d\u2019acqu\u00e9rir la bombe atomique, ciblant des centaines de sites militaires et nucl\u00e9aires, la France a d\u00e9fendu par la voix d\u2019<a href=\"http:\/\/www.lefigaro.fr\/politique\/il-devrait-rester-sur-l-international-macron-du-maitre-des-horloges-au-president-a-contretemps-20250615\" target=\"_blank\" data-fig-type=\"Article\" rel=\"noopener\" data-gtm-custom-categorie=\"navigation\" data-gtm-custom-action=\"crossclick\" data-gtm-custom-label=\"Contextuel\" data-gtm-event=\"customEventSPE\" data-fig-domain=\"LEFIGARO\">Emmanuel Macron\u00a0<\/a>\u00ab\u00a0le droit d\u2019Isra\u00ebl \u00e0 se prot\u00e9ger\u00a0\u00bb.<\/p>\n<p class=\"fig-paragraph\">Face \u00e0 la\u00a0\u00ab\u00a0marche vers l\u2019arme nucl\u00e9aire\u00a0\u00bb\u00a0de T\u00e9h\u00e9ran, qui\u00a0\u00ab\u00a0menace la r\u00e9gion, l\u2019Europe, et plus g\u00e9n\u00e9ralement la stabilit\u00e9 collective\u00a0\u00bb, le chef de l\u2019\u00c9tat a d\u00e9clar\u00e9 le 13\u00a0juin, lors d\u2019une conf\u00e9rence de presse \u00e0 l\u2019\u00c9lys\u00e9e, qu\u2019il refusait de\u00a0\u00ab\u00a0vivre dans un monde o\u00f9 l\u2019Iran poss\u00e9derait la bombe atomique, car c\u2019est une menace existentielle\u00a0\u00bb, tout en saluant les\u00a0\u00ab\u00a0effets\u00a0\u00bb\u00a0des frappes isra\u00e9liennes sur les capacit\u00e9s nucl\u00e9aires de l\u2019Iran. Dans son viseur\u00a0: le r\u00e9gime des mollahs, qu\u2019il accuse de porter\u00a0\u00ab\u00a0une lourde responsabilit\u00e9 dans la d\u00e9stabilisation\u00a0\u00bb\u00a0du Moyen-Orient.<\/p>\n<p class=\"fig-body-link\">\n            \u00c0 lire aussi<br \/>\n        <a class=\"fig-body-link__link fig-premium-mark\" href=\"http:\/\/www.lefigaro.fr\/international\/israel-iran-nous-nous-tenons-prets-a-contribuer-a-la-protection-de-l-etat-hebreu-indique-jean-noel-barrot-20250615\" target=\"_blank\" data-fig-type=\"Article\" rel=\"noopener\" data-gtm-custom-categorie=\"navigation\" data-gtm-custom-action=\"crossclick\" data-gtm-custom-label=\"Contextuel\" data-gtm-event=\"customEventSPE\" data-fig-domain=\"LEFIGARO\">Isra\u00ebl-Iran\u00a0: \u00ab\u00a0Nous nous tenons pr\u00eats \u00e0 contribuer \u00e0 la protection\u00a0\u00bb de l\u2019\u00c9tat h\u00e9breu, indique Jean-No\u00ebl Barrot<br \/>\n    <\/a>\n<\/p>\n<p>\n        13:22\n            <\/p>\n<p class=\"fig-live-post__title\" role=\"heading\" aria-level=\"3\">Poutine et Erdogan appellent \u00e0 \u00abla cessation imm\u00e9diate des hostilit\u00e9s\u00bb, rapporte le Kremlin<\/p>\n<p class=\"fig-paragraph\">Le pr\u00e9sident russe\u00a0<a href=\"http:\/\/www.lefigaro.fr\/international\/conflit-israel-iran-vladimir-poutine-offre-ses-services-de-mediateurs-pour-mieux-poursuivre-sa-guerre-en-ukraine-20250615\" target=\"_blank\" data-fig-type=\"Article\" rel=\"noopener\" data-gtm-custom-categorie=\"navigation\" data-gtm-custom-action=\"crossclick\" data-gtm-custom-label=\"Contextuel\" data-gtm-event=\"customEventSPE\" data-fig-domain=\"LEFIGARO\">Vladimir Poutine<\/a>\u00a0et son homologue turc Recep Tayyip Erdogan ont appel\u00e9 lundi \u00e0 \u00abla cessation imm\u00e9diate des hostilit\u00e9s\u00bb entre\u00a0<a href=\"http:\/\/www.lefigaro.fr\/international\/dossier\/frappes-d-israel-sur-l-iran-notre-dossier-pour-tout-comprendre\" target=\"_blank\" data-fig-type=\"Topic\" rel=\"noopener\" data-gtm-custom-categorie=\"navigation\" data-gtm-custom-action=\"crossclick\" data-gtm-custom-label=\"Contextuel\" data-gtm-event=\"customEventSPE\" data-fig-domain=\"LEFIGARO\">Isra\u00ebl et l\u2019Iran<\/a>, exprimant \u00ableur profonde pr\u00e9occupation face \u00e0 la poursuite de l\u2019escalade\u00bb entre les deux puissances rivales.<\/p>\n<p class=\"fig-paragraph\">\u00abLes dirigeants se sont prononc\u00e9s en faveur de la cessation imm\u00e9diate des hostilit\u00e9s et du r\u00e8glement des diff\u00e9rends, y compris ceux li\u00e9s au programme nucl\u00e9aire iranien, et ce uniquement par la voie diplomatique\u00bb, a indiqu\u00e9 le Kremlin dans un communiqu\u00e9 publi\u00e9 \u00e0 l\u2019issue d\u2019un appel entre les deux dirigeants.<\/p>\n<p>    Vladimir Poutine.<br \/>\n                Alexander Scherbak \/ REUTERS<\/p>\n<p>\n        13:13\n            <\/p>\n<p class=\"fig-live-post__title\" role=\"heading\" aria-level=\"3\">La Turquie accuse Isra\u00ebl de \u00abmettre en danger la s\u00e9curit\u00e9 de toute la r\u00e9gion\u00bb<\/p>\n<p class=\"fig-paragraph\">Le pr\u00e9sident turc\u00a0<a href=\"http:\/\/www.lefigaro.fr\/international\/boycotts-manifestations-lettres-ouvertes-en-turquie-cette-nouvelle-generation-qui-n-adhere-pas-au-narratif-d-erdogan-20250406\" target=\"_blank\" data-fig-type=\"Article\" rel=\"noopener\" data-gtm-custom-categorie=\"navigation\" data-gtm-custom-action=\"crossclick\" data-gtm-custom-label=\"Contextuel\" data-gtm-event=\"customEventSPE\" data-fig-domain=\"LEFIGARO\">Recep Tayyip Erdogan<\/a>\u00a0a accus\u00e9 lundi Isra\u00ebl de \u00abmettre en danger la s\u00e9curit\u00e9 de toute la r\u00e9gion\u00bb, lors d\u2019un entretien t\u00e9l\u00e9phonique avec son\u00a0<a href=\"http:\/\/www.lefigaro.fr\/international\/conflit-israel-iran-vladimir-poutine-offre-ses-services-de-mediateurs-pour-mieux-poursuivre-sa-guerre-en-ukraine-20250615\" target=\"_blank\" data-fig-type=\"Article\" rel=\"noopener\" data-gtm-custom-categorie=\"navigation\" data-gtm-custom-action=\"crossclick\" data-gtm-custom-label=\"Contextuel\" data-gtm-event=\"customEventSPE\" data-fig-domain=\"LEFIGARO\">homologue russe Vladimir Poutine<\/a>.<\/p>\n<p class=\"fig-paragraph\">\u00abLe pr\u00e9sident Erdogan a d\u00e9clar\u00e9 que la spirale de violence initi\u00e9e par les\u00a0<a href=\"http:\/\/www.lefigaro.fr\/international\/dossier\/frappes-d-israel-sur-l-iran-notre-dossier-pour-tout-comprendre\" target=\"_blank\" data-fig-type=\"Topic\" rel=\"noopener\" data-gtm-custom-categorie=\"navigation\" data-gtm-custom-action=\"crossclick\" data-gtm-custom-label=\"Contextuel\" data-gtm-event=\"customEventSPE\" data-fig-domain=\"LEFIGARO\">attaques d\u2019Isra\u00ebl contre l\u2019Iran<\/a>\u00a0met en danger la s\u00e9curit\u00e9 de toute la r\u00e9gion, et que l\u2019attitude ill\u00e9gale du gouvernement Netanyahou constitue une menace claire pour le syst\u00e8me international\u00bb, a indiqu\u00e9 la pr\u00e9sidence turque dans un communiqu\u00e9.<\/p>\n<p>\n        13:04\n            <\/p>\n<p class=\"fig-live-post__title\" role=\"heading\" aria-level=\"3\">L\u2019UE juge que la Russie ne peut pas \u00eatre \u00abun m\u00e9diateur objectif\u00bb<\/p>\n<p class=\"fig-paragraph\">L\u2019Union europ\u00e9enne a jug\u00e9 lundi que la\u00a0<a href=\"http:\/\/www.lefigaro.fr\/international\/apres-les-frappes-d-israel-sur-l-iran-la-russie-et-la-chine-condamnent-tandis-que-l-europe-appelle-a-la-desescalade-20250613\" target=\"_blank\" data-fig-type=\"Article\" rel=\"noopener\" data-gtm-custom-categorie=\"navigation\" data-gtm-custom-action=\"crossclick\" data-gtm-custom-label=\"Contextuel\" data-gtm-event=\"customEventSPE\" data-fig-domain=\"LEFIGARO\">Russie<\/a>\u00a0ne pouvait en aucun cas jouer un r\u00f4le de m\u00e9diateur dans le\u00a0<a href=\"http:\/\/www.lefigaro.fr\/international\/dossier\/frappes-d-israel-sur-l-iran-notre-dossier-pour-tout-comprendre\" target=\"_blank\" data-fig-type=\"Topic\" rel=\"noopener\" data-gtm-custom-categorie=\"navigation\" data-gtm-custom-action=\"crossclick\" data-gtm-custom-label=\"Contextuel\" data-gtm-event=\"customEventSPE\" data-fig-domain=\"LEFIGARO\">conflit entre Isra\u00ebl et l\u2019Iran<\/a>, comme l\u2019a sugg\u00e9r\u00e9 le pr\u00e9sident am\u00e9ricain Donald Trump.<\/p>\n<p class=\"fig-paragraph\">\u00abLa Russie ne peut pas \u00eatre un m\u00e9diateur objectif\u00bb, a affirm\u00e9 un porte-parole de la Commission europ\u00e9enne, Anouar El Anouni. \u00abLa Russie n\u2019a aucune cr\u00e9dibilit\u00e9 (&#8230;) La Russie viole en permanence le droit international\u00bb, a-t-il ajout\u00e9.<\/p>\n<p>\n        13:00\n            <\/p>\n<p class=\"fig-live-post__title\" role=\"heading\" aria-level=\"3\">Le Grand Bazar de T\u00e9h\u00e9ran ferm\u00e9<\/p>\n<p class=\"fig-paragraph\">Le Grand Bazar de T\u00e9h\u00e9ran, le plus important march\u00e9 de la capitale iranienne, est rest\u00e9 ferm\u00e9 ce lundi pendant que l\u2019<a href=\"http:\/\/www.lefigaro.fr\/international\/israel-iran-benyamin-netanyahou-espere-redessiner-la-carte-du-moyen-orient-20250615\" target=\"_blank\" data-fig-type=\"Article\" rel=\"noopener\" data-gtm-custom-categorie=\"navigation\" data-gtm-custom-action=\"crossclick\" data-gtm-custom-label=\"Contextuel\" data-gtm-event=\"customEventSPE\" data-fig-domain=\"LEFIGARO\">offensive a\u00e9rienne isra\u00e9lienne se poursuivait sur l\u2019Iran<\/a>, a rapport\u00e9 un journaliste de l\u2019AFP.<\/p>\n<p class=\"fig-paragraph\">La porte d\u2019entr\u00e9e principale du Grand Bazar \u00e9tait ferm\u00e9e tandis que la plupart des rues de T\u00e9h\u00e9ran \u00e9taient d\u00e9sertes et les magasins ferm\u00e9s \u00e0 l\u2019exception de quelques \u00e9piceries, au quatri\u00e8me jour de l\u2019<a href=\"http:\/\/www.lefigaro.fr\/international\/dossier\/frappes-d-israel-sur-l-iran-notre-dossier-pour-tout-comprendre\" target=\"_blank\" data-fig-type=\"Topic\" rel=\"noopener\" data-gtm-custom-categorie=\"navigation\" data-gtm-custom-action=\"crossclick\" data-gtm-custom-label=\"Contextuel\" data-gtm-event=\"customEventSPE\" data-fig-domain=\"LEFIGARO\">escalade militaire entre l\u2019Iran et Isra\u00ebl<\/a>.<\/p>\n<p>\n        12:57\n            <\/p>\n<p class=\"fig-live-post__title\" role=\"heading\" aria-level=\"3\">Le Pakistan ferme sa fronti\u00e8re avec l\u2019Iran<\/p>\n<p class=\"fig-paragraph\">Le\u00a0<a href=\"http:\/\/www.lefigaro.fr\/flash-actu\/pakistan-plus-de-200-000-refugies-afghans-expulses-depuis-avril-20250604\" target=\"_blank\" data-fig-type=\"NewsFlash\" rel=\"noopener\" data-gtm-custom-categorie=\"navigation\" data-gtm-custom-action=\"crossclick\" data-gtm-custom-label=\"Contextuel\" data-gtm-event=\"customEventSPE\" data-fig-domain=\"LEFIGARO\">Pakistan<\/a>\u00a0a ferm\u00e9 jusqu\u2019\u00e0 nouvel ordre ses cinq postes-fronti\u00e8res avec l\u2019Iran, apr\u00e8s que des\u00a0<a href=\"http:\/\/www.lefigaro.fr\/international\/frappes-en-iran-comment-israel-entame-la-decapitation-de-la-republique-islamique-20250613\" target=\"_blank\" data-fig-type=\"Article\" rel=\"noopener\" data-gtm-custom-categorie=\"navigation\" data-gtm-custom-action=\"crossclick\" data-gtm-custom-label=\"Contextuel\" data-gtm-event=\"customEventSPE\" data-fig-domain=\"LEFIGARO\">attaques isra\u00e9liennes ont lanc\u00e9 un nouveau cycle de violence avec la r\u00e9publique islamique<\/a>, ont rapport\u00e9 lundi des responsables \u00e0 l\u2019AFP.<\/p>\n<p class=\"fig-paragraph\">\u00abLe passage aux postes-fronti\u00e8res des cinq districts \u2013 Chaghi, Washuk, Panjgur, Kech et Gwadar \u2013 est suspendu\u00bb, a d\u00e9clar\u00e9 Qadir Bakhsh Pirkani, haut fonctionnaire du Baloutchistan, la province pakistanaise qui borde l\u2019Iran. Les mouvements de personnes \u00absont suspendus jusqu\u2019\u00e0 nouvel ordre\u00bb, a pr\u00e9cis\u00e9 Atta ul Munim, cadre au terminal de Chaghi, \u00abmais le commerce se poursuit\u00bb.<\/p>\n<p>\n        12:53\n            <\/p>\n<p class=\"fig-live-post__title\" role=\"heading\" aria-level=\"3\">L\u2019Iran accuse Isra\u00ebl d\u2019avoir vis\u00e9 un h\u00f4pital et d\u00e9nonce un \u00abcrime de guerre\u00bb<\/p>\n<p class=\"fig-paragraph\">L\u2019Iran a accus\u00e9 lundi Isra\u00ebl d\u2019avoir pris pour cible un h\u00f4pital dans l\u2019ouest du pays, d\u00e9non\u00e7ant un \u00abcrime de guerre\u00bb.<\/p>\n<p class=\"fig-paragraph\">\u00abL\u2019h\u00f4pital Farabi, situ\u00e9 dans la ville de Kermanshah, dans l\u2019ouest de l\u2019Iran, a \u00e9t\u00e9 vis\u00e9 par les attaques agressives du r\u00e9gime isra\u00e9lien\u00bb, a d\u00e9clar\u00e9 le porte-parole du minist\u00e8re des Affaires \u00e9trang\u00e8res, Esma\u00efl Bagha\u00ef. \u00abS\u2019en prendre \u00e0 des h\u00f4pitaux, en plus des attaques contre des zones r\u00e9sidentielles, constitue une violation flagrante du droit international et un crime de guerre\u00bb, a-t-il ajout\u00e9.<\/p>\n<p class=\"fig-paragraph\">Des m\u00e9dias iraniens avaient auparavant rapport\u00e9 une attaque isra\u00e9lienne visant un atelier \u00e0 proximit\u00e9 qui a caus\u00e9 des dommages importants \u00e0 l\u2019h\u00f4pital.<\/p>\n<p>\n        12:52\n            <\/p>\n<p class=\"fig-live-post__title\" role=\"heading\" aria-level=\"3\">Recep Tayyip Erdogan dit vouloir jouer un \u00abr\u00f4le de facilitateur\u00bb pour mettre fin au conflit<\/p>\n<p class=\"fig-paragraph\">Le\u00a0<a href=\"http:\/\/www.lefigaro.fr\/pourquoi-recep-tayyip-erdogan-a-t-il-longuement-tenu-le-doigt-d-emmanuel-macron-20250520\" target=\"_blank\" data-fig-type=\"NewsFlash\" rel=\"noopener\" data-gtm-custom-categorie=\"navigation\" data-gtm-custom-action=\"crossclick\" data-gtm-custom-label=\"Contextuel\" data-gtm-event=\"customEventSPE\" data-fig-domain=\"LEFIGARO\">pr\u00e9sident turc<\/a>\u00a0a affirm\u00e9 lundi \u00e0 son homologue iranien\u00a0<a href=\"http:\/\/www.lefigaro.fr\/international\/iran-le-reformateur-massoud-pezeshkian-cree-la-surprise-20240707\" target=\"_blank\" data-fig-type=\"Article\" rel=\"noopener\" data-gtm-custom-categorie=\"navigation\" data-gtm-custom-action=\"crossclick\" data-gtm-custom-label=\"Contextuel\" data-gtm-event=\"customEventSPE\" data-fig-domain=\"LEFIGARO\">Massoud Pezeshkian<\/a>\u00a0\u00eatre pr\u00eat \u00e0 jouer un \u00abr\u00f4le de facilitateur\u00bb pour mettre un terme au\u00a0<a href=\"http:\/\/www.lefigaro.fr\/international\/apres-l-elimination-de-hauts-grades-iraniens-l-ayatollah-ali-khamenei-sait-qu-il-n-est-plus-intouchable-20250615\" target=\"_blank\" data-fig-type=\"Article\" rel=\"noopener\" data-gtm-custom-categorie=\"navigation\" data-gtm-custom-action=\"crossclick\" data-gtm-custom-label=\"Contextuel\" data-gtm-event=\"customEventSPE\" data-fig-domain=\"LEFIGARO\">conflit entre Isra\u00ebl et T\u00e9h\u00e9ran<\/a>, a indiqu\u00e9 la pr\u00e9sidence turque.<\/p>\n<p class=\"fig-paragraph\">\u00abLors de l\u2019entretien, le pr\u00e9sident Erdogan a d\u00e9clar\u00e9 [&#8230;] que la Turquie \u00e9tait pr\u00eate \u00e0 assumer un r\u00f4le de facilitateur pour mettre fin imm\u00e9diatement au conflit et revenir aux n\u00e9gociations sur le nucl\u00e9aire\u00bb, a affirm\u00e9 la pr\u00e9sidence turque dans un communiqu\u00e9.<\/p>\n<p>    Le pr\u00e9sident turc Recep Tayyip Erdogan s\u2019adresse au public lors du Forum de diplomatie d\u2019Antalya, en Turquie, le 11 avril 2025.<br \/>\n                Kaan Soyturk \/ REUTERS<\/p>\n<p>\n        12:37\n            <\/p>\n<p class=\"fig-live-post__title\" role=\"heading\" aria-level=\"3\">Le point sur la situation \u00e0 la mi-journ\u00e9e<\/p>\n<ul class=\"fig-list\">\n<li>L\u2019Iran a tir\u00e9 lundi des missiles sur plusieurs grandes villes d\u2019Isra\u00ebl, o\u00f9 le bilan de la nuit s\u2019est alourdi de onze morts. En tout, les tirs de missiles iraniens ont fait 24 morts depuis vendredi en Isra\u00ebl, dans le cadre de\u00a0<a href=\"http:\/\/www.lefigaro.fr\/international\/dossier\/frappes-d-israel-sur-l-iran-notre-dossier-pour-tout-comprendre\" data-fig-type=\"Topic\" data-gtm-custom-categorie=\"navigation\" data-gtm-custom-action=\"crossclick\" data-gtm-custom-label=\"Contextuel\" data-gtm-event=\"customEventSPE\" data-fig-domain=\"LEFIGARO\" target=\"_blank\" rel=\"noopener\">l\u2019escalade militaire entre les deux pays en r\u00e9ponse \u00e0 des frappes a\u00e9riennes isra\u00e9liennes<\/a>.<\/li>\n<li>En Iran, une attaque isra\u00e9lienne lundi matin dans l\u2019ouest de l\u2019Iran a endommag\u00e9 l\u2019h\u00f4pital Farabi, dans la ville de Kermanshah. Les frappes de l\u2019\u00c9tat h\u00e9breu ont fait au moins 224 morts et plus d\u2019un millier de bless\u00e9s selon un bilan officiel des autorit\u00e9s iraniennes.<\/li>\n<li>L\u2019Iran exhorte les Europ\u00e9ens \u00e0 faire cesser \u00abl\u2019agression\u00bb isra\u00e9lienne et demande \u00e0 l\u2019<a href=\"https:\/\/www.lefigaro.fr\/international\/les-cles-pour-comprendre-a-quoi-sert-l-agence-internationale-de-l-energie-atomique-20220826\" data-fig-type=\"Article\" data-gtm-custom-categorie=\"navigation\" data-gtm-custom-action=\"crossclick\" data-gtm-custom-label=\"Contextuel\" data-gtm-event=\"customEventSPE\" data-fig-domain=\"LEFIGARO\" target=\"_blank\" rel=\"noopener\">AIEA<\/a>\u00a0et condamner les attaques de l\u2019\u00c9tat h\u00e9breu. \u00abL\u2019Allemagne, la France et l\u2019Angleterre auraient d\u00fb condamner tr\u00e8s clairement les crimes du r\u00e9gime sioniste\u00bb, a d\u00e9clar\u00e9 ce lundi le porte-parole de la diplomatie iranienne, Esma\u00efl Bagha\u00ef.<\/li>\n<li>Dans un message sur ses r\u00e9seaux sociaux, le ministre de la D\u00e9fense isra\u00e9lien,\u00a0<a href=\"http:\/\/www.lefigaro.fr\/vox\/monde\/israel-katz-qui-veut-la-paix-se-doit-de-combattre-le-terrorisme-20241007\" target=\"_blank\" data-fig-type=\"Article\" rel=\"noopener\" data-gtm-custom-categorie=\"navigation\" data-gtm-custom-action=\"crossclick\" data-gtm-custom-label=\"Contextuel\" data-gtm-event=\"customEventSPE\" data-fig-domain=\"LEFIGARO\">Isra\u00ebl Katz<\/a>, a averti pour sa part que les habitants de T\u00e9h\u00e9ran \u00abpaieront le prix\u00bb des frappes iraniennes sur des civils isra\u00e9liens.<\/li>\n<li>Le Kremlin s\u2019est dit pr\u00eat \u00e0 jouer un r\u00f4le de m\u00e9diateur entre Isra\u00ebl et l\u2019Iran.<\/li>\n<\/ul>\n<p>\n        12:00\n            <\/p>\n<p class=\"fig-live-post__title\" role=\"heading\" aria-level=\"3\">Le Kremlin se dit pr\u00eat \u00e0 jouer un r\u00f4le de m\u00e9diateur entre Isra\u00ebl et l\u2019Iran<\/p>\n<p class=\"fig-paragraph\">La Russie reste pr\u00eate \u00e0 jouer un r\u00f4le de m\u00e9diateur dans le\u00a0<a href=\"http:\/\/www.lefigaro.fr\/international\/dossier\/frappes-d-israel-sur-l-iran-notre-dossier-pour-tout-comprendre\" data-fig-type=\"Topic\" data-gtm-custom-categorie=\"navigation\" data-gtm-custom-action=\"crossclick\" data-gtm-custom-label=\"Contextuel\" data-gtm-event=\"customEventSPE\" data-fig-domain=\"LEFIGARO\" target=\"_blank\" rel=\"noopener\">conflit isra\u00e9lo-iranien<\/a>, et les pr\u00e9c\u00e9dentes propositions de Moscou visant \u00e0 stocker de l\u2019uranium iranien en Russie restent \u00e0 l\u2019ordre du jour, a d\u00e9clar\u00e9 lundi le porte-parole du Kremlin, Dmitri Peskov.<\/p>\n<p>    Dmitri Peskov (\u00e0 droite), porte-parole du Kremlin, le 27 mai 2025.<br \/>\n                Alexander Kazakov \/ REUTERS<\/p>\n<p>\n        11:32\n            <\/p>\n<p class=\"fig-live-post__title\" role=\"heading\" aria-level=\"3\">L\u2019AIEA affirme qu\u2019il n\u2019y a \u00abpas d\u2019indications d\u2019attaque\u00bb contre la partie souterraine du site nucl\u00e9aire de Natanz<\/p>\n<p class=\"fig-paragraph\">Le site nucl\u00e9aire iranien de Natanz n\u2019a pas \u00e9t\u00e9 touch\u00e9 dans sa partie souterraine, selon les informations dont dispose l\u2019<a href=\"https:\/\/www.lefigaro.fr\/international\/les-cles-pour-comprendre-a-quoi-sert-l-agence-internationale-de-l-energie-atomique-20220826\" data-fig-type=\"Article\" data-gtm-custom-categorie=\"navigation\" data-gtm-custom-action=\"crossclick\" data-gtm-custom-label=\"Contextuel\" data-gtm-event=\"customEventSPE\" data-fig-domain=\"LEFIGARO\" target=\"_blank\" rel=\"noopener\">Agence internationale de l\u2019\u00e9nergie atomique<\/a>\u00a0(AIEA) \u00e0 la suite de l\u2019attaque men\u00e9e par Isra\u00ebl pour emp\u00eacher T\u00e9h\u00e9ran de se doter de la bombe atomique.<\/p>\n<p class=\"fig-paragraph\">\u00abIl n\u2019y a pas eu de d\u00e9g\u00e2ts suppl\u00e9mentaires\u00bb depuis les\u00a0<a href=\"http:\/\/www.lefigaro.fr\/international\/teheran-en-feu-etat-d-urgence-en-israel-implication-du-mossad-le-recit-de-la-nuit-ou-tsahal-a-declenche-l-operation-rising-lion-contre-l-iran-20250613\" data-fig-type=\"NewsFlash\" data-gtm-custom-categorie=\"navigation\" data-gtm-custom-action=\"crossclick\" data-gtm-custom-label=\"Contextuel\" data-gtm-event=\"customEventSPE\" data-fig-domain=\"LEFIGARO\" target=\"_blank\" rel=\"noopener\">frappes de vendredi<\/a>\u00a0qui ont d\u00e9truit les b\u00e2timents en surface, a d\u00e9clar\u00e9 le directeur g\u00e9n\u00e9ral de l\u2019instance onusienne,\u00a0<a href=\"https:\/\/www.lefigaro.fr\/secteur\/high-tech\/rafael-mariano-grossi-le-nucleaire-apporte-une-reponse-claire-efficace-et-immediate-aux-enjeux-climatiques-20231201\" data-fig-type=\"Article\" data-gtm-custom-categorie=\"navigation\" data-gtm-custom-action=\"crossclick\" data-gtm-custom-label=\"Contextuel\" data-gtm-event=\"customEventSPE\" data-fig-domain=\"LEFIGARO\" target=\"_blank\" rel=\"noopener\">Rafael Grossi<\/a>, \u00e0 l\u2019ouverture lundi d\u2019une r\u00e9union extraordinaire au si\u00e8ge de Vienne en Autriche. \u00abRien n\u2019indique qu\u2019il y ait eu une attaque physique contre la salle souterraine\u00bb qui abrite la principale usine d\u2019enrichissement d\u2019uranium, a-t-il dit.<\/p>\n<p>\n        11:29\n            <\/p>\n<p class=\"fig-live-post__title\" role=\"heading\" aria-level=\"3\">Une attaque isra\u00e9lienne dans l\u2019ouest de l\u2019Iran a endommag\u00e9 un h\u00f4pital<\/p>\n<p class=\"fig-paragraph\">Des m\u00e9dias iraniens ont rapport\u00e9 qu\u2019un h\u00f4pital de l\u2019ouest de l\u2019Iran avait subi d\u2019importants d\u00e9g\u00e2ts \u00e0 la suite d\u2019une\u00a0<a href=\"http:\/\/www.lefigaro.fr\/international\/dossier\/frappes-d-israel-sur-l-iran-notre-dossier-pour-tout-comprendre\" data-fig-type=\"Topic\" data-gtm-custom-categorie=\"navigation\" data-gtm-custom-action=\"crossclick\" data-gtm-custom-label=\"Contextuel\" data-gtm-event=\"customEventSPE\" data-fig-domain=\"LEFIGARO\" target=\"_blank\" rel=\"noopener\">attaque isra\u00e9lienne<\/a>\u00a0lundi dans la r\u00e9gion. \u00ab\u00c0 la suite de l\u2019attaque du r\u00e9gime criminel sioniste contre un atelier situ\u00e9 \u00e0 proximit\u00e9, dans la ville de Kermanshah, l\u2019h\u00f4pital Farabi a \u00e9galement \u00e9t\u00e9 durement endommag\u00e9\u00bb, a indiqu\u00e9 l\u2019agence de presse Tasnim.<\/p>\n<p class=\"fig-paragraph\">L\u2019agence de presse Fars a diffus\u00e9 une vid\u00e9o de l\u2019h\u00f4pital montrant des vitres bris\u00e9es, des plafonds effondr\u00e9s et d\u2019importants d\u00e9g\u00e2ts dans les chambres des patients.<\/p>\n<p>\n        11:24\n            <\/p>\n<p class=\"fig-live-post__title\" role=\"heading\" aria-level=\"3\">Les images impressionnantes du d\u00e9mant\u00e8lement d\u2019un site de lancement de missiles iraniens<\/p>\n<p class=\"fig-paragraph\">Un site de lancements de missiles air-sol iranien a \u00e9t\u00e9 frapp\u00e9 par l\u2019arm\u00e9e isra\u00e9lienne, tout comme les troupes au sol charg\u00e9es de le s\u00e9curiser. Sur cette vid\u00e9o publi\u00e9e par Tsahal ce lundi 16 juin, on distingue les cibles suivies de frappes, pour proc\u00e9der \u00e0 leur \u00e9limination.<\/p>\n<p class=\"fig-body-link\">\n            \u00c0 lire aussi<br \/>\n        <a class=\"fig-body-link__link fig-premium-mark\" href=\"http:\/\/www.lefigaro.fr\/international\/israel-iran-benyamin-netanyahou-espere-redessiner-la-carte-du-moyen-orient-20250615\" data-fig-type=\"Article\" data-gtm-custom-categorie=\"navigation\" data-gtm-custom-action=\"crossclick\" data-gtm-custom-label=\"Contextuel\" data-gtm-event=\"customEventSPE\" data-fig-domain=\"LEFIGARO\" target=\"_blank\" rel=\"noopener\">Isra\u00ebl-Iran\u00a0: Benyamin Netanyahou esp\u00e8re redessiner la carte du Moyen-Orient<br \/>\n    <\/a>\n<\/p>\n<p>\n        11:24\n            <\/p>\n<p class=\"fig-live-post__title\" role=\"heading\" aria-level=\"3\">L\u2019arm\u00e9e isra\u00e9lienne dit avoir d\u00e9truit \u00abun tiers\u00bb des lanceurs de missiles sol-sol iraniens<\/p>\n<p class=\"fig-paragraph\">L\u2019arm\u00e9e isra\u00e9lienne a affirm\u00e9 lundi avoir d\u00e9truit \u00abun tiers\u00bb des lanceurs de missiles sol-sol iraniens, au quatri\u00e8me jour de l\u2019<a href=\"http:\/\/www.lefigaro.fr\/international\/teheran-en-feu-etat-d-urgence-en-israel-implication-du-mossad-le-recit-de-la-nuit-ou-tsahal-a-declenche-l-operation-rising-lion-contre-l-iran-20250613\" data-fig-type=\"NewsFlash\" data-gtm-custom-categorie=\"navigation\" data-gtm-custom-action=\"crossclick\" data-gtm-custom-label=\"Contextuel\" data-gtm-event=\"customEventSPE\" data-fig-domain=\"LEFIGARO\" target=\"_blank\" rel=\"noopener\">attaque massive lanc\u00e9e par Isra\u00ebl sur l\u2019Iran<\/a>\u00a0qui riposte par des tirs de missiles.<\/p>\n<p class=\"fig-paragraph\">\u00abPlus de 50 avions de chasse et autres a\u00e9ronefs ont men\u00e9 des frappes et d\u00e9truit plus de 120 lanceurs de missiles sol-sol. Cela repr\u00e9sente un tiers des lanceurs de missiles sol-sol que poss\u00e8de le r\u00e9gime iranien\u00bb, a d\u00e9clar\u00e9 le porte-parole de l\u2019arm\u00e9e, le g\u00e9n\u00e9ral de brigade Effie Defrin, lors d\u2019une conf\u00e9rence de presse.<\/p>\n<p class=\"fig-body-link\">\n            \u00c0 lire aussi<br \/>\n        <a class=\"fig-body-link__link\" href=\"http:\/\/www.lefigaro.fr\/international\/israel-iran-les-images-saisissantes-d-une-frappe-de-l-armee-israelienne-sur-un-site-de-lancements-de-missiles-sol-air-20250616\" target=\"_blank\" data-fig-type=\"NewsFlash\" rel=\"noopener\" data-gtm-custom-categorie=\"navigation\" data-gtm-custom-action=\"crossclick\" data-gtm-custom-label=\"Contextuel\" data-gtm-event=\"customEventSPE\" data-fig-domain=\"LEFIGARO\">Isra\u00ebl-Iran\u00a0: les images saisissantes de trois frappes de l\u2019arm\u00e9e isra\u00e9lienne sur un site de lancements de missiles sol-air<br \/>\n    <\/a>\n<\/p>\n<p>\n        10:29\n            <\/p>\n<p class=\"fig-live-post__title\" role=\"heading\" aria-level=\"3\">L\u2019Iran exhorte les Europ\u00e9ens \u00e0 faire cesser \u00abl\u2019agression\u00bb isra\u00e9lienne et l\u2019AIEA \u00e0 condamner les attaques<\/p>\n<p class=\"fig-paragraph\">\u00abL\u2019Allemagne, la France et l\u2019Angleterre auraient d\u00fb condamner tr\u00e8s clairement les crimes du r\u00e9gime sioniste\u00bb, d\u00e9clare ce lundi le porte-parole de la diplomatie iranienne Esma\u00efl Bagha\u00ef. \u00abNous attendons naturellement des pays europ\u00e9ens qu\u2019ils s\u2019attachent \u00e0 mettre fin \u00e0 l\u2019agression [&#8230;] et \u00e0 condamner\u00a0<a href=\"http:\/\/www.lefigaro.fr\/international\/comment-israel-avait-depuis-longtemps-projete-de-neutraliser-le-programme-nucleaire-iranien-20250613\" data-fig-type=\"Article\" data-gtm-custom-categorie=\"navigation\" data-gtm-custom-action=\"crossclick\" data-gtm-custom-label=\"Contextuel\" data-gtm-event=\"customEventSPE\" data-fig-domain=\"LEFIGARO\" target=\"_blank\" rel=\"noopener\">les actions de ce r\u00e9gime contre les installations nucl\u00e9aires<\/a>\u00bb iraniennes, a-t-il ajout\u00e9 lors d\u2019un point de presse.<\/p>\n<p class=\"fig-paragraph\">Il a aussi exhort\u00e9 l\u2019<a href=\"https:\/\/www.lefigaro.fr\/international\/les-cles-pour-comprendre-a-quoi-sert-l-agence-internationale-de-l-energie-atomique-20220826\" data-fig-type=\"Article\" data-gtm-custom-categorie=\"navigation\" data-gtm-custom-action=\"crossclick\" data-gtm-custom-label=\"Contextuel\" data-gtm-event=\"customEventSPE\" data-fig-domain=\"LEFIGARO\" target=\"_blank\" rel=\"noopener\">Agence internationale de l\u2019\u00e9nergie atomique<\/a>\u00a0\u00e0 condamner les attaques isra\u00e9liennes. \u00abLes installations nucl\u00e9aires pacifiques d\u2019un pays qui \u00e9taient sous la surveillance continue de l\u2019AIEA ont \u00e9t\u00e9 attaqu\u00e9es. Nous attendons [de l\u2019agence et son chef Rafael Grossi] qu\u2019ils adoptent une position ferme pour condamner cet acte\u00bb lors d\u2019une r\u00e9union d\u2019urgence lundi, a d\u00e9clar\u00e9 Esma\u00efl Bagha\u00ef.<\/p>\n<p class=\"fig-body-link\">\n            \u00c0 lire aussi<br \/>\n        <a class=\"fig-body-link__link fig-premium-mark\" href=\"http:\/\/www.lefigaro.fr\/international\/israel-iran-nous-nous-tenons-prets-a-contribuer-a-la-protection-de-l-etat-hebreu-indique-jean-noel-barrot-20250615\" data-fig-type=\"Article\" data-gtm-custom-categorie=\"navigation\" data-gtm-custom-action=\"crossclick\" data-gtm-custom-label=\"Contextuel\" data-gtm-event=\"customEventSPE\" data-fig-domain=\"LEFIGARO\" target=\"_blank\" rel=\"noopener\">Isra\u00ebl-Iran\u00a0: \u00ab\u00a0Nous nous tenons pr\u00eats \u00e0 contribuer \u00e0 la protection\u00a0\u00bb de l\u2019\u00c9tat h\u00e9breu, indique Jean-No\u00ebl Barrot<br \/>\n    <\/a>\n<\/p>\n<p>\n        10:24\n            <\/p>\n<p class=\"fig-live-post__title\" role=\"heading\" aria-level=\"3\">Le pr\u00e9sident de la Bundesbank alerte sur les risques d\u2019un choc p\u00e9trolier<\/p>\n<p class=\"fig-paragraph\">Le pr\u00e9sident de la Banque f\u00e9d\u00e9rale d\u2019Allemagne, Joachim Nagel, a mis en garde lundi contre les risques d\u2019un\u00a0<a href=\"https:\/\/www.lefigaro.fr\/politique\/comment-pompidou-et-messmer-ont-ils-gere-la-crise-petroliere-de-1973-20220913\" data-fig-type=\"Article\" data-gtm-custom-categorie=\"navigation\" data-gtm-custom-action=\"crossclick\" data-gtm-custom-label=\"Contextuel\" data-gtm-event=\"customEventSPE\" data-fig-domain=\"LEFIGARO\" target=\"_blank\" rel=\"noopener\">choc p\u00e9trolier<\/a>\u00a0li\u00e9 au\u00a0<a href=\"http:\/\/www.lefigaro.fr\/international\/dossier\/frappes-d-israel-sur-l-iran-notre-dossier-pour-tout-comprendre\" data-fig-type=\"Topic\" data-gtm-custom-categorie=\"navigation\" data-gtm-custom-action=\"crossclick\" data-gtm-custom-label=\"Contextuel\" data-gtm-event=\"customEventSPE\" data-fig-domain=\"LEFIGARO\" target=\"_blank\" rel=\"noopener\">conflit entre Isra\u00ebl et l\u2019Iran<\/a>, invitant \u00e0 ne pas rel\u00e2cher la politique mon\u00e9taire en zone euro, malgr\u00e9 une inflation revenue \u00e0 2%. Les cons\u00e9quences des attaques entre les deux pays, qui se sont intensifi\u00e9es ce week-end, \u00abrestent incertaines\u00bb alors qu\u2019un conflit prolong\u00e9 \u00abpourrait provoquer une forte hausse du p\u00e9trole\u00bb et \u00abbouleverser nos pr\u00e9visions\u00bb d\u2019inflation et de croissance, a-t-il d\u00e9clar\u00e9 dans un discours prononc\u00e9 \u00e0 Francfort.<\/p>\n<p class=\"fig-paragraph\">Les prix du p\u00e9trole \u00e9voluaient en hausse limit\u00e9e lundi en d\u00e9but de matin\u00e9e, apr\u00e8s une flamb\u00e9e jusqu\u2019\u00e0 13% mercredi, lors des premi\u00e8res frappes isra\u00e9liennes sur l\u2019Iran. Vers 7h20 GMT, le cours du baril de WTI am\u00e9ricain grimpait de 1,15% \u00e0 73,82 dollars, et celui du baril de Brent de la mer du Nord gagnait 0,99% \u00e0 74,97 dollars.<\/p>\n<p>\n        10:23\n            <\/p>\n<p class=\"fig-live-post__title\" role=\"heading\" aria-level=\"3\">Le chef du pouvoir judiciaire en Iran promet des proc\u00e8s rapides pour les espions d\u2019Isra\u00ebl<\/p>\n<p class=\"fig-paragraph\">Le chef du pouvoir judiciaire, Gholamhossein Mohseni Eje\u00ef, a demand\u00e9 lundi des proc\u00e8s rapides pour les personnes coupables d\u2019espionnage pour le compte d\u2019Isra\u00ebl, a rapport\u00e9 un m\u00e9dia local. \u00abSi une personne est arr\u00eat\u00e9e parce qu\u2019elle a des liens avec le r\u00e9gime sioniste et a collabor\u00e9 avec lui, son proc\u00e8s et sa condamnation doivent \u00eatre prononc\u00e9s tr\u00e8s rapidement, conform\u00e9ment \u00e0 la loi et compte tenu des conditions de la guerre\u00bb, a estim\u00e9 Gholamhossein Mohseni Eje\u00ef, cit\u00e9 par l\u2019agence Tasnim.<\/p>\n<p class=\"fig-paragraph\">Les m\u00e9dias iraniens ont rapport\u00e9 dimanche que la police de la province d\u2019Alborz, \u00e0 l\u2019ouest de T\u00e9h\u00e9ran, avait arr\u00eat\u00e9 deux personnes soup\u00e7onn\u00e9es de liens avec le\u00a0<a href=\"http:\/\/www.lefigaro.fr\/international\/assassinats-kidnappings-cyberattaques-la-guerre-de-l-ombre-du-mossad-sur-le-sol-iranien-20241009\" data-fig-type=\"Article\" data-gtm-custom-categorie=\"navigation\" data-gtm-custom-action=\"crossclick\" data-gtm-custom-label=\"Contextuel\" data-gtm-event=\"customEventSPE\" data-fig-domain=\"LEFIGARO\" target=\"_blank\" rel=\"noopener\">Mossad<\/a>. Quelques heures plus tard, Isra\u00ebl a annonc\u00e9 l\u2019arrestation de deux de ses ressortissants. Par ailleurs, la justice iranienne a annonc\u00e9 avoir pendu lundi un homme arr\u00eat\u00e9 en 2023 et reconnu coupable d\u2019\u00eatre un agent du Mossad.<\/p>\n<p>\n        10:09\n            <\/p>\n<p class=\"fig-live-post__title\" role=\"heading\" aria-level=\"3\">La Chine appelle Isra\u00ebl et l\u2019Iran \u00e0 prendre \u00abimm\u00e9diatement\u00bb des mesures pour apaiser les tensions<\/p>\n<p class=\"fig-paragraph\">La Chine a exhort\u00e9 lundi Isra\u00ebl et l\u2019Iran \u00e0 prendre \u00abimm\u00e9diatement\u00bb des mesures afin d\u2019apaiser les tensions, apr\u00e8s des<a href=\"http:\/\/www.lefigaro.fr\/international\/salves-de-missiles-balistiques-la-ville-sainte-de-jerusalem-ciblee-l-iran-declare-la-guerre-a-israel-20250613\" data-fig-type=\"Article\" data-gtm-custom-categorie=\"navigation\" data-gtm-custom-action=\"crossclick\" data-gtm-custom-label=\"Contextuel\" data-gtm-event=\"customEventSPE\" data-fig-domain=\"LEFIGARO\" target=\"_blank\" rel=\"noopener\">\u00a0frappes isra\u00e9liennes sur le territoire iranien et la riposte de T\u00e9h\u00e9ran<\/a>\u00a0par des salves de missiles. \u00abNous appelons toutes les parties \u00e0 prendre imm\u00e9diatement des mesures pour apaiser au plus vite les tensions, emp\u00eacher la r\u00e9gion de sombrer dans une instabilit\u00e9 accrue et cr\u00e9er les conditions d\u2019un retour au dialogue et \u00e0 la n\u00e9gociation afin de r\u00e9soudre leurs diff\u00e9rends\u00bb, a d\u00e9clar\u00e9 lors d\u2019un point presse r\u00e9gulier Guo Jiakun, un porte-parole du minist\u00e8re chinois des Affaires \u00e9trang\u00e8res.<\/p>\n<p class=\"fig-body-link\">\n            \u00c0 lire aussi<br \/>\n        <a class=\"fig-body-link__link fig-premium-mark\" href=\"http:\/\/www.lefigaro.fr\/international\/israel-iran-benyamin-netanyahou-espere-redessiner-la-carte-du-moyen-orient-20250615\" target=\"_blank\" data-fig-type=\"Article\" rel=\"noopener\" data-gtm-custom-categorie=\"navigation\" data-gtm-custom-action=\"crossclick\" data-gtm-custom-label=\"Contextuel\" data-gtm-event=\"customEventSPE\" data-fig-domain=\"LEFIGARO\">Isra\u00ebl-Iran\u00a0: Benyamin Netanyahou esp\u00e8re redessiner la carte du Moyen-Orient<br \/>\n    <\/a>\n<\/p>\n<p>\n        09:44\n            <\/p>\n<p class=\"fig-live-post__title\" role=\"heading\" aria-level=\"3\">Les tirs de missiles iraniens ont fait 24 morts depuis vendredi en Isra\u00ebl, selon le nouveau bilan officiel<\/p>\n<p class=\"fig-paragraph\">Les tirs de missiles iraniens sur le territoire isra\u00e9lien ont fait 24 morts depuis vendredi et le d\u00e9but de l\u2019<a href=\"http:\/\/www.lefigaro.fr\/international\/teheran-en-feu-etat-d-urgence-en-israel-implication-du-mossad-le-recit-de-la-nuit-ou-tsahal-a-declenche-l-operation-rising-lion-contre-l-iran-20250613\" data-fig-type=\"NewsFlash\" data-gtm-custom-categorie=\"navigation\" data-gtm-custom-action=\"crossclick\" data-gtm-custom-label=\"Contextuel\" data-gtm-event=\"customEventSPE\" data-fig-domain=\"LEFIGARO\" target=\"_blank\" rel=\"noopener\">attaque lanc\u00e9e par Isra\u00ebl sur la r\u00e9publique islamique<\/a>, selon un nouveau bilan donn\u00e9 lundi par le bureau du premier ministre isra\u00e9lien.<\/p>\n<p>    Le personnel d\u2019urgence en op\u00e9ration apr\u00e8s que des missiles ont \u00e9t\u00e9 lanc\u00e9s d\u2019Iran \u00e0 Tel-Aviv, le 16 juin 2025.<br \/>\n                Ronen Zvulun \/ REUTERS<\/p>\n<p class=\"fig-paragraph\">Depuis minuit (21h GMT dimanche), le bilan s\u2019est alourdi de 11 morts, selon les donn\u00e9es officielles\u00a0: 4 \u00e0 Petakh-Tiqva (pr\u00e8s de\u00a0<a href=\"http:\/\/www.lefigaro.fr\/international\/d-abord-j-ai-cru-que-le-missile-etait-tombe-sur-nous-le-reportage-de-l-envoye-special-du-figaro-dans-la-banlieue-de-tel-aviv-20250614\" data-fig-type=\"Article\" data-gtm-custom-categorie=\"navigation\" data-gtm-custom-action=\"crossclick\" data-gtm-custom-label=\"Contextuel\" data-gtm-event=\"customEventSPE\" data-fig-domain=\"LEFIGARO\" target=\"_blank\" rel=\"noopener\">Tel-Aviv<\/a>), 3 \u00e0 Ha\u00effa (nord), 1 \u00e0 Bnei-Brak (banlieue de Tel-Aviv), 2 morts extraits des d\u00e9combres d\u2019une frappe de la veille \u00e0 Bat Yam, et un autre mort en un lieu non pr\u00e9cis\u00e9 \u00e0 ce stade.<\/p>\n<p>    Des secouristes aident une famille qui quitte un complexe r\u00e9sidentiel touch\u00e9 \u00e0 la suite d\u2019une attaque de missile de l\u2019Iran sur Isra\u00ebl, dans le centre du pays, le 16 juin 2025.<br \/>\n                ITAY COHEN \/ REUTERS<\/p>\n<p>\n        09:40\n            <\/p>\n<p class=\"fig-live-post__title\" role=\"heading\" aria-level=\"3\">Des sir\u00e8nes retentissent en Isra\u00ebl apr\u00e8s le tir d\u2019un missile depuis le Y\u00e9men<\/p>\n<p class=\"fig-paragraph\">L\u2019arm\u00e9e isra\u00e9lienne a d\u00e9clar\u00e9 lundi qu\u2019un missile\u00a0<a href=\"http:\/\/www.lefigaro.fr\/international\/yemen-l-emissaire-de-l-onu-s-inquiete-d-une-dangereuse-escalade-entre-israel-et-les-houthis-20250514\" data-fig-type=\"NewsFlash\" data-gtm-custom-categorie=\"navigation\" data-gtm-custom-action=\"crossclick\" data-gtm-custom-label=\"Contextuel\" data-gtm-event=\"customEventSPE\" data-fig-domain=\"LEFIGARO\" target=\"_blank\" rel=\"noopener\">houthi<\/a>\u00a0\u00e9tait tomb\u00e9 avant d\u2019entrer sur le territoire isra\u00e9lien, apr\u00e8s que des sir\u00e8nes ont retenti dans plusieurs r\u00e9gions du pays.<\/p>\n<p class=\"fig-paragraph\">Selon la presse isra\u00e9lienne, les sir\u00e8nes ont retenti dans une vaste zone sud d\u2019Isra\u00ebl, \u00e0 Beer Sheva et Dimona. \u00ab\u00c0 la suite des sir\u00e8nes qui ont retenti il y a peu dans plusieurs r\u00e9gions d\u2019Isra\u00ebl, un missile lanc\u00e9 depuis le Y\u00e9men est tomb\u00e9 avant d\u2019entrer sur le territoire isra\u00e9lien\u00bb, a d\u00e9clar\u00e9 l\u2019arm\u00e9e dans un communiqu\u00e9.<\/p>\n<p class=\"fig-body-link\">\n            \u00c0 lire aussi<br \/>\n        <a class=\"fig-body-link__link fig-premium-mark\" href=\"http:\/\/www.lefigaro.fr\/international\/au-yemen-la-surprenante-resilience-des-rebelles-houthistes-20250505\" target=\"_blank\" data-fig-type=\"Article\" rel=\"noopener\" data-gtm-custom-categorie=\"navigation\" data-gtm-custom-action=\"crossclick\" data-gtm-custom-label=\"Contextuel\" data-gtm-event=\"customEventSPE\" data-fig-domain=\"LEFIGARO\">Au Y\u00e9men, la surprenante r\u00e9silience des rebelles houthistes<br \/>\n    <\/a>\n<\/p>\n<p>\n        08:46\n            <\/p>\n<p class=\"fig-live-post__title\" role=\"heading\" aria-level=\"3\">Un b\u00e2timent de la repr\u00e9sentation am\u00e9ricaine l\u00e9g\u00e8rement endommag\u00e9 par les frappes iraniennes<\/p>\n<p class=\"fig-paragraph\">L\u2019ambassadeur am\u00e9ricain en Isra\u00ebl, Mike Huckabee, a d\u00e9clar\u00e9 lundi qu\u2019un b\u00e2timent de sa repr\u00e9sentation diplomatique \u00e0\u00a0<a href=\"http:\/\/www.lefigaro.fr\/international\/d-abord-j-ai-cru-que-le-missile-etait-tombe-sur-nous-le-reportage-de-l-envoye-special-du-figaro-dans-la-banlieue-de-tel-aviv-20250614\" data-fig-type=\"Article\" data-gtm-custom-categorie=\"navigation\" data-gtm-custom-action=\"crossclick\" data-gtm-custom-label=\"Contextuel\" data-gtm-event=\"customEventSPE\" data-fig-domain=\"LEFIGARO\" target=\"_blank\" rel=\"noopener\">Tel-Aviv<\/a>\u00a0avait \u00e9t\u00e9 l\u00e9g\u00e8rement endommag\u00e9 suite aux frappes iraniennes sur le pays pendant la nuit. Il y a eu \u00abquelques d\u00e9g\u00e2ts mineurs dus aux ondes de choc des frappes de missiles iraniens pr\u00e8s d\u2019une branche de l\u2019ambassade \u00e0 Tel-Aviv\u00bb, a-t-il \u00e9crit sur son compte X.<\/p>\n<p class=\"fig-paragraph\">L\u2019Iran a lanc\u00e9 une nouvelle salve de missiles sur Isra\u00ebl dans la nuit de dimanche \u00e0 lundi, des b\u00e2timents d\u2019habitation du centre de Tel-Aviv ont \u00e9t\u00e9 d\u00e9truits, a constat\u00e9 un photographe de l\u2019AFP qui a vu les secouristes inspecter les d\u00e9combres. Mike Huckabee a pr\u00e9cis\u00e9 que l\u2019ambassade am\u00e9ricaine \u00e0 J\u00e9rusalem resterait ferm\u00e9e lundi car les directives des autorit\u00e9s isra\u00e9liennes pour rester pr\u00e8s des abris restaient \u00aben vigueur\u00bb.<\/p>\n<p class=\"fig-body-link\">\n            \u00c0 lire aussi<br \/>\n        <a class=\"fig-body-link__link fig-premium-mark\" href=\"http:\/\/www.lefigaro.fr\/international\/israel-iran-benyamin-netanyahou-espere-redessiner-la-carte-du-moyen-orient-20250615\" data-fig-type=\"Article\" data-gtm-custom-categorie=\"navigation\" data-gtm-custom-action=\"crossclick\" data-gtm-custom-label=\"Contextuel\" data-gtm-event=\"customEventSPE\" data-fig-domain=\"LEFIGARO\" target=\"_blank\" rel=\"noopener\">Isra\u00ebl-Iran\u00a0: Benyamin Netanyahou esp\u00e8re redessiner la carte du Moyen-Orient<br \/>\n    <\/a>\n<\/p>\n<p>\n        08:14\n            <\/p>\n<p class=\"fig-live-post__title\" role=\"heading\" aria-level=\"3\">En Isra\u00ebl, le bilan de la nuit passe \u00e0 5 morts et 92 bless\u00e9s<\/p>\n<p class=\"fig-paragraph\">Les services de secours isra\u00e9liens ont fait \u00e9tat lundi de cinq morts et 92 bless\u00e9s dans un bilan actualis\u00e9 des frappes iraniennes de la nuit.<\/p>\n<p class=\"fig-paragraph\">Ce nouveau bilan porte \u00e0 18 le nombre total de personnes tu\u00e9es en Isra\u00ebl depuis les premiers tirs iraniens de riposte vendredi, selon les secours et la police. En Iran, les\u00a0<a href=\"http:\/\/www.lefigaro.fr\/international\/teheran-en-feu-etat-d-urgence-en-israel-implication-du-mossad-le-recit-de-la-nuit-ou-tsahal-a-declenche-l-operation-rising-lion-contre-l-iran-20250613\" data-fig-type=\"NewsFlash\" data-gtm-custom-categorie=\"navigation\" data-gtm-custom-action=\"crossclick\" data-gtm-custom-label=\"Contextuel\" data-gtm-event=\"customEventSPE\" data-fig-domain=\"LEFIGARO\" target=\"_blank\" rel=\"noopener\">frappes isra\u00e9liennes<\/a>\u00a0ont fait au moins 224 morts et plus d\u2019un millier de bless\u00e9s, a annonc\u00e9 dimanche le minist\u00e8re iranien de la Sant\u00e9.<\/p>\n<p class=\"fig-body-link\">\n            \u00c0 lire aussi<br \/>\n        <a class=\"fig-body-link__link fig-premium-mark\" href=\"http:\/\/www.lefigaro.fr\/international\/le-danger-est-partout-les-frappes-israeliennes-sement-la-stupeur-et-le-chaos-a-teheran-20250615\" target=\"_blank\" data-fig-type=\"Article\" rel=\"noopener\" data-gtm-custom-categorie=\"navigation\" data-gtm-custom-action=\"crossclick\" data-gtm-custom-label=\"Contextuel\" data-gtm-event=\"customEventSPE\" data-fig-domain=\"LEFIGARO\">\u00abLe danger est partout\u00bb: les frappes isra\u00e9liennes s\u00e8ment la stupeur et le chaos \u00e0 T\u00e9h\u00e9ran<br \/>\n    <\/a>\n<\/p>\n<p>\n        08:04\n            <\/p>\n<p class=\"fig-live-post__title\" role=\"heading\" aria-level=\"3\">Au Canada, un G7 \u00e0 l\u2019ombre de la guerre au Moyen-Orient<\/p>\n<p class=\"fig-paragraph\">Le calme des montagnes rocheuses canadiennes sera utile aux dirigeants du G7 qui s\u2019y retrouvent lundi pour un sommet qui s\u2019annonce d\u00e9licat. Au retour fracassant de Donald Trump aux affaires, \u00e0 la course aux\u00a0<a href=\"http:\/\/www.lefigaro.fr\/conjoncture\/dossier\/droits-de-douane-americains-notre-dossier-pour-tout-comprendre\" data-fig-type=\"Topic\" data-gtm-custom-categorie=\"navigation\" data-gtm-custom-action=\"crossclick\" data-gtm-custom-label=\"Contextuel\" data-gtm-event=\"customEventSPE\" data-fig-domain=\"LEFIGARO\" target=\"_blank\" rel=\"noopener\">tarifs douaniers<\/a>\u00a0et au conflit en Ukraine s\u2019ajoute depuis vendredi la guerre ouverte entre Isra\u00ebl et l\u2019Iran.<\/p>\n<p class=\"fig-paragraph\">Officiellement, les priorit\u00e9s du sommet sont rest\u00e9es les m\u00eames, centr\u00e9es sur les politiques \u00e9nerg\u00e9tiques, le probl\u00e8me de la guerre commerciale et de la guerre tout court. Mais\u00a0<a href=\"http:\/\/www.lefigaro.fr\/international\/tsahal-impose-sa-superiorite-militaire-mais-ne-parvient-pas-a-neutraliser-completement-le-programme-nucleaire-iranien-20250613\" target=\"_blank\" data-fig-type=\"Article\" rel=\"noopener\" data-gtm-custom-categorie=\"navigation\" data-gtm-custom-action=\"crossclick\" data-gtm-custom-label=\"Contextuel\" data-gtm-event=\"customEventSPE\" data-fig-domain=\"LEFIGARO\">l\u2019offensive lanc\u00e9e par Tsahal\u00a0<\/a>a tout bouscul\u00e9. La priorit\u00e9 officieuse, elle, n\u2019a pas chang\u00e9. Il s\u2019agit de contr\u00f4ler Donald Trump qui, depuis son retour \u00e0 la Maison-Blanche, s\u2019attaque consciencieusement au libre-\u00e9change, \u00e0 l\u2019ordre \u00e9tabli depuis 1945 et \u00e0 ses alli\u00e9s.<\/p>\n<p class=\"fig-body-cta-link\" data-module=\"fig-cta-link\" data-context=\"was @visible\">\n    <a class=\"fig-body-cta-link__link\" href=\"https:\/\/www.lefigaro.fr\/international\/un-g7-a-l-ombre-de-la-guerre-au-moyen-orient-20250616\" data-js-gtm=\"{&quot;event&quot;:&quot;customEventGA4&quot;,&quot;eventName&quot;:&quot;click_navigation&quot;,&quot;button_action&quot;:&quot;crossclick&quot;,&quot;feature&quot;:&quot;Contextuel_bouton&quot;,&quot;feature_details&quot;:&quot;UN G7 \\u00c0 L&#039;OMBRE DE LA GUERRE ISRA\\u00caL-IRAN&quot;,&quot;link_url&quot;:&quot;https:\\\/\\\/www.lefigaro.fr\\\/international\\\/un-g7-a-l-ombre-de-la-guerre-au-moyen-orient-20250616&quot;}\" target=\"_blank\" rel=\"noopener\"><br \/>\n                UN G7 \u00c0 L&rsquo;OMBRE DE LA GUERRE ISRA\u00caL-IRAN<br \/>\n    <\/a>\n<\/p>\n<p>\n        07:38\n            <\/p>\n<p class=\"fig-live-post__title\" role=\"heading\" aria-level=\"3\">Les habitants de T\u00e9h\u00e9ran \u00abpaieront le prix\u00bb des frappes iraniennes sur des civils, menace le ministre isra\u00e9lien de la D\u00e9fense<\/p>\n<p class=\"fig-paragraph\">Le ministre de la D\u00e9fense isra\u00e9lien,\u00a0<a href=\"http:\/\/www.lefigaro.fr\/vox\/monde\/israel-katz-qui-veut-la-paix-se-doit-de-combattre-le-terrorisme-20241007\" data-fig-type=\"Article\" data-gtm-custom-categorie=\"navigation\" data-gtm-custom-action=\"crossclick\" data-gtm-custom-label=\"Contextuel\" data-gtm-event=\"customEventSPE\" data-fig-domain=\"LEFIGARO\" target=\"_blank\" rel=\"noopener\">Isra\u00ebl Katz<\/a>, a averti lundi que les habitants de T\u00e9h\u00e9ran \u00abpaieront le prix\u00bb des frappes iraniennes sur des civils isra\u00e9liens, dans un message publi\u00e9 sur ses r\u00e9seaux sociaux.<\/p>\n<p>    Le premier ministre isra\u00e9lien Benyamin Netanyahou et le ministre des Affaires \u00e9trang\u00e8res Isra\u00ebl Katz \u00e0 J\u00e9rusalem, le 11 juin 2025.<br \/>\n                Ronen Zvulun \/ REUTERS<\/p>\n<p class=\"fig-paragraph\">\u00abLe dictateur vantard de T\u00e9h\u00e9ran s\u2019est transform\u00e9 en un assassin l\u00e2che qui tire d\u00e9lib\u00e9r\u00e9ment sur les civils en Isra\u00ebl pour dissuader Tsahal (l\u2019arm\u00e9e isra\u00e9lienne, NDLR) de continuer l\u2019offensive qui d\u00e9cime ses capacit\u00e9s [militaires], les habitants de T\u00e9h\u00e9ran en paieront le prix, et bient\u00f4t\u00bb, a-t-il d\u00e9clar\u00e9 apr\u00e8s une nouvelle nuit de frappes iraniennes sur Isra\u00ebl.<\/p>\n<p>\n        07:28\n            <\/p>\n<p class=\"fig-live-post__title\" role=\"heading\" aria-level=\"3\">\u00abIsra\u00ebl cherche \u00e0 frapper les musulmans un par un\u00bb, affirme le pr\u00e9sident iranien<\/p>\n<p class=\"fig-paragraph\">T\u00f4t ce lundi matin, le pr\u00e9sident iranien\u00a0<a href=\"http:\/\/www.lefigaro.fr\/international\/iran-le-reformateur-massoud-pezeshkian-cree-la-surprise-20240707\" data-fig-type=\"Article\" data-gtm-custom-categorie=\"navigation\" data-gtm-custom-action=\"crossclick\" data-gtm-custom-label=\"Contextuel\" data-gtm-event=\"customEventSPE\" data-fig-domain=\"LEFIGARO\" target=\"_blank\" rel=\"noopener\">Masoud Pezeshkian<\/a>\u00a0s\u2019est exprim\u00e9 sur la guerre d\u00e9clench\u00e9e par Isra\u00ebl contre son pays, appelant son peuple \u00e0 l\u2019\u00abunit\u00e9\u00bb pour \u00abr\u00e9sister \u00e0 l\u2019agression sioniste\u00bb. \u00abNous ne cherchons pas la domination, et c\u2019est Isra\u00ebl qui cherche \u00e0 frapper les musulmans un par un et \u00e0 leur imposer ses diktats\u00bb, a-t-il d\u00e9clar\u00e9. \u00abL\u2019entit\u00e9 sioniste ne pourra pas nous vaincre par le meurtre et l\u2019assassinat, et nos forces r\u00e9sisteront face \u00e0 ces l\u00e2ches\u00bb, a-t-il encourag\u00e9.<\/p>\n<p>    Ce lundi matin, le pr\u00e9sident iranien Masoud Pezeshkian s\u2019est exprim\u00e9 sur la guerre d\u00e9clench\u00e9e par Isra\u00ebl contre son pays.<br \/>\n                Iran&rsquo;s Presidential website \/ REUTERS<\/p>\n<p class=\"fig-paragraph\">Le pr\u00e9sident iranien a aussi r\u00e9fut\u00e9 toute vell\u00e9it\u00e9 d\u2019obtenir l\u2019arme nucl\u00e9aire. \u00abNous ne voulons pas poss\u00e9der d\u2019armes nucl\u00e9aires\u00bb, a d\u00e9fendu Masoud Pezeshkian. \u00abCe n\u2019est pas nous qui avons quitt\u00e9 les n\u00e9gociations\u00bb, a-t-il d\u00e9clar\u00e9 en r\u00e9f\u00e9rence aux n\u00e9gociations qui \u00e9taient en cours avec les \u00c9tats-Unis sur le nucl\u00e9aire ces derniers mois. Mais \u00abpersonne n\u2019a le droit de nous priver du droit de b\u00e9n\u00e9ficier de l\u2019\u00e9nergie nucl\u00e9aire et de la recherche qui sert les int\u00e9r\u00eats de notre peuple\u00bb.<\/p>\n<p class=\"fig-body-link\">\n            \u00c0 lire aussi<br \/>\n        <a class=\"fig-body-link__link fig-premium-mark\" href=\"http:\/\/www.lefigaro.fr\/international\/comment-israel-avait-depuis-longtemps-projete-de-neutraliser-le-programme-nucleaire-iranien-20250613\" data-fig-type=\"Article\" data-gtm-custom-categorie=\"navigation\" data-gtm-custom-action=\"crossclick\" data-gtm-custom-label=\"Contextuel\" data-gtm-event=\"customEventSPE\" data-fig-domain=\"LEFIGARO\" target=\"_blank\" rel=\"noopener\">Comment Isra\u00ebl avait depuis longtemps projet\u00e9 de neutraliser le programme nucl\u00e9aire iranien<br \/>\n    <\/a>\n<\/p>\n<p>\n        07:15\n            <\/p>\n<p class=\"fig-live-post__title\" role=\"heading\" aria-level=\"3\">Apr\u00e8s l\u2019\u00e9limination de hauts grad\u00e9s iraniens, l\u2019ayatollah Ali Khamenei sait qu\u2019il n\u2019est plus intouchable<\/p>\n<p class=\"fig-paragraph\">Ali Khamenei a entendu\u00a0<a href=\"http:\/\/www.lefigaro.fr\/international\/benyamin-netanyahou-dejoue-une-manoeuvre-de-l-opposition-et-sauve-sa-coalition-20250612\" target=\"_blank\" data-fig-type=\"Article\" rel=\"noopener\" data-gtm-custom-categorie=\"navigation\" data-gtm-custom-action=\"crossclick\" data-gtm-custom-label=\"Contextuel\" data-gtm-event=\"customEventSPE\" data-fig-domain=\"LEFIGARO\">Benyamin Netanyahou<\/a>\u00a0appeler les Iraniens \u00e0 se soulever. Beaucoup aimeraient le faire, mais ils redoutent la r\u00e9pression. Ces derniers jours, les plus fortun\u00e9s ont quitt\u00e9 T\u00e9h\u00e9ran, vis\u00e9e \u00e0 maintes reprises, pour la campagne ou la mer Caspienne. Les autres sont rest\u00e9s, craignant les frappes et leurs d\u00e9g\u00e2ts collat\u00e9raux, voire une bavure.\u00a0\u00abS\u2019il y a des dizaines de morts civils dans un bombardement isra\u00e9lien, les Iraniens, m\u00eame s\u2019ils n\u2019aiment pas leur r\u00e9gime, refuseront la domination de Netanyahou\u00bb, estime, aupr\u00e8s du Figaro, un chercheur qui tient \u00e0 rester anonyme.<\/p>\n<p class=\"fig-body-cta-link\" data-module=\"fig-cta-link\" data-context=\"was @visible\">\n    <a class=\"fig-body-cta-link__link\" href=\"https:\/\/www.lefigaro.fr\/international\/apres-l-elimination-de-hauts-grades-iraniens-l-ayatollah-ali-khamenei-sait-qu-il-n-est-plus-intouchable-20250615\" data-js-gtm=\"{&quot;event&quot;:&quot;customEventGA4&quot;,&quot;eventName&quot;:&quot;click_navigation&quot;,&quot;button_action&quot;:&quot;crossclick&quot;,&quot;feature&quot;:&quot;Contextuel_bouton&quot;,&quot;feature_details&quot;:&quot;ALI KHAMENEI N\\u2019EST PLUS INTOUCHABLE&quot;,&quot;link_url&quot;:&quot;https:\\\/\\\/www.lefigaro.fr\\\/international\\\/apres-l-elimination-de-hauts-grades-iraniens-l-ayatollah-ali-khamenei-sait-qu-il-n-est-plus-intouchable-20250615&quot;}\" target=\"_blank\" rel=\"noopener\"><br \/>\n                ALI KHAMENEI N\u2019EST PLUS INTOUCHABLE<br \/>\n    <\/a>\n<\/p>\n<p>\n        07:12\n            <\/p>\n<p class=\"fig-live-post__title\" role=\"heading\" aria-level=\"3\">L\u2019Iran ex\u00e9cute un homme accus\u00e9 d\u2019espionnage pour Isra\u00ebl en 2023<\/p>\n<p class=\"fig-paragraph\">L\u2019agence de presse iranienne Fars News, relay\u00e9e par l\u2019agence de presse am\u00e9ricaine Reuters, annonce que l\u2019Iran a pendu un agent du\u00a0<a href=\"http:\/\/www.lefigaro.fr\/international\/assassinats-kidnappings-cyberattaques-la-guerre-de-l-ombre-du-mossad-sur-le-sol-iranien-20241009\" data-fig-type=\"Article\" data-gtm-custom-categorie=\"navigation\" data-gtm-custom-action=\"crossclick\" data-gtm-custom-label=\"Contextuel\" data-gtm-event=\"customEventSPE\" data-fig-domain=\"LEFIGARO\" target=\"_blank\" rel=\"noopener\">Mossad<\/a>\u00a0isra\u00e9lien arr\u00eat\u00e9 en 2023.<\/p>\n<p class=\"fig-paragraph\">\u00abEsmaeil Fekri, un agent du Mossad reconnu coupable des crimes capitaux de \u201ccorruption sur terre\u201d et de \u201cmoharebeh\u201d (guerre contre Dieu, NDLR) a \u00e9t\u00e9 pendu \u00e0 l\u2019issue de la proc\u00e9dure judiciaire\u00bb, a \u00e9galement indiqu\u00e9 le site d\u2019information Mizan Online, li\u00e9 au pouvoir judiciaire.<\/p>\n<p>\n        06:53\n            <\/p>\n<p class=\"fig-live-post__title\" role=\"heading\" aria-level=\"3\">Isra\u00ebl dit avoir frapp\u00e9 des centres de commandement des gardiens de la r\u00e9volution \u00e0 T\u00e9h\u00e9ran<\/p>\n<p class=\"fig-paragraph\">L\u2019arm\u00e9e isra\u00e9lienne a affirm\u00e9 lundi avoir frapp\u00e9 \u00e0\u00a0<a href=\"http:\/\/www.lefigaro.fr\/international\/le-ministre-israelien-de-la-defense-met-en-garde-l-iran-teheran-brulera-si-les-tirs-de-missiles-se-poursuivent-20250614\" target=\"_blank\" data-fig-type=\"NewsFlash\" rel=\"noopener\" data-gtm-custom-categorie=\"navigation\" data-gtm-custom-action=\"crossclick\" data-gtm-custom-label=\"Contextuel\" data-gtm-event=\"customEventSPE\" data-fig-domain=\"LEFIGARO\">T\u00e9h\u00e9ran<\/a>\u00a0des centres de commandement de la Force Qods, l\u2019unit\u00e9 d\u2019\u00e9lite charg\u00e9e des op\u00e9rations ext\u00e9rieures des gardiens de la r\u00e9volution iranienne.<\/p>\n<p class=\"fig-paragraph\">L\u2019aviation \u00aba frapp\u00e9 des centres de commandement appartenant \u00e0 la Force Qods [du corps des gardiens de la r\u00e9volution islamique] gr\u00e2ce aux informations pr\u00e9cises du service de renseignement\u00bb de l\u2019arm\u00e9e isra\u00e9lienne, a indiqu\u00e9 l\u2019arm\u00e9e dans un communiqu\u00e9, pr\u00e9cisant que les cibles \u00e9taient localis\u00e9es \u00e0 T\u00e9h\u00e9ran.<\/p>\n<p class=\"fig-body-link\">\n            \u00c0 lire aussi<br \/>\n        <a class=\"fig-body-link__link fig-premium-mark\" href=\"http:\/\/www.lefigaro.fr\/international\/le-danger-est-partout-les-frappes-israeliennes-sement-la-stupeur-et-le-chaos-a-teheran-20250615\" target=\"_blank\" data-fig-type=\"Article\" rel=\"noopener\" data-gtm-custom-categorie=\"navigation\" data-gtm-custom-action=\"crossclick\" data-gtm-custom-label=\"Contextuel\" data-gtm-event=\"customEventSPE\" data-fig-domain=\"LEFIGARO\">\u00abLe danger est partout\u00bb: les frappes isra\u00e9liennes s\u00e8ment la stupeur et le chaos \u00e0 T\u00e9h\u00e9ran<br \/>\n    <\/a>\n<\/p>\n<p>\n        06:50\n            <\/p>\n<p class=\"fig-live-post__title\" role=\"heading\" aria-level=\"3\">Un nouveau bilan fait \u00e9tat de 4 morts et 87 bless\u00e9s en Isra\u00ebl cette nuit<\/p>\n<p class=\"fig-paragraph\">Les secours isra\u00e9liens annoncent qu\u2019un quatri\u00e8me corps sans vie a \u00e9t\u00e9 d\u00e9couvert ce matin. Le bilan de la nuit passe donc \u00e0 4 morts et 87 bless\u00e9s.<\/p>\n<p class=\"fig-paragraph\">Le bilan total de la\u00a0<a href=\"http:\/\/www.lefigaro.fr\/international\/salves-de-missiles-balistiques-la-ville-sainte-de-jerusalem-ciblee-l-iran-declare-la-guerre-a-israel-20250613\" data-fig-type=\"Article\" data-gtm-custom-categorie=\"navigation\" data-gtm-custom-action=\"crossclick\" data-gtm-custom-label=\"Contextuel\" data-gtm-event=\"customEventSPE\" data-fig-domain=\"LEFIGARO\" target=\"_blank\" rel=\"noopener\">riposte iranienne<\/a>\u00a0depuis vendredi est donc de 17 morts et de 467 bless\u00e9s. En Iran, les frappes isra\u00e9liennes ont fait au moins 224 morts depuis vendredi et plus d\u2019un millier de bless\u00e9s, a annonc\u00e9 dimanche le minist\u00e8re de la Sant\u00e9.<\/p>\n<p>\n        06:46\n            <\/p>\n<p class=\"fig-live-post__title\" role=\"heading\" aria-level=\"3\">L\u2019ambassade am\u00e9ricaine \u00e0 J\u00e9rusalem restera ferm\u00e9e ce lundi<\/p>\n<p class=\"fig-paragraph\">Sur X, l\u2019ambassadeur am\u00e9ricain en Isra\u00ebl Mike Huckabee annonce que l\u2019ambassade restera ferm\u00e9e ce lundi \u00e0 J\u00e9rusalem. Il indique \u00e9galement que des \u00abd\u00e9g\u00e2ts mineurs\u00bb ont \u00e9t\u00e9 constat\u00e9s \u00e0 proximit\u00e9 de l\u2019antenne de l\u2019ambassade \u00e0\u00a0<a href=\"http:\/\/www.lefigaro.fr\/international\/d-abord-j-ai-cru-que-le-missile-etait-tombe-sur-nous-le-reportage-de-l-envoye-special-du-figaro-dans-la-banlieue-de-tel-aviv-20250614\" data-fig-type=\"Article\" data-gtm-custom-categorie=\"navigation\" data-gtm-custom-action=\"crossclick\" data-gtm-custom-label=\"Contextuel\" data-gtm-event=\"customEventSPE\" data-fig-domain=\"LEFIGARO\" target=\"_blank\" rel=\"noopener\">Tel-Aviv<\/a>\u00a0apr\u00e8s les tirs de missiles iraniens. \u00abAucun membre du personnel am\u00e9ricain n\u2019a \u00e9t\u00e9 bless\u00e9\u00bb, pr\u00e9cise Mike Huckabee.<\/p>\n<p>\n        06:37\n            <\/p>\n<p class=\"fig-live-post__title\" role=\"heading\" aria-level=\"3\">Von der Leyen affirme avoir dit \u00e0 Netanyahou qu\u2019une solution \u00abn\u00e9goci\u00e9e\u00bb avec l\u2019Iran est meilleure \u00ab\u00e0 long terme\u00bb<\/p>\n<p class=\"fig-paragraph\">La pr\u00e9sidente de la Commission europ\u00e9enne,\u00a0<a href=\"http:\/\/www.lefigaro.fr\/international\/defense-europeenne-le-plan-a-800-milliards-en-trompe-l-oeil-d-ursula-von-der-leyen-20250304\" data-fig-type=\"Article\" data-gtm-custom-categorie=\"navigation\" data-gtm-custom-action=\"crossclick\" data-gtm-custom-label=\"Contextuel\" data-gtm-event=\"customEventSPE\" data-fig-domain=\"LEFIGARO\" target=\"_blank\" rel=\"noopener\">Ursula von der Leyen<\/a>, a affirm\u00e9 avoir dit au premier ministre isra\u00e9lien Benyamin Netanyahou, lors d\u2019un appel t\u00e9l\u00e9phonique dimanche, que la diplomatie \u00e9tait la meilleure solution \u00ab\u00e0 long terme\u00bb avec l\u2019Iran.<\/p>\n<p class=\"fig-paragraph\">Mme von der Leyen n\u2019a toutefois pas appel\u00e9 \u00e0 un cessez-le-feu imm\u00e9diat pr\u00e9cisant que \u00abl\u2019Iran ne devrait \u00e9videmment pas avoir d\u2019<a href=\"http:\/\/www.lefigaro.fr\/international\/comment-israel-avait-depuis-longtemps-projete-de-neutraliser-le-programme-nucleaire-iranien-20250613\" target=\"_blank\" data-fig-type=\"Article\" rel=\"noopener\" data-gtm-custom-categorie=\"navigation\" data-gtm-custom-action=\"crossclick\" data-gtm-custom-label=\"Contextuel\" data-gtm-event=\"customEventSPE\" data-fig-domain=\"LEFIGARO\">arme nucl\u00e9aire<\/a>\u00bb. Mais \u00abbien s\u00fbr, je pense qu\u2019une solution n\u00e9goci\u00e9e est, \u00e0 long terme, la meilleure solution\u00bb, a-t-elle ajout\u00e9.<\/p>\n<p>\n        06:14\n            <\/p>\n<p class=\"fig-live-post__title\" role=\"heading\" aria-level=\"3\">L\u2019Iran promet des frappes \u00abplus d\u00e9vastatrices contre les cibles vitales\u00bb d\u2019Isra\u00ebl<\/p>\n<p class=\"fig-paragraph\">\u00abUne nouvelle vague d\u2019attaques des gardiens de la r\u00e9volution [&#8230;] a permis \u00e0 des missiles d\u2019atteindre avec succ\u00e8s et efficacit\u00e9 les cibles\u00bb en Isra\u00ebl, a affirm\u00e9 dans un communiqu\u00e9 l\u2019arm\u00e9e id\u00e9ologique du r\u00e9gime iranien, promettant la poursuite d\u2019\u00abop\u00e9rations efficaces, cibl\u00e9es et plus d\u00e9vastatrices contre les cibles vitales\u00bb.<\/p>\n<p class=\"fig-body-link\">\n            \u00c0 lire aussi<br \/>\n        <a class=\"fig-body-link__link fig-premium-mark\" href=\"http:\/\/www.lefigaro.fr\/international\/apres-l-elimination-de-hauts-grades-iraniens-l-ayatollah-ali-khamenei-sait-qu-il-n-est-plus-intouchable-20250615\" data-fig-type=\"Article\" data-gtm-custom-categorie=\"navigation\" data-gtm-custom-action=\"crossclick\" data-gtm-custom-label=\"Contextuel\" data-gtm-event=\"customEventSPE\" data-fig-domain=\"LEFIGARO\" target=\"_blank\" rel=\"noopener\">Apr\u00e8s l\u2019\u00e9limination de hauts grad\u00e9s iraniens, l\u2019ayatollah Ali Khamenei sait qu\u2019il n\u2019est plus intouchable<br \/>\n    <\/a>\n<\/p>\n<p>\n        06:04\n            <\/p>\n<p class=\"fig-live-post__title\" role=\"heading\" aria-level=\"3\">L\u2019Iran affirme avoir frapp\u00e9 \u00abavec succ\u00e8s\u00bb Isra\u00ebl, au moins 3 morts<\/p>\n<p class=\"fig-paragraph\">L\u2019Iran a tir\u00e9 lundi de nouveaux missiles sur plusieurs grandes villes d\u2019Isra\u00ebl, faisant au moins trois morts selon les secours, en r\u00e9ponse \u00e0 des\u00a0<a href=\"http:\/\/www.lefigaro.fr\/international\/teheran-en-feu-etat-d-urgence-en-israel-implication-du-mossad-le-recit-de-la-nuit-ou-tsahal-a-declenche-l-operation-rising-lion-contre-l-iran-20250613\" data-fig-type=\"NewsFlash\" data-gtm-custom-categorie=\"navigation\" data-gtm-custom-action=\"crossclick\" data-gtm-custom-label=\"Contextuel\" data-gtm-event=\"customEventSPE\" data-fig-domain=\"LEFIGARO\" target=\"_blank\" rel=\"noopener\">frappes isra\u00e9liennes qui ont atteint le territoire iranien<\/a>\u00a0pour la quatri\u00e8me nuit cons\u00e9cutive. La r\u00e9publique islamique affirme avoir frapp\u00e9 \u00abavec succ\u00e8s\u00bb l\u2019\u00c9tat h\u00e9breu.<\/p>\n<p class=\"fig-paragraph\">Des explosions ont \u00e9t\u00e9 entendues dans plusieurs villes du pays, notamment \u00e0 Ha\u00effa, J\u00e9rusalem et Tel-Aviv.<\/p>\n<p class=\"fig-body-link\">\n            \u00c0 lire aussi<br \/>\n        <a class=\"fig-body-link__link fig-premium-mark\" href=\"http:\/\/www.lefigaro.fr\/international\/d-abord-j-ai-cru-que-le-missile-etait-tombe-sur-nous-le-reportage-de-l-envoye-special-du-figaro-dans-la-banlieue-de-tel-aviv-20250614\" target=\"_blank\" data-fig-type=\"Article\" rel=\"noopener\" data-gtm-custom-categorie=\"navigation\" data-gtm-custom-action=\"crossclick\" data-gtm-custom-label=\"Contextuel\" data-gtm-event=\"customEventSPE\" data-fig-domain=\"LEFIGARO\">\u00ab\u00a0D\u2019abord j\u2019ai cru que le missile \u00e9tait tomb\u00e9 sur nous\u00a0\u00bb\u00a0: le reportage de l\u2019envoy\u00e9 sp\u00e9cial du Figaro dans la banlieue de Tel-Aviv<br \/>\n    <\/a>\n<\/p>\n<p>    De la fum\u00e9e apr\u00e8s des frappes iraniennes sur la ville d\u2019Ha\u00effa, en Isra\u00ebl.<br \/>\n                AHMAD GHARABLI \/ AFP<\/p>\n<p>\n        06:02\n            <\/p>\n<p class=\"fig-live-post__title\" role=\"heading\" aria-level=\"3\">De nouvelles frappes isra\u00e9liennes sur l\u2019Iran cette nuit<\/p>\n<p class=\"fig-paragraph\">Isra\u00ebl\u00a0<a href=\"http:\/\/www.lefigaro.fr\/international\/israel-iran-nombre-de-morts-menaces-missiles-le-point-sur-l-escalade-militaire-entre-teheran-et-l-etat-hebreu-20250615\" target=\"_blank\" data-fig-type=\"NewsFlash\" rel=\"noopener\" data-gtm-custom-categorie=\"navigation\" data-gtm-custom-action=\"crossclick\" data-gtm-custom-label=\"Contextuel\" data-gtm-event=\"customEventSPE\" data-fig-domain=\"LEFIGARO\">continue lundi ses frappes \u00e0 travers l\u2019Iran pour la quatri\u00e8me nuit cons\u00e9cutive<\/a>, disant viser des sites de missiles sol-sol apr\u00e8s avoir bombard\u00e9 la capitale, la ville sainte de Machhad \u00e0 l\u2019extr\u00e9mit\u00e9 nord-est du pays ainsi que des installations militaires dans l\u2019ouest, T\u00e9h\u00e9ran ripostant par de nouveaux tirs de missiles.<\/p>\n<p class=\"fig-paragraph\">En Iran, les frappes isra\u00e9liennes ont fait au moins 224 morts depuis vendredi et plus d\u2019un millier de bless\u00e9s, a annonc\u00e9 dimanche le minist\u00e8re de la Sant\u00e9.<\/p>\n<p class=\"fig-paragraph\">C\u00f4t\u00e9 isra\u00e9lien, le bilan des ripostes iraniennes depuis vendredi est de 13 morts et 380 bless\u00e9s, selon la police et les secours.<\/p>\n<p>\n        06:02\n            <\/p>\n<p class=\"fig-live-post__title\" role=\"heading\" aria-level=\"3\">Bonjour \u00e0 tous<\/p>\n<p class=\"fig-paragraph\">Bienvenue sur ce direct consacr\u00e9 au suivi du\u00a0<a href=\"http:\/\/www.lefigaro.fr\/international\/dossier\/frappes-d-israel-sur-l-iran-notre-dossier-pour-tout-comprendre\" data-fig-type=\"Topic\" data-gtm-custom-categorie=\"navigation\" data-gtm-custom-action=\"crossclick\" data-gtm-custom-label=\"Contextuel\" data-gtm-event=\"customEventSPE\" data-fig-domain=\"LEFIGARO\" target=\"_blank\" rel=\"noopener\">conflit entre Isra\u00ebl et l\u2019Iran<\/a>.<\/p>\n<p>                Les publications appara\u00eetront ici<\/p>\n<p>        Fermer<\/p>\n","protected":false},"excerpt":{"rendered":"05:35 Le G7 veut une \u00abd\u00e9sescalade\u00bb r\u00e9gionale, y compris \u00e0 Gaza Dans sa d\u00e9claration ommune, le G7, r\u00e9unit&hellip;\n","protected":false},"author":2,"featured_media":182396,"comment_status":"","ping_status":"","sticky":false,"template":"","format":"standard","meta":{"footnotes":""},"categories":[2],"tags":[259,11,260,1011,27,1146,14,3019,664,261,12,262],"class_list":{"0":"post-182395","1":"post","2":"type-post","3":"status-publish","4":"format-standard","5":"has-post-thumbnail","7":"category-actualites","8":"tag-actualite-internationale","9":"tag-actualites","10":"tag-affaires-etrangeres","11":"tag-fr","12":"tag-france","13":"tag-guerre","14":"tag-international","15":"tag-iran","16":"tag-israel","17":"tag-ministere-des-affaires-etrangeres","18":"tag-news","19":"tag-politique-etrangere"},"share_on_mastodon":{"url":"https:\/\/pubeurope.com\/@fr\/114696616885121446","error":""},"_links":{"self":[{"href":"https:\/\/www.europesays.com\/fr\/wp-json\/wp\/v2\/posts\/182395","targetHints":{"allow":["GET"]}}],"collection":[{"href":"https:\/\/www.europesays.com\/fr\/wp-json\/wp\/v2\/posts"}],"about":[{"href":"https:\/\/www.europesays.com\/fr\/wp-json\/wp\/v2\/types\/post"}],"author":[{"embeddable":true,"href":"https:\/\/www.europesays.com\/fr\/wp-json\/wp\/v2\/users\/2"}],"replies":[{"embeddable":true,"href":"https:\/\/www.europesays.com\/fr\/wp-json\/wp\/v2\/comments?post=182395"}],"version-history":[{"count":0,"href":"https:\/\/www.europesays.com\/fr\/wp-json\/wp\/v2\/posts\/182395\/revisions"}],"wp:featuredmedia":[{"embeddable":true,"href":"https:\/\/www.europesays.com\/fr\/wp-json\/wp\/v2\/media\/182396"}],"wp:attachment":[{"href":"https:\/\/www.europesays.com\/fr\/wp-json\/wp\/v2\/media?parent=182395"}],"wp:term":[{"taxonomy":"category","embeddable":true,"href":"https:\/\/www.europesays.com\/fr\/wp-json\/wp\/v2\/categories?post=182395"},{"taxonomy":"post_tag","embeddable":true,"href":"https:\/\/www.europesays.com\/fr\/wp-json\/wp\/v2\/tags?post=182395"}],"curies":[{"name":"wp","href":"https:\/\/api.w.org\/{rel}","templated":true}]}}