{"id":182401,"date":"2025-06-17T03:39:12","date_gmt":"2025-06-17T03:39:12","guid":{"rendered":"https:\/\/www.europesays.com\/fr\/182401\/"},"modified":"2025-06-17T03:39:12","modified_gmt":"2025-06-17T03:39:12","slug":"nancy-menil-saint-michel-du-chateau-damboise-a-celui-de-fleville","status":"publish","type":"post","link":"https:\/\/www.europesays.com\/fr\/182401\/","title":{"rendered":"Nancy. Menil Saint-Michel, du ch\u00e2teau d\u2019Amboise \u00e0 celui de Fl\u00e9ville"},"content":{"rendered":"<p>L\u2019art \u00e9quid\u00e9, combin\u00e9 \u00e0 la pyrotechnie, au mapping ou encore \u00e0 la foule d\u2019acteurs, n\u2019a rien d\u2019un exercice ais\u00e9. La troupe Menil-Saint-Michel s\u2019y est sp\u00e9cialis\u00e9e.<\/p>\n<p>Entre Flavigny-sur-Moselle et Benney, \u00e0 une grosse dizaine de kilom\u00e8tre de Nancy, cette \u00e9curie s\u2019\u00e9tale sur 60\u00a0ha, compte sa salle de spectacle de 400 places et 2\u00a0000 m2. Le spectacle \u00e9quid\u00e9 est ici une marque de fabrique, une exception r\u00e9gionale qui s\u2019est notamment export\u00e9e au ch\u00e2teau d\u2019Amboise ou a \u00e9t\u00e9 d\u00e9cor\u00e9, encore avec le groupe de Damien Fontaine, du Troph\u00e9e lors de la f\u00eate des Lumi\u00e8res \u00e0 Lyon\u00a0: \u00ab\u00a0C\u2019\u00e9tait une\u00a0premi\u00e8re pour ce festival\u00a0: on avait illumin\u00e9 un cheval avec de la fibre\u00a0\u00bb, se souvient Bruno, responsable communication de <a href=\"https:\/\/www.estrepublicain.fr\/culture-loisirs\/2025\/04\/29\/la-troupe-du-menil-saint-michel-s-empare-de-l-histoire-de-la-guerre-de-troie\" target=\"_blank\" rel=\"noopener\">la&#8230;<\/a><\/p>\n","protected":false},"excerpt":{"rendered":"L\u2019art \u00e9quid\u00e9, combin\u00e9 \u00e0 la pyrotechnie, au mapping ou encore \u00e0 la foule d\u2019acteurs, n\u2019a rien d\u2019un exercice&hellip;\n","protected":false},"author":2,"featured_media":182402,"comment_status":"","ping_status":"","sticky":false,"template":"","format":"standard","meta":{"footnotes":""},"categories":[9635],"tags":[1111,11,1687,1704,1777,674,1011,27,775,1702,1703,12,25,3140],"class_list":{"0":"post-182401","1":"post","2":"type-post","3":"status-publish","4":"format-standard","5":"has-post-thumbnail","7":"category-nancy","8":"tag-actu","9":"tag-actualites","10":"tag-culture-loisirs","11":"tag-edition-nancy-et-agglomeration","12":"tag-eu","13":"tag-europe","14":"tag-fr","15":"tag-france","16":"tag-grand-est","17":"tag-nancy","18":"tag-nancy-ville-54b","19":"tag-news","20":"tag-republique-francaise","21":"tag-spectacle"},"share_on_mastodon":{"url":"https:\/\/pubeurope.com\/@fr\/114696628679737304","error":""},"_links":{"self":[{"href":"https:\/\/www.europesays.com\/fr\/wp-json\/wp\/v2\/posts\/182401","targetHints":{"allow":["GET"]}}],"collection":[{"href":"https:\/\/www.europesays.com\/fr\/wp-json\/wp\/v2\/posts"}],"about":[{"href":"https:\/\/www.europesays.com\/fr\/wp-json\/wp\/v2\/types\/post"}],"author":[{"embeddable":true,"href":"https:\/\/www.europesays.com\/fr\/wp-json\/wp\/v2\/users\/2"}],"replies":[{"embeddable":true,"href":"https:\/\/www.europesays.com\/fr\/wp-json\/wp\/v2\/comments?post=182401"}],"version-history":[{"count":0,"href":"https:\/\/www.europesays.com\/fr\/wp-json\/wp\/v2\/posts\/182401\/revisions"}],"wp:featuredmedia":[{"embeddable":true,"href":"https:\/\/www.europesays.com\/fr\/wp-json\/wp\/v2\/media\/182402"}],"wp:attachment":[{"href":"https:\/\/www.europesays.com\/fr\/wp-json\/wp\/v2\/media?parent=182401"}],"wp:term":[{"taxonomy":"category","embeddable":true,"href":"https:\/\/www.europesays.com\/fr\/wp-json\/wp\/v2\/categories?post=182401"},{"taxonomy":"post_tag","embeddable":true,"href":"https:\/\/www.europesays.com\/fr\/wp-json\/wp\/v2\/tags?post=182401"}],"curies":[{"name":"wp","href":"https:\/\/api.w.org\/{rel}","templated":true}]}}