{"id":182403,"date":"2025-06-17T03:40:29","date_gmt":"2025-06-17T03:40:29","guid":{"rendered":"https:\/\/www.europesays.com\/fr\/182403\/"},"modified":"2025-06-17T03:40:29","modified_gmt":"2025-06-17T03:40:29","slug":"pas-de-finale-pour-les-nanceiens","status":"publish","type":"post","link":"https:\/\/www.europesays.com\/fr\/182403\/","title":{"rendered":"pas de finale pour les Nanc\u00e9iens"},"content":{"rendered":"<p>Lors de la troisi\u00e8me journ\u00e9e des championnats de France \u00e9lite de Montpellier, trois nageurs de l\u2019ASPTT Nancy sont mont\u00e9s sur les plots, ce lundi. Aucun n&rsquo;a pass\u00e9 le cap des s\u00e9ries du matin. Mais Titouan Bernot a battu son record personnel sur 100 m nage libre (40e en 51\u2019\u201906) et Clara Thibult a fait de m\u00eame sur 50 m dos, en restant sur le pas de la porte de la finale C (29e 30\u2019\u201952). Enfin, Margot Freund a elle aussi nag\u00e9 les s\u00e9ries du 50 m dos et a boucl\u00e9 la distance en 30\u2019\u201998 (39e).<\/p>\n","protected":false},"excerpt":{"rendered":"Lors de la troisi\u00e8me journ\u00e9e des championnats de France \u00e9lite de Montpellier, trois nageurs de l\u2019ASPTT Nancy sont&hellip;\n","protected":false},"author":2,"featured_media":182404,"comment_status":"","ping_status":"","sticky":false,"template":"","format":"standard","meta":{"footnotes":""},"categories":[9635],"tags":[1111,11,1704,1777,674,1011,27,775,1702,1703,5216,12,25,517,1700],"class_list":{"0":"post-182403","1":"post","2":"type-post","3":"status-publish","4":"format-standard","5":"has-post-thumbnail","7":"category-nancy","8":"tag-actu","9":"tag-actualites","10":"tag-edition-nancy-et-agglomeration","11":"tag-eu","12":"tag-europe","13":"tag-fr","14":"tag-france","15":"tag-grand-est","16":"tag-nancy","17":"tag-nancy-ville-54b","18":"tag-natation","19":"tag-news","20":"tag-republique-francaise","21":"tag-sport","22":"tag-sport-lorrain"},"share_on_mastodon":{"url":"https:\/\/pubeurope.com\/@fr\/114696632651702208","error":""},"_links":{"self":[{"href":"https:\/\/www.europesays.com\/fr\/wp-json\/wp\/v2\/posts\/182403","targetHints":{"allow":["GET"]}}],"collection":[{"href":"https:\/\/www.europesays.com\/fr\/wp-json\/wp\/v2\/posts"}],"about":[{"href":"https:\/\/www.europesays.com\/fr\/wp-json\/wp\/v2\/types\/post"}],"author":[{"embeddable":true,"href":"https:\/\/www.europesays.com\/fr\/wp-json\/wp\/v2\/users\/2"}],"replies":[{"embeddable":true,"href":"https:\/\/www.europesays.com\/fr\/wp-json\/wp\/v2\/comments?post=182403"}],"version-history":[{"count":0,"href":"https:\/\/www.europesays.com\/fr\/wp-json\/wp\/v2\/posts\/182403\/revisions"}],"wp:featuredmedia":[{"embeddable":true,"href":"https:\/\/www.europesays.com\/fr\/wp-json\/wp\/v2\/media\/182404"}],"wp:attachment":[{"href":"https:\/\/www.europesays.com\/fr\/wp-json\/wp\/v2\/media?parent=182403"}],"wp:term":[{"taxonomy":"category","embeddable":true,"href":"https:\/\/www.europesays.com\/fr\/wp-json\/wp\/v2\/categories?post=182403"},{"taxonomy":"post_tag","embeddable":true,"href":"https:\/\/www.europesays.com\/fr\/wp-json\/wp\/v2\/tags?post=182403"}],"curies":[{"name":"wp","href":"https:\/\/api.w.org\/{rel}","templated":true}]}}