{"id":182420,"date":"2025-06-17T03:53:18","date_gmt":"2025-06-17T03:53:18","guid":{"rendered":"https:\/\/www.europesays.com\/fr\/182420\/"},"modified":"2025-06-17T03:53:18","modified_gmt":"2025-06-17T03:53:18","slug":"gregory-thil-succede-a-loic-desire-au-recrutement","status":"publish","type":"post","link":"https:\/\/www.europesays.com\/fr\/182420\/","title":{"rendered":"Gr\u00e9gory Thil succ\u00e8de \u00e0 Lo\u00efc D\u00e9sir\u00e9 au recrutement"},"content":{"rendered":"<p>Apr\u00e8s plus de dix ans de bons et loyaux services \u00e0 la t\u00eate du recrutement strasbourgeois,<a href=\"https:\/\/www.dna.fr\/sport\/2025\/05\/14\/loic-desire-cette-aventure-je-ne-la-revivrai-pas-ailleurs\" target=\"_blank\" rel=\"noopener\"> Lo\u00efc D\u00e9sir\u00e9 a regagn\u00e9 sa Bretagne de c\u0153ur <\/a>pour \u00eatre promu directeur sportif du Stade Rennais.<\/p>\n<p>Le poste \u00e9tait donc \u00e0 pourvoir en cette intersaison. Au premier jour de la (r\u00e9)ouverture du mercato d\u2019\u00e9t\u00e9 \u2013 qui court jusqu\u2019au 1er septembre \u2013, le Racing a officialis\u00e9 le nom de son successeur.<\/p>\n<p>Ex-l\u00e9gende de Boulogne, puis recruteur \u00e0 Lens<\/p>\n<p>Il s\u2019agit de l\u2019ex-attaquant Gr\u00e9gory Thil (45 ans). Le natif de Creil, dans l\u2019Oise, a fait l\u2019essentiel de sa carri\u00e8re \u00e0 Boulogne-sur-Mer (330 matches, 138 buts) avant de devenir recruteur du RC Lens \u00e0 l\u2019\u00e9t\u00e9 2020.<\/p>\n<p>Plac\u00e9 sous les ordres du directeur g\u00e9n\u00e9ral Arnaud Pouille (aujourd\u2019hui \u00e0 Rennes), du directeur technique Florent Ghisolfi (aujourd\u2019hui \u00e0 l\u2019AS Rome) et avec Franck Haise comme coach (aujourd\u2019hui \u00e0 Nice), Thil est nomm\u00e9 responsable du recrutement au d\u00e9but de la saison 2022-2023, puis h\u00e9rite du poste de Ghisolfi quand celui-ci part \u00e0 Nice.<\/p>\n<p>Thomasson chez les Sang et Or<\/p>\n<p>Il contribue notamment \u00e0 attirer chez les Sang et Or le milieu strasbourgeois Adrien Thomasson en janvier 2023 et signe un gros coup avec le d\u00e9fenseur central ouzbek Abdukodir Khusanov, achet\u00e9 pour une bouch\u00e9e de pain \u00e0 l\u2019\u00e9t\u00e9 2023 et revendu pour 40 millions d\u2019euros \u00e0 Manchester City en janvier dernier.<\/p>\n<p>Apr\u00e8s avoir fini \u00e0 la place de dauphin du Paris Saint-Germain et v\u00e9cu les ors de la Ligue des champions en 2023-2024, l\u2019heure n\u2019est plus \u00e0 la f\u00eate et le club art\u00e9sien engage une restructuration qui le laisse sur la touche.<\/p>\n<p>Gr\u00e9gory Thil est donc \u00e0 Strasbourg pour organiser la campagne de recrutement \u00e0 l\u2019or\u00e9e de la nouvelle saison, celle qui doit permettre au Racing alsacien de retrouver la Coupe d\u2019Europe \u2013 barrages de la C4 mi-ao\u00fbt \u2013 et de s\u2019installer durablement dans le haut du tableau de Ligue 1.<\/p>\n","protected":false},"excerpt":{"rendered":"Apr\u00e8s plus de dix ans de bons et loyaux services \u00e0 la t\u00eate du recrutement strasbourgeois, Lo\u00efc D\u00e9sir\u00e9&hellip;\n","protected":false},"author":2,"featured_media":182421,"comment_status":"","ping_status":"","sticky":false,"template":"","format":"standard","meta":{"footnotes":""},"categories":[2820],"tags":[328,1111,11,2389,2649,1777,674,107,63,1011,27,775,12,9371,25,517,640],"class_list":{"0":"post-182420","1":"post","2":"type-post","3":"status-publish","4":"format-standard","5":"has-post-thumbnail","7":"category-strasbourg","8":"tag-a-la-une","9":"tag-actu","10":"tag-actualites","11":"tag-alsace","12":"tag-bas-rhin","13":"tag-eu","14":"tag-europe","15":"tag-fil-info","16":"tag-football","17":"tag-fr","18":"tag-france","19":"tag-grand-est","20":"tag-news","21":"tag-rcsa-racing-club-strasbourg","22":"tag-republique-francaise","23":"tag-sport","24":"tag-strasbourg"},"share_on_mastodon":{"url":"https:\/\/pubeurope.com\/@fr\/114696683725150624","error":""},"_links":{"self":[{"href":"https:\/\/www.europesays.com\/fr\/wp-json\/wp\/v2\/posts\/182420","targetHints":{"allow":["GET"]}}],"collection":[{"href":"https:\/\/www.europesays.com\/fr\/wp-json\/wp\/v2\/posts"}],"about":[{"href":"https:\/\/www.europesays.com\/fr\/wp-json\/wp\/v2\/types\/post"}],"author":[{"embeddable":true,"href":"https:\/\/www.europesays.com\/fr\/wp-json\/wp\/v2\/users\/2"}],"replies":[{"embeddable":true,"href":"https:\/\/www.europesays.com\/fr\/wp-json\/wp\/v2\/comments?post=182420"}],"version-history":[{"count":0,"href":"https:\/\/www.europesays.com\/fr\/wp-json\/wp\/v2\/posts\/182420\/revisions"}],"wp:featuredmedia":[{"embeddable":true,"href":"https:\/\/www.europesays.com\/fr\/wp-json\/wp\/v2\/media\/182421"}],"wp:attachment":[{"href":"https:\/\/www.europesays.com\/fr\/wp-json\/wp\/v2\/media?parent=182420"}],"wp:term":[{"taxonomy":"category","embeddable":true,"href":"https:\/\/www.europesays.com\/fr\/wp-json\/wp\/v2\/categories?post=182420"},{"taxonomy":"post_tag","embeddable":true,"href":"https:\/\/www.europesays.com\/fr\/wp-json\/wp\/v2\/tags?post=182420"}],"curies":[{"name":"wp","href":"https:\/\/api.w.org\/{rel}","templated":true}]}}