{"id":182424,"date":"2025-06-17T03:56:24","date_gmt":"2025-06-17T03:56:24","guid":{"rendered":"https:\/\/www.europesays.com\/fr\/182424\/"},"modified":"2025-06-17T03:56:24","modified_gmt":"2025-06-17T03:56:24","slug":"tous-gros-demain-la-derniere-representation","status":"publish","type":"post","link":"https:\/\/www.europesays.com\/fr\/182424\/","title":{"rendered":"Tous gros demain\u00a0?\u00a0: la derni\u00e8re repr\u00e9sentation"},"content":{"rendered":"<p><a href=\"https:\/\/nantes.maville.com\/actu\/actudet_--tous-gros-demain-une-piece-pour-mieux-manger-_8-5240216_actu.Htm\" target=\"_blank\" rel=\"noopener\"> Tous gros demain\u00a0? est une pi\u00e8ce de th\u00e9\u00e2tre militante, pour d\u00e9fendre une alimentation saine et \u00e9quilibr\u00e9e.<\/a> Elle a \u00e9t\u00e9 cr\u00e9\u00e9e en 2013, par un m\u00e9decin g\u00e9n\u00e9raliste Orvaltais, Thierry Guicheteau. Apr\u00e8s avoir lu le livre de Pierre Weill\u00a0Tous gros demain\u00a0?, il a r\u00eav\u00e9 que les personnages du livre prennent vie pour faire passer leurs messages au plus grand nombre.<\/p>\n<p>La premi\u00e8re repr\u00e9sentation a eu lieu au th\u00e9\u00e2tre de la Gobini\u00e8re, <a href=\"https:\/\/nantes.maville.com\/pays-de-la-loire\/loire-atlantique\/orvault\/\" target=\"_blank\" rel=\"noopener\">\u00e0 Orvault (Loire-Atlantique),<\/a> mardi 11\u00a0juin 2013\u00a0; la derni\u00e8re s\u2019est tenue au m\u00eame endroit, dimanche 15\u00a0juin. Entre-temps, la petite troupe, compos\u00e9e d\u2019Annaick et Thierry Guicheteau, de leur fille, Pauline, et de quelques amis, a pr\u00e9sent\u00e9 la pi\u00e8ce lors de vingt-huit\u00a0repr\u00e9sentations, \u00e0 Nantes, Vichy (Allier), Foug\u00e8res (Ille-et-Vilaine), Orvault bien s\u00fbr, et dans plusieurs coll\u00e8ges en Loire-Atlantique. L\u2019\u0153uvre se veut p\u00e9dagogique, mais avant tout, ludique et humoristique. Elle est aussi ponctu\u00e9e de chansons.<\/p>\n<p>\t<img decoding=\"async\" src=\"https:\/\/www.europesays.com\/fr\/wp-content\/uploads\/2025\/06\/P35294379D6856281G_px_640_.jpg\" alt=\"photo pour d\u00e9fendre une alimentation saine, toute la famille guicheteau est sur sc\u00e8ne\u00a0: le p\u00e8re et la m\u00e8re, thierry et anna\u00efck guicheteau, et la fille, pauline.  \u00a9  ouest-france\" width=\"640\" title=\" Pour d\u00e9fendre une alimentation saine, toute la famille Guicheteau est sur sc\u00e8ne\u00a0: le p\u00e8re et la m\u00e8re, Thierry et Anna\u00efck Guicheteau, et la fille, Pauline.   Ouest-France \"\/><\/p>\n<p class=\"elmt-legende\"> Pour d\u00e9fendre une alimentation saine, toute la famille Guicheteau est sur sc\u00e8ne\u00a0: le p\u00e8re et la m\u00e8re, Thierry et Anna\u00efck Guicheteau, et la fille, Pauline.   Ouest-France <\/p>\n<p>Quelques perturbations<\/p>\n<p>Dimanche 15\u00a0juin, la derni\u00e8re de la pi\u00e8ce a \u00e9t\u00e9 quelque peu perturb\u00e9e. La non-venue du service de s\u00e9curit\u00e9 incendie et d\u2019assistance \u00e0 personnes de service a g\u00e9n\u00e9r\u00e9 un arr\u00eat de la repr\u00e9sentation, interm\u00e8de anim\u00e9 entre autres par l\u2019ex de Tri Yann, Jean-Louis Jossic, venu en spectateur, et clos par l\u2019arriv\u00e9e du maire d\u2019Orvault, avec qui une solution a \u00e9t\u00e9 trouv\u00e9e.<\/p>\n<p>De cette aventure th\u00e9\u00e2trale, Thierry Guicheteau retient en particulier, \u00a0les rencontres, le sourire des gens, les ovations des paysans, des m\u00e9decins lors de certaines repr\u00e9sentations\u00a0 <strong>.<\/strong> Sa fille, Pauline, retient, de son c\u00f4t\u00e9, le message pass\u00e9 aux jeunes qui lui disent \u00a0je vais continuer \u00e0 manger mon burger, mais je vais m\u2019interroger sur ce que je mange\u00a0 <strong>.<\/strong> Un petit pas a \u00e9t\u00e9 fait\u2026<\/p>\n<p>La suite va se poursuivre en famille, toujours, avec l\u2019\u00e9dition d\u2019une bande dessin\u00e9e, reprenant des textes et moments clefs du spectacle et le soutien toujours et encore \u00e0 l\u2019association <a href=\"https:\/\/bleu-blanc-coeur.org\/\" target=\"_blank\" rel=\"noopener\">Bleu, blanc, c\u0153ur <\/a>qui d\u00e9fend le droit de bien manger.<\/p>\n<p>\u00a0<\/p>\n","protected":false},"excerpt":{"rendered":"Tous gros demain\u00a0? est une pi\u00e8ce de th\u00e9\u00e2tre militante, pour d\u00e9fendre une alimentation saine et \u00e9quilibr\u00e9e. Elle a&hellip;\n","protected":false},"author":2,"featured_media":182425,"comment_status":"","ping_status":"","sticky":false,"template":"","format":"standard","meta":{"footnotes":""},"categories":[2818],"tags":[1111,11,12351,9424,1777,674,1011,27,5239,766,12,2636,21490,25],"class_list":{"0":"post-182424","1":"post","2":"type-post","3":"status-publish","4":"format-standard","5":"has-post-thumbnail","7":"category-nantes","8":"tag-actu","9":"tag-actualites","10":"tag-demain","11":"tag-derniere","12":"tag-eu","13":"tag-europe","14":"tag-fr","15":"tag-france","16":"tag-gros","17":"tag-nantes","18":"tag-news","19":"tag-pays-de-la-loire","20":"tag-representation","21":"tag-republique-francaise"},"share_on_mastodon":{"url":"https:\/\/pubeurope.com\/@fr\/114696695594475690","error":""},"_links":{"self":[{"href":"https:\/\/www.europesays.com\/fr\/wp-json\/wp\/v2\/posts\/182424","targetHints":{"allow":["GET"]}}],"collection":[{"href":"https:\/\/www.europesays.com\/fr\/wp-json\/wp\/v2\/posts"}],"about":[{"href":"https:\/\/www.europesays.com\/fr\/wp-json\/wp\/v2\/types\/post"}],"author":[{"embeddable":true,"href":"https:\/\/www.europesays.com\/fr\/wp-json\/wp\/v2\/users\/2"}],"replies":[{"embeddable":true,"href":"https:\/\/www.europesays.com\/fr\/wp-json\/wp\/v2\/comments?post=182424"}],"version-history":[{"count":0,"href":"https:\/\/www.europesays.com\/fr\/wp-json\/wp\/v2\/posts\/182424\/revisions"}],"wp:featuredmedia":[{"embeddable":true,"href":"https:\/\/www.europesays.com\/fr\/wp-json\/wp\/v2\/media\/182425"}],"wp:attachment":[{"href":"https:\/\/www.europesays.com\/fr\/wp-json\/wp\/v2\/media?parent=182424"}],"wp:term":[{"taxonomy":"category","embeddable":true,"href":"https:\/\/www.europesays.com\/fr\/wp-json\/wp\/v2\/categories?post=182424"},{"taxonomy":"post_tag","embeddable":true,"href":"https:\/\/www.europesays.com\/fr\/wp-json\/wp\/v2\/tags?post=182424"}],"curies":[{"name":"wp","href":"https:\/\/api.w.org\/{rel}","templated":true}]}}