{"id":182444,"date":"2025-06-17T04:07:16","date_gmt":"2025-06-17T04:07:16","guid":{"rendered":"https:\/\/www.europesays.com\/fr\/182444\/"},"modified":"2025-06-17T04:07:16","modified_gmt":"2025-06-17T04:07:16","slug":"rhone-va-t-on-vers-le-premier-episode-de-canicule-une-chaleur-etouffante-va-sinstaller-a-lyon","status":"publish","type":"post","link":"https:\/\/www.europesays.com\/fr\/182444\/","title":{"rendered":"Rh\u00f4ne. Va-t-on vers le premier \u00e9pisode de canicule\u00a0? Une chaleur \u00e9touffante va s\u2019installer \u00e0 Lyon"},"content":{"rendered":"<p>Apr\u00e8s un d\u00e9but de juin marqu\u00e9 par plusieurs \u00e9pisodes orageux, de fortes chaleurs vont s\u2019installer dans les jours \u00e0 venir au-dessus de Lyon et sa r\u00e9gion. Depuis samedi, les temp\u00e9ratures sont au-dessus des normales de saison. Pour l\u2019instant, la journ\u00e9e de samedi a \u00e9t\u00e9 la plus chaude du mois avec un relev\u00e9 maximal \u00e0 35,4\u00a0\u00b0C.<\/p>\n<p>\u00ab\u00a0On va monter en puissance dans les prochains jours, jusqu\u2019\u00e0 atteindre le maximum mardi 24\u00a0juin\u00a0\u00bb, d\u00e9taille M\u00e9t\u00e9o France. \u00ab\u00a0On aura un grand soleil au moins jusqu\u2019\u00e0 mercredi ou jeudi prochain. Les temp\u00e9ratures minimales d\u00e9passeront les 20\u00a0\u00b0C d\u00e8s dimanche\u00a0\u00bb, poursuit le pr\u00e9visionniste.<\/p>\n<p>  Un \u00e9pisode rare mais pas unique<\/p>\n<p>Le mercure a d\u00e9j\u00e0 franchi la barre des 30\u00a0\u00b0C pendant cinq jours la semaine derni\u00e8re. D\u00e8s ce mardi 17\u00a0juin, cette barre sera de nouveau franchie et pendant une quinzaine de jours au moins. Le pic sera atteint le mardi 24\u00a0juin avec une maximale estim\u00e9e entre 34 et 35\u00a0\u00b0C. \u00ab\u00a0Les normales pour un mois de juin sont de 15\u00a0\u00b0C pour les minimales et de 25,6\u00a0\u00b0C pour les maximales\u00a0\u00bb, ajoute M\u00e9t\u00e9o France.<\/p>\n<p>Cet \u00e9pisode de fortes chaleurs reste rare dans le d\u00e9partement. Seulement quatre \u00e9pisodes de plusieurs jours \u00e0 plus de 35\u00b0C ont \u00e9t\u00e9 relev\u00e9s \u00e0 la statio m\u00e9t\u00e9o de Lyon-Bron en juin. Le premier remonte au 11 et 12\u00a0juin 2003, le second au 21 et 22\u00a0juin 2017, le suivant entre le 18 et le 20\u00a0juin 2022 et le dernier \u00e9pisode remonte au 13\u00a0juin dernier et il avait dur\u00e9 deux jours. \u00ab\u00a0Ces ph\u00e9nom\u00e8nes ne sont pas in\u00e9dits, mais cela reste quelque chose de tr\u00e8s peu fr\u00e9quent\u00a0\u00bb, pr\u00e9cise le pr\u00e9visionniste.<\/p>\n<p>  Pas d\u2019\u00e9pisode caniculaire en pr\u00e9vision<\/p>\n<p>Alors peut-on parler de canicule\u00a0? Au sens m\u00e9t\u00e9orologique du terme, non. \u00ab\u00a0Il faut faire des relev\u00e9s sur trois jours avec les temp\u00e9ratures de la nuit aussi. Avec ces relev\u00e9s, il faut voir s\u2019ils d\u00e9passent un certain seuil\u00a0\u00bb, explique M\u00e9t\u00e9o France. Sans parler de premier \u00e9pisode caniculaire, les temp\u00e9ratures vont \u00eatre tr\u00e8s \u00e9lev\u00e9es et largement au-dessus des normales de saison pour un mois de juin.<\/p>\n","protected":false},"excerpt":{"rendered":"Apr\u00e8s un d\u00e9but de juin marqu\u00e9 par plusieurs \u00e9pisodes orageux, de fortes chaleurs vont s\u2019installer dans les jours&hellip;\n","protected":false},"author":2,"featured_media":182445,"comment_status":"","ping_status":"","sticky":false,"template":"","format":"standard","meta":{"footnotes":""},"categories":[1889],"tags":[1111,11,2430,3152,2757,3153,3154,3155,3156,436,1777,674,107,1011,27,2428,2756,8423,12,25,2429],"class_list":{"0":"post-182444","1":"post","2":"type-post","3":"status-publish","4":"format-standard","5":"has-post-thumbnail","7":"category-lyon","8":"tag-actu","9":"tag-actualites","10":"tag-auvergne-rhone-alpes","11":"tag-edition-est-lyonnais","12":"tag-edition-lyon-villeurbanne","13":"tag-edition-ouest-lyonnais","14":"tag-edition-sud-lyonnais","15":"tag-edition-tarare","16":"tag-edition-villefranche","17":"tag-environnement","18":"tag-eu","19":"tag-europe","20":"tag-fil-info","21":"tag-fr","22":"tag-france","23":"tag-lyon","24":"tag-lyon-bassin","25":"tag-meteorologie-climat","26":"tag-news","27":"tag-republique-francaise","28":"tag-rhone"},"share_on_mastodon":{"url":"https:\/\/pubeurope.com\/@fr\/114696738735186462","error":""},"_links":{"self":[{"href":"https:\/\/www.europesays.com\/fr\/wp-json\/wp\/v2\/posts\/182444","targetHints":{"allow":["GET"]}}],"collection":[{"href":"https:\/\/www.europesays.com\/fr\/wp-json\/wp\/v2\/posts"}],"about":[{"href":"https:\/\/www.europesays.com\/fr\/wp-json\/wp\/v2\/types\/post"}],"author":[{"embeddable":true,"href":"https:\/\/www.europesays.com\/fr\/wp-json\/wp\/v2\/users\/2"}],"replies":[{"embeddable":true,"href":"https:\/\/www.europesays.com\/fr\/wp-json\/wp\/v2\/comments?post=182444"}],"version-history":[{"count":0,"href":"https:\/\/www.europesays.com\/fr\/wp-json\/wp\/v2\/posts\/182444\/revisions"}],"wp:featuredmedia":[{"embeddable":true,"href":"https:\/\/www.europesays.com\/fr\/wp-json\/wp\/v2\/media\/182445"}],"wp:attachment":[{"href":"https:\/\/www.europesays.com\/fr\/wp-json\/wp\/v2\/media?parent=182444"}],"wp:term":[{"taxonomy":"category","embeddable":true,"href":"https:\/\/www.europesays.com\/fr\/wp-json\/wp\/v2\/categories?post=182444"},{"taxonomy":"post_tag","embeddable":true,"href":"https:\/\/www.europesays.com\/fr\/wp-json\/wp\/v2\/tags?post=182444"}],"curies":[{"name":"wp","href":"https:\/\/api.w.org\/{rel}","templated":true}]}}