{"id":182450,"date":"2025-06-17T04:12:24","date_gmt":"2025-06-17T04:12:24","guid":{"rendered":"https:\/\/www.europesays.com\/fr\/182450\/"},"modified":"2025-06-17T04:12:24","modified_gmt":"2025-06-17T04:12:24","slug":"info-va-villeneuve-la-garenne-deux-prostituees-paraguayennes-agressees-a-la-machette-un-mineur-en-garde-a-vue","status":"publish","type":"post","link":"https:\/\/www.europesays.com\/fr\/182450\/","title":{"rendered":"[Info VA] Villeneuve-la-Garenne : deux prostitu\u00e9es paraguayennes agress\u00e9es \u00e0 la machette, un mineur en garde \u00e0 vue"},"content":{"rendered":"<p>\t[Info VA] Villeneuve-la-Garenne : deux prostitu\u00e9es paraguayennes agress\u00e9es \u00e0 la machette, un mineur en garde \u00e0 vue &#8211; Valeurs actuelles<\/p>\n<p><a href=\"https:\/\/www.valeursactuelles.com\/\" target=\"_blank\" rel=\"noopener\">Accueil<\/a> \u00bb <a href=\"https:\/\/www.valeursactuelles.com\/faits-divers\" target=\"_blank\" rel=\"noopener\">Faits divers<\/a> \u00bb [Info VA] Villeneuve-la-Garenne : deux prostitu\u00e9es paraguayennes agress\u00e9es \u00e0 la machette, un mineur en garde \u00e0 vue<\/p>\n","protected":false},"excerpt":{"rendered":"[Info VA] Villeneuve-la-Garenne : deux prostitu\u00e9es paraguayennes agress\u00e9es \u00e0 la machette, un mineur en garde \u00e0 vue &#8211;&hellip;\n","protected":false},"author":2,"featured_media":182451,"comment_status":"","ping_status":"","sticky":false,"template":"","format":"standard","meta":{"footnotes":""},"categories":[1888],"tags":[11,1120,1777,674,1011,27,3314,32037,6636,12,626,32038,25],"class_list":{"0":"post-182450","1":"post","2":"type-post","3":"status-publish","4":"format-standard","5":"has-post-thumbnail","7":"category-paris","8":"tag-actualites","9":"tag-agression","10":"tag-eu","11":"tag-europe","12":"tag-fr","13":"tag-france","14":"tag-hauts-de-seine","15":"tag-machette","16":"tag-mineurs","17":"tag-news","18":"tag-paris","19":"tag-prostituee","20":"tag-republique-francaise"},"share_on_mastodon":{"url":"https:\/\/pubeurope.com\/@fr\/114696758524085695","error":""},"_links":{"self":[{"href":"https:\/\/www.europesays.com\/fr\/wp-json\/wp\/v2\/posts\/182450","targetHints":{"allow":["GET"]}}],"collection":[{"href":"https:\/\/www.europesays.com\/fr\/wp-json\/wp\/v2\/posts"}],"about":[{"href":"https:\/\/www.europesays.com\/fr\/wp-json\/wp\/v2\/types\/post"}],"author":[{"embeddable":true,"href":"https:\/\/www.europesays.com\/fr\/wp-json\/wp\/v2\/users\/2"}],"replies":[{"embeddable":true,"href":"https:\/\/www.europesays.com\/fr\/wp-json\/wp\/v2\/comments?post=182450"}],"version-history":[{"count":0,"href":"https:\/\/www.europesays.com\/fr\/wp-json\/wp\/v2\/posts\/182450\/revisions"}],"wp:featuredmedia":[{"embeddable":true,"href":"https:\/\/www.europesays.com\/fr\/wp-json\/wp\/v2\/media\/182451"}],"wp:attachment":[{"href":"https:\/\/www.europesays.com\/fr\/wp-json\/wp\/v2\/media?parent=182450"}],"wp:term":[{"taxonomy":"category","embeddable":true,"href":"https:\/\/www.europesays.com\/fr\/wp-json\/wp\/v2\/categories?post=182450"},{"taxonomy":"post_tag","embeddable":true,"href":"https:\/\/www.europesays.com\/fr\/wp-json\/wp\/v2\/tags?post=182450"}],"curies":[{"name":"wp","href":"https:\/\/api.w.org\/{rel}","templated":true}]}}