{"id":182461,"date":"2025-06-17T04:18:09","date_gmt":"2025-06-17T04:18:09","guid":{"rendered":"https:\/\/www.europesays.com\/fr\/182461\/"},"modified":"2025-06-17T04:18:09","modified_gmt":"2025-06-17T04:18:09","slug":"lallemagne-et-litalie-pretes-a-augmenter-fortement-leur-contribution-la-france-a-la-traine","status":"publish","type":"post","link":"https:\/\/www.europesays.com\/fr\/182461\/","title":{"rendered":"l&rsquo;Allemagne et l&rsquo;Italie pr\u00eates \u00e0 augmenter fortement leur contribution, la France \u00e0 la tra\u00eene"},"content":{"rendered":"<p>Lors de la prochaine conf\u00e9rence minist\u00e9rielle de l&rsquo;Agence spatiale europ\u00e9enne (ESA) qui va se tenir fin novembre \u00e0 Br\u00eame, l&rsquo;Allemagne et l&rsquo;Italie vont augmenter significativement leur contribution financi\u00e8re au budget de l&rsquo;ESA sur la p\u00e9riode 2026-2028. Des chiffres qui font d\u00e9j\u00e0 tourner la t\u00eate des responsables de l&rsquo;ESA mais qui font aussi tr\u00e8s mal \u00e0 la t\u00eate aux industriels fran\u00e7ais et \u00e0 Paris. En coulisse, il se dit que Berlin serait pr\u00eat \u00e0 mettre sur la table pr\u00e8s de 5 milliards d&rsquo;euros (contre 3,5 milliards en 2022 \u00e0 Paris) tandis que Rome signerait un ch\u00e8que \u00e9valu\u00e9 entre 3,5 et 4 milliards (contre 3 milliards en 2022).<\/p>\n<p>Ces contributions en tr\u00e8s forte hausse de deux grands pays europ\u00e9ens dans le domaine spatial devraient logiquement porter le budget de l&rsquo;ESA vers un nouveau record en termes de contributions financi\u00e8res apr\u00e8s les 16,9 milliards d&rsquo;euros obtenus en 2022 lors de la derni\u00e8re conf\u00e9rence minist\u00e9rielle de Paris. \u00ab Aujourd&rsquo;hui, le chiffre dont nous discutons se situe entre 22 et 23 milliards d&rsquo;euros \u00bb, a confirm\u00e9 lundi au salon a\u00e9ronautique du Bourget le directeur g\u00e9n\u00e9ral de l&rsquo;ESA, Josef Aschbacher. Soit au moins une augmentation de 30%.\u00a0\u00ab Cela signifie que ce montant couvre tous les programmes : les activit\u00e9s obligatoires et les programmes facultatifs \u00bb, a-t-il pr\u00e9cis\u00e9.<\/p>\n","protected":false},"excerpt":{"rendered":"Lors de la prochaine conf\u00e9rence minist\u00e9rielle de l&rsquo;Agence spatiale europ\u00e9enne (ESA) qui va se tenir fin novembre \u00e0&hellip;\n","protected":false},"author":2,"featured_media":182462,"comment_status":"","ping_status":"","sticky":false,"template":"","format":"standard","meta":{"footnotes":""},"categories":[1587],"tags":[17,11,672,5374,1804,1805,1803,645,6447,1777,674,18769,1801,32040,3442,3289,12,32041,1802],"class_list":{"0":"post-182461","1":"post","2":"type-post","3":"status-publish","4":"format-standard","5":"has-post-thumbnail","7":"category-allemagne","8":"tag-17","9":"tag-actualites","10":"tag-allemagne","11":"tag-augmenter","12":"tag-bundesrepublik-deutschland","13":"tag-de","14":"tag-deutschland","15":"tag-entreprises-finance","16":"tag-esa","17":"tag-eu","18":"tag-europe","19":"tag-fortement","20":"tag-germany","21":"tag-litalie","22":"tag-lallemagne","23":"tag-leur","24":"tag-news","25":"tag-pretes","26":"tag-republique-federale-dallemagne"},"share_on_mastodon":{"url":"https:\/\/pubeurope.com\/@fr\/114696782193694721","error":""},"_links":{"self":[{"href":"https:\/\/www.europesays.com\/fr\/wp-json\/wp\/v2\/posts\/182461","targetHints":{"allow":["GET"]}}],"collection":[{"href":"https:\/\/www.europesays.com\/fr\/wp-json\/wp\/v2\/posts"}],"about":[{"href":"https:\/\/www.europesays.com\/fr\/wp-json\/wp\/v2\/types\/post"}],"author":[{"embeddable":true,"href":"https:\/\/www.europesays.com\/fr\/wp-json\/wp\/v2\/users\/2"}],"replies":[{"embeddable":true,"href":"https:\/\/www.europesays.com\/fr\/wp-json\/wp\/v2\/comments?post=182461"}],"version-history":[{"count":0,"href":"https:\/\/www.europesays.com\/fr\/wp-json\/wp\/v2\/posts\/182461\/revisions"}],"wp:featuredmedia":[{"embeddable":true,"href":"https:\/\/www.europesays.com\/fr\/wp-json\/wp\/v2\/media\/182462"}],"wp:attachment":[{"href":"https:\/\/www.europesays.com\/fr\/wp-json\/wp\/v2\/media?parent=182461"}],"wp:term":[{"taxonomy":"category","embeddable":true,"href":"https:\/\/www.europesays.com\/fr\/wp-json\/wp\/v2\/categories?post=182461"},{"taxonomy":"post_tag","embeddable":true,"href":"https:\/\/www.europesays.com\/fr\/wp-json\/wp\/v2\/tags?post=182461"}],"curies":[{"name":"wp","href":"https:\/\/api.w.org\/{rel}","templated":true}]}}