{"id":182483,"date":"2025-06-17T04:33:10","date_gmt":"2025-06-17T04:33:10","guid":{"rendered":"https:\/\/www.europesays.com\/fr\/182483\/"},"modified":"2025-06-17T04:33:10","modified_gmt":"2025-06-17T04:33:10","slug":"un-media-anglais-milite-pour-vitinha-ballon-dor","status":"publish","type":"post","link":"https:\/\/www.europesays.com\/fr\/182483\/","title":{"rendered":"Un m\u00e9dia anglais milite pour Vitinha Ballon d&rsquo;Or"},"content":{"rendered":"<p><img width=\"700\" height=\"350\" src=\"https:\/\/www.europesays.com\/fr\/wp-content\/uploads\/2025\/06\/1750134790_885_Vitinha-1.jpg\" class=\"attachment-jannah-image-post size-jannah-image-post wp-post-image\" alt=\"Vitinha\" is_main_img=\"1\" decoding=\"async\" fetchpriority=\"high\"  \/><\/p>\n<p>Si Ousmane Demb\u00e9l\u00e9 et Lamine Yamal sont annonc\u00e9s comme les<br \/>\nfavoris pour le Ballon d\u2019Or 2025, un autre joueur du PSG commence \u00e0<br \/>\nprendre de l\u2019ampleur dans ce d\u00e9bat.<\/p>\n<p>La question enflamment les d\u00e9bats depuis plusieurs semaines. Qui<br \/>\nremportera le <strong>Ballon d\u2019Or 2025<\/strong>, le 22 septembre<br \/>\nprochain au <strong>Th\u00e9atre du Ch\u00e2telet<\/strong> \u00e0<br \/>\n<strong>Paris<\/strong> ? \u00c0 ce jour, deux noms sortent du lot :<br \/>\n<strong><a href=\"https:\/\/canal-supporters.com\/ligue-des-champions-ballon-dor-enrique-dembele-se-confie\/\" title=\"\" target=\"_blank\" rel=\"noopener\">Ousmane Demb\u00e9l\u00e9<\/a><\/strong> et <strong>Lamine<br \/>\nYamal<\/strong>. Mais avec sa grande domination europ\u00e9enne, marqu\u00e9e<br \/>\npar la victoire en <strong>Ligue des champions<\/strong>, le<br \/>\n<strong>PSG<\/strong> peut voir plusieurs de ses joueurs \u00eatre un<br \/>\ncandidat cr\u00e9dible pour cette distinction individuelle.<\/p>\n<p>\u00ab\u00a0Vitinha est le c\u0153ur battant du PSG et du<br \/>\nPortugal\u00a0\u00bb<\/p>\n<p>Le m\u00e9dia anglais <strong><a href=\"https:\/\/www.tntsports.co.uk\/football\/ballon-d-or\/2025\/mens-2025-power-rankings-lamine-yamal-ousmane-dembele-vitinha-mohamed-salah-kylian-mbappe_sto23192967\/story.shtml\" target=\"_blank\" rel=\"noopener\" title=\"\">TNT<br \/>\nSports<\/a><\/strong> a propos\u00e9 son top 10 du <strong>Ballon<br \/>\nd\u2019Or 2025<\/strong> avec de nombreux Parisiens pr\u00e9sents :<br \/>\n<strong>Khvicha Kvaratskhelia<\/strong> (10e), <strong>Kylian<br \/>\nMbapp\u00e9<\/strong> (9e), <strong>Gianluigi Donnarumma<\/strong> (8e),<br \/>\n<strong>Mohamed Salah<\/strong> (7e), <strong>Achraf Hakimi<\/strong><br \/>\n(6e), <strong>Nuno Mendes<\/strong> (5e), <strong>Raphinha<\/strong><br \/>\n(4e), <strong>Lamine Yamal<\/strong> (3e). Annonc\u00e9 comme le grand<br \/>\nfavori du c\u00f4t\u00e9 des Rouge &amp; Bleu, <strong>Ousmane Demb\u00e9l\u00e9<\/strong><br \/>\noccupe la deuxi\u00e8me dans ce classement. Et la premi\u00e8re place revient<br \/>\nau maestro du <strong>PSG<\/strong>, <strong><a href=\"https:\/\/canal-supporters.com\/vitinha-le-plus-important-cest-le-collectif-et-seulement-apres-vient-lindividuel\/\" title=\"\" target=\"_blank\" rel=\"noopener\">Vitinha<\/a><\/strong>. Le m\u00e9dia britannique a expliqu\u00e9 ce<br \/>\nchoix, en prenant pour exemple la victoire de<br \/>\n<strong>Rodri<\/strong> la saison pass\u00e9e.<br \/>\n\u00ab\u00a0<strong>Rodri<\/strong> a march\u00e9 pour que<br \/>\n<strong>Vitinha<\/strong> puisse courir. Si <strong>Rodri<\/strong><br \/>\n\u00e9tait le pilier qui maintenait <strong>Manchester City<\/strong> et<br \/>\n<strong>l\u2019Espagne<\/strong> ensemble, <strong>Vitinha<\/strong> est<br \/>\nle c\u0153ur battant du <strong>PSG<\/strong> et du<br \/>\n<strong>Portugal<\/strong>. Sans lui, les autres organes ne peuvent<br \/>\ntout simplement pas fonctionner. L\u2019ascension du milieu de terrain<br \/>\naxial est tout simplement remarquable et le plus impressionnant est<br \/>\npeut-\u00eatre sa progression constante au fil de la saison, \u00e0 mesure<br \/>\nque les matches devenaient plus difficiles. En route vers la<br \/>\nfinale, le <strong>PSG<\/strong> a \u00e9limin\u00e9 trois des sept meilleurs<br \/>\n\u00e9quipes anglaises (<strong>Liverpool<\/strong>, <strong>Aston<br \/>\nVilla<\/strong> et <strong>Arsenal<\/strong>) et a battu les<br \/>\nvice-champions d\u2019<strong>Italie<\/strong> en finale (<strong>Inter<br \/>\nMilan<\/strong>) avec une aisance record. <strong>Vitinha<\/strong><br \/>\nn\u2019a peut-\u00eatre pas \u00e9t\u00e9 le meilleur joueur de tous les matches, mais<br \/>\ndans la grande majorit\u00e9 d\u2019entre eux, il figurait parmi les deux ou<br \/>\ntrois meilleurs joueurs sur le terrain. Actuellement, il est notre<br \/>\nleader au sein du club.\u00a0\u00bb Pour rappel, en plus de son<br \/>\nquadrupl\u00e9 historique avec le <strong>PSG<\/strong>, le milieu de 25<br \/>\nans a \u00e9galement remport\u00e9 la <strong>Ligue des Nations<\/strong> avec<br \/>\nle <strong>Portugal<\/strong>.<\/p>\n<\/p>\n<p>Youtube :<br \/>\n<strong><a href=\"https:\/\/www.youtube.com\/@CanalSupportersParis\" target=\"_blank\" rel=\"noopener\" title=\"\">Canal Supporters<br \/>\nParis<\/a><\/strong><\/p>\n","protected":false},"excerpt":{"rendered":"Si Ousmane Demb\u00e9l\u00e9 et Lamine Yamal sont annonc\u00e9s comme les favoris pour le Ballon d\u2019Or 2025, un autre&hellip;\n","protected":false},"author":2,"featured_media":182484,"comment_status":"","ping_status":"","sticky":false,"template":"","format":"standard","meta":{"footnotes":""},"categories":[1410],"tags":[454,81,787,63,1011,27,32051,2782,91,92,93,60,96,13296,14761],"class_list":{"0":"post-182483","1":"post","2":"type-post","3":"status-publish","4":"format-standard","5":"has-post-thumbnail","7":"category-football","8":"tag-ballon-dor","9":"tag-canal-supporters","10":"tag-cs","11":"tag-football","12":"tag-fr","13":"tag-france","14":"tag-milieu-psg","15":"tag-ousmane-dembele","16":"tag-paris-saint-germain","17":"tag-paris-sg","18":"tag-psg","19":"tag-sports","20":"tag-une","21":"tag-vitinha","22":"tag-vitinha-psg"},"share_on_mastodon":{"url":"https:\/\/pubeurope.com\/@fr\/114696841187532275","error":""},"_links":{"self":[{"href":"https:\/\/www.europesays.com\/fr\/wp-json\/wp\/v2\/posts\/182483","targetHints":{"allow":["GET"]}}],"collection":[{"href":"https:\/\/www.europesays.com\/fr\/wp-json\/wp\/v2\/posts"}],"about":[{"href":"https:\/\/www.europesays.com\/fr\/wp-json\/wp\/v2\/types\/post"}],"author":[{"embeddable":true,"href":"https:\/\/www.europesays.com\/fr\/wp-json\/wp\/v2\/users\/2"}],"replies":[{"embeddable":true,"href":"https:\/\/www.europesays.com\/fr\/wp-json\/wp\/v2\/comments?post=182483"}],"version-history":[{"count":0,"href":"https:\/\/www.europesays.com\/fr\/wp-json\/wp\/v2\/posts\/182483\/revisions"}],"wp:featuredmedia":[{"embeddable":true,"href":"https:\/\/www.europesays.com\/fr\/wp-json\/wp\/v2\/media\/182484"}],"wp:attachment":[{"href":"https:\/\/www.europesays.com\/fr\/wp-json\/wp\/v2\/media?parent=182483"}],"wp:term":[{"taxonomy":"category","embeddable":true,"href":"https:\/\/www.europesays.com\/fr\/wp-json\/wp\/v2\/categories?post=182483"},{"taxonomy":"post_tag","embeddable":true,"href":"https:\/\/www.europesays.com\/fr\/wp-json\/wp\/v2\/tags?post=182483"}],"curies":[{"name":"wp","href":"https:\/\/api.w.org\/{rel}","templated":true}]}}