{"id":182485,"date":"2025-06-17T04:34:10","date_gmt":"2025-06-17T04:34:10","guid":{"rendered":"https:\/\/www.europesays.com\/fr\/182485\/"},"modified":"2025-06-17T04:34:10","modified_gmt":"2025-06-17T04:34:10","slug":"anne-sophie-lapix-sarah-saldmann-trahie-par-son-micro-elle-balance-un-commentaire-malveillant","status":"publish","type":"post","link":"https:\/\/www.europesays.com\/fr\/182485\/","title":{"rendered":"Anne-Sophie Lapix : Sarah Saldmann trahie par son micro, elle balance un commentaire malveillant"},"content":{"rendered":"<p>C\u00a0\u00bbest officiel. Le lundi 16 juin, au matin, la nouvelle est<br \/>\ntomb\u00e9e. Selon les informations recueillies par nos confr\u00e8res de<br \/>\nPurem\u00e9dias aupr\u00e8s du service public, <a href=\"https:\/\/www.closermag.fr\/people\/anne-sophie-lapix-evincee-du-jt-de-france-2-elle-a-retrouve-du-boulot-in-extremis-3555220\" target=\"_blank\" rel=\"noopener\"><br \/>\nAnne-Sophie Lapix<\/a> pr\u00e9sentera\u00a0<strong>son dernier JT sur la<br \/>\nDeux \u00e0 la mi-juillet 2025<\/strong>. Elle rejoindra M6<br \/>\nprochainement. Elle pr\u00e9sentera notamment des \u00ab\u00a0primes<br \/>\n\u00e9v\u00e9nementiels\u00a0\u00bb.\u00a0\u00ab\u00a0[Anne-Sophie Lapix] proposera chaque<br \/>\nsemaine\u00a0<strong>un grand entretien<br \/>\ndominical<\/strong>\u00a0avec une personnalit\u00e9 qui fait<br \/>\nl\u2019actualit\u00e9.\u00a0Ce <strong>rendez-vous r\u00e9gulier<br \/>\nproposera un regard \u00e9clair\u00e9<\/strong> et exigeant sur les grands<br \/>\nenjeux de notre \u00e9poque \u00e0 travers des \u00e9changes approfondis avec des<br \/>\nfigures du monde politique, \u00e9conomique, culturel ou soci\u00e9tal\u00a0\u00bb,<br \/>\nindique un communiqu\u00e9 de presse.<\/p>\n<p>L&rsquo;ex star de France T\u00e9l\u00e9visions rejoindra \u00e9galement les bancs de<br \/>\nRTL le 25 ao\u00fbt prochain. \u00ab\u00a0Elle animera\u00a0<strong>la tranche<br \/>\nd\u2019information de 18h \u00e0 19h15 du lundi au jeudi, suivi de 19h15 \u00e0<br \/>\n20h<\/strong> par On refait le monde&rsquo; la grande \u00e9mission de d\u00e9bats<br \/>\net de d\u00e9cryptage\u00a0\u00bb, est-il \u00e9galement \u00e9crit dans le communiqu\u00e9<br \/>\nde presse.<\/p>\n<p>Fabien Lecoeuvre \u00e0 propos d&rsquo;Anne-Sophie Lapix : \u00ab\u00a0Elle est<br \/>\nencore&#8230;\u00a0\u00bb<\/p>\n<p>Ce changement fait beaucoup parler. Du c\u00f4t\u00e9 de Europe 1,<br \/>\nl&rsquo;\u00e9quipe d&rsquo;On marche dans la t\u00eate a donn\u00e9 son avis. Au<br \/>\nmicro de Jean-Marc Morandini, <strong>Fabien Lecoeuvre a notamment<br \/>\nconsid\u00e9r\u00e9 que c&rsquo;\u00e9tait \u00ab\u00a0plut\u00f4t une bonne nouvelle\u00a0\u00bb<br \/>\ne<\/strong>t que \u00ab\u00a0c&rsquo;\u00e9tait bien\u00a0\u00bb car \u00ab\u00a0\u00e7a [faisait]<br \/>\npartie d&rsquo;une carri\u00e8re\u00a0\u00bb. Il a poursuivi : \u00a0\u00ab\u00a0\u00c7a fait<br \/>\nplusieurs mois qu&rsquo;on parle d&rsquo;Anne-Sophie Lapix. Il y avait d\u00e9j\u00e0 des<br \/>\nallers-retours, des rumeurs, donc la rumeur s&rsquo;est confirm\u00e9e en ce<br \/>\njour, donc voil\u00e0, c&rsquo;est bien, c&rsquo;est plut\u00f4t une bonne nouvelle, mais<br \/>\n\u00e7a fait partie d&rsquo;une carri\u00e8re\u00a0\u00bb.<\/p>\n<p>Pour l&rsquo;ancien chroniqueur de Touche pas \u00e0 mon poste,<br \/>\ntout cela est dans la logique des choses. <strong>\u00ab\u00a0C&rsquo;est une<br \/>\njeune journaliste\u00a0\u00bb<\/strong>, a-t-il ajout\u00e9 pour \u00e9tayer ses<br \/>\npropos. <a href=\"https:\/\/www.closermag.fr\/people\/sarah-saldmann-en-couple-avec-luc-besson-ces-moments-dintimite-analyses-par-la-justice-3543131\" target=\"_blank\" rel=\"noopener\"><br \/>\nSarah Saldmann<\/a> est alors intervenue pour \u00e9mettre une r\u00e9serve.<br \/>\n\u00ab\u00a0Euh, jeune&#8230;\u00a0\u00bb, a-t-elle lanc\u00e9, septique.<\/p>\n<blockquote class=\"twitter-tweet\"><p><a class=\"twitter-link\" rel=\"noindex, nofollow noopener\" href=\"https:\/\/twitter.com\/Europe1\/status\/1934616036323606540\" target=\"_blank\"><\/p><\/blockquote>\n<p>Sarah Saldman : \u00ab\u00a0Pardon\u00a0\u00bb<\/p>\n<p>Trahie par son micro, il \u00e9tait facile d&rsquo;entendre la m\u00e9disance de<br \/>\nla juriste de 33 ans. D&rsquo;ailleurs, <strong>elle n&rsquo;a pas eu l&rsquo;air<br \/>\ng\u00ean\u00e9e de son commentaire malveillant<\/strong>. \u00ab\u00a0Pardon, mon<br \/>\nmicro \u00e9tait ouvert\u00a0\u00bb, s&rsquo;est-elle faussement excus\u00e9e,<br \/>\nhilare.<\/p>\n<p><a href=\"https:\/\/www.closermag.fr\/people\/fabien-lecoeuvre-me-perdre-dans-les-bois-cette-anecdote-glacante-sur-son-pere-3341472\" target=\"_blank\" rel=\"noopener\"><br \/>\nFabien Lecoeuvre<\/a> a alors (re)pr\u00e9cis\u00e9 son propos : \u00ab\u00a0Oui,<br \/>\njeune, parce qu&rsquo;elle est au milieu de sa carri\u00e8re, quoi, c&rsquo;est pour<br \/>\n\u00e7a que je dis \u00e7a\u00a0\u00bb, a-t-il justifi\u00e9.<\/p>\n<p><script async src=\"https:\/\/platform.twitter.com\/widgets.js\" charset=\"utf-8\"><\/script><\/p>\n","protected":false},"excerpt":{"rendered":"C\u00a0\u00bbest officiel. Le lundi 16 juin, au matin, la nouvelle est tomb\u00e9e. Selon les informations recueillies par nos&hellip;\n","protected":false},"author":2,"featured_media":182486,"comment_status":"","ping_status":"","sticky":false,"template":"","format":"standard","meta":{"footnotes":""},"categories":[1359],"tags":[21313,548,58,59,1011,27,973,32052],"class_list":{"0":"post-182485","1":"post","2":"type-post","3":"status-publish","4":"format-standard","5":"has-post-thumbnail","7":"category-people","8":"tag-anne-sophie-lapix","9":"tag-article-simple","10":"tag-divertissement","11":"tag-entertainment","12":"tag-fr","13":"tag-france","14":"tag-people","15":"tag-sarah-saldmann"},"share_on_mastodon":{"url":"https:\/\/pubeurope.com\/@fr\/114696845036999595","error":""},"_links":{"self":[{"href":"https:\/\/www.europesays.com\/fr\/wp-json\/wp\/v2\/posts\/182485","targetHints":{"allow":["GET"]}}],"collection":[{"href":"https:\/\/www.europesays.com\/fr\/wp-json\/wp\/v2\/posts"}],"about":[{"href":"https:\/\/www.europesays.com\/fr\/wp-json\/wp\/v2\/types\/post"}],"author":[{"embeddable":true,"href":"https:\/\/www.europesays.com\/fr\/wp-json\/wp\/v2\/users\/2"}],"replies":[{"embeddable":true,"href":"https:\/\/www.europesays.com\/fr\/wp-json\/wp\/v2\/comments?post=182485"}],"version-history":[{"count":0,"href":"https:\/\/www.europesays.com\/fr\/wp-json\/wp\/v2\/posts\/182485\/revisions"}],"wp:featuredmedia":[{"embeddable":true,"href":"https:\/\/www.europesays.com\/fr\/wp-json\/wp\/v2\/media\/182486"}],"wp:attachment":[{"href":"https:\/\/www.europesays.com\/fr\/wp-json\/wp\/v2\/media?parent=182485"}],"wp:term":[{"taxonomy":"category","embeddable":true,"href":"https:\/\/www.europesays.com\/fr\/wp-json\/wp\/v2\/categories?post=182485"},{"taxonomy":"post_tag","embeddable":true,"href":"https:\/\/www.europesays.com\/fr\/wp-json\/wp\/v2\/tags?post=182485"}],"curies":[{"name":"wp","href":"https:\/\/api.w.org\/{rel}","templated":true}]}}