{"id":182487,"date":"2025-06-17T04:35:10","date_gmt":"2025-06-17T04:35:10","guid":{"rendered":"https:\/\/www.europesays.com\/fr\/182487\/"},"modified":"2025-06-17T04:35:10","modified_gmt":"2025-06-17T04:35:10","slug":"loeil-du-photographe-le-breguet-et-le-goeland-a-la-pointe-de-la-jument-a-tregunc","status":"publish","type":"post","link":"https:\/\/www.europesays.com\/fr\/182487\/","title":{"rendered":"L\u2019\u0152il du photographe\u00a0: le Br\u00e9guet et le go\u00e9land \u00e0 la pointe de la Jument \u00e0 Tr\u00e9gunc"},"content":{"rendered":"<p>Le 12 mai dernier, Daniel P\u00e9ron \u00e9tait \u00e0 la pointe de la Jument, \u00e0 Tr\u00e9gunc, au moment o\u00f9 un Br\u00e9guet Atlantique 2 de la Marine nationale survolait la c\u00f4te, mettant le cap sur Tr\u00e9vignon. Le temps de capturer ce moment, un go\u00e9land s\u2019est gliss\u00e9 dans le paysage, semblant suivre le sillage de l\u2019avion. Pour \u00eatre publi\u00e9 dans cette rubrique r\u00e9serv\u00e9e aux photographes amateurs du pays de Concarneau, adressez-nous vos clich\u00e9s, r\u00e9cents de pr\u00e9f\u00e9rence et d\u2019une r\u00e9solution d\u2019au moins 1 Mo, \u00e0 concarneau@letelegramme.fr. L\u2019envoi des images vaut autorisation de publication gratuite dans nos colonnes et sur le site internet du T\u00e9l\u00e9gramme.<\/p>\n","protected":false},"excerpt":{"rendered":"Le 12 mai dernier, Daniel P\u00e9ron \u00e9tait \u00e0 la pointe de la Jument, \u00e0 Tr\u00e9gunc, au moment o\u00f9&hellip;\n","protected":false},"author":2,"featured_media":182488,"comment_status":"","ping_status":"","sticky":false,"template":"","format":"standard","meta":{"footnotes":""},"categories":[1358],"tags":[1348,1384,1385,3322,1386,58,59,1011,27,32053,19529],"class_list":{"0":"post-182487","1":"post","2":"type-post","3":"status-publish","4":"format-standard","5":"has-post-thumbnail","7":"category-arts-et-design","8":"tag-arts","9":"tag-arts-and-design","10":"tag-arts-et-design","11":"tag-concarneau","12":"tag-design","13":"tag-divertissement","14":"tag-entertainment","15":"tag-fr","16":"tag-france","17":"tag-loeil-du-photographe","18":"tag-tregunc"},"share_on_mastodon":{"url":"https:\/\/pubeurope.com\/@fr\/114696848890772531","error":""},"_links":{"self":[{"href":"https:\/\/www.europesays.com\/fr\/wp-json\/wp\/v2\/posts\/182487","targetHints":{"allow":["GET"]}}],"collection":[{"href":"https:\/\/www.europesays.com\/fr\/wp-json\/wp\/v2\/posts"}],"about":[{"href":"https:\/\/www.europesays.com\/fr\/wp-json\/wp\/v2\/types\/post"}],"author":[{"embeddable":true,"href":"https:\/\/www.europesays.com\/fr\/wp-json\/wp\/v2\/users\/2"}],"replies":[{"embeddable":true,"href":"https:\/\/www.europesays.com\/fr\/wp-json\/wp\/v2\/comments?post=182487"}],"version-history":[{"count":0,"href":"https:\/\/www.europesays.com\/fr\/wp-json\/wp\/v2\/posts\/182487\/revisions"}],"wp:featuredmedia":[{"embeddable":true,"href":"https:\/\/www.europesays.com\/fr\/wp-json\/wp\/v2\/media\/182488"}],"wp:attachment":[{"href":"https:\/\/www.europesays.com\/fr\/wp-json\/wp\/v2\/media?parent=182487"}],"wp:term":[{"taxonomy":"category","embeddable":true,"href":"https:\/\/www.europesays.com\/fr\/wp-json\/wp\/v2\/categories?post=182487"},{"taxonomy":"post_tag","embeddable":true,"href":"https:\/\/www.europesays.com\/fr\/wp-json\/wp\/v2\/tags?post=182487"}],"curies":[{"name":"wp","href":"https:\/\/api.w.org\/{rel}","templated":true}]}}