{"id":182495,"date":"2025-06-17T04:39:10","date_gmt":"2025-06-17T04:39:10","guid":{"rendered":"https:\/\/www.europesays.com\/fr\/182495\/"},"modified":"2025-06-17T04:39:10","modified_gmt":"2025-06-17T04:39:10","slug":"alexandra-lamy-et-melanie-doutey-en-tournage-dans-le-lot-a-figeac-et-cahors-pour-le-film-compostelle","status":"publish","type":"post","link":"https:\/\/www.europesays.com\/fr\/182495\/","title":{"rendered":"Alexandra Lamy et M\u00e9lanie Doutey en tournage dans le Lot, \u00e0 Figeac et Cahors, pour le film \u00ab Compostelle \u00bb"},"content":{"rendered":"<p>            Par<br \/>\n        <strong><br \/>\n            <a href=\"https:\/\/actu.fr\/auteur\/marc-2\" title=\"Consulter tous les articles de Marc Louison\" rel=\"nofollow noopener\" target=\"_blank\">Marc Louison<\/a><br \/>\n        <\/strong><\/p>\n<p>        Publi\u00e9 le<\/p>\n<p>            16 juin 2025 \u00e0 11h47        <\/p>\n<p>Le <a href=\"https:\/\/actu.fr\/lot\/\" rel=\"nofollow noopener\" target=\"_blank\"><b>Lot<\/b><\/a>, terre de tournages\u2026 Apr\u00e8s <a href=\"https:\/\/actu.fr\/cinema\/lot-guillaume-canet-va-tourner-son-prochain-film-a-saint-cere_62120388.html\" rel=\"nofollow noopener\" target=\"_blank\"><b>Guillaume Canet<\/b><\/a> \u00e0 Saint-C\u00e9r\u00e9, le <b>r\u00e9alisateur Yann Samuell<\/b> est actuellement en tournage pour son <b>film \u00ab\u2009Compostelle\u2009\u00bb<\/b> avec <b>Alexandra Lamy, M\u00e9lanie Doutey, Julien Le Berre et \u00c9ric M\u00e9tayer<\/b>. Apr\u00e8s une journ\u00e9e de tournage samedi 14\u00a0juin 2025 devant la gare de<b> Figeac<\/b>, l\u2019\u00e9quipe est attendue \u00e0 <b>Cahors<\/b> ce mardi 17\u00a0juin. Le tournage devrait durer plusieurs jours dans la pr\u00e9fecture du Lot.<\/p>\n<p>Un film tourn\u00e9 sur le chemin de Saint-Jacques<\/p>\n<p class=\" wall-content\">Les cam\u00e9ras du r\u00e9alisateur Yann Samuell se sont pos\u00e9es samedi 14\u00a0juin devant la gare de Figeac. Le film \u00ab\u2009Compostelle\u2009\u00bb est inspir\u00e9 du <b>livre \u00ab\u2009Marche et invente ta vie\u2009\u00bb de Bernard Olivier, publi\u00e9 chez Flammarion<\/b>. Ce film \u00e9voque la rencontre d\u2019une adulte et d\u2019un adolescent, qui, sur les conseils d\u2019une association, vont parcourir le chemin vers <b>Saint-Jacques-de-Compostelle<\/b>, l\u2019une pour \u00ab\u2009apaiser son pass\u00e9\u2009\u00bb et l\u2019autre \u00ab\u2009pour canaliser sa col\u00e8re\u2009\u00bb\u2026<\/p>\n<p class=\" wall-content\">Le casting du film est compos\u00e9 d\u2019Alexandra Lamy, M\u00e9lanie Doutey, Julien Le Berre et \u00c9ric M\u00e9tayer.<\/p>\n<p class=\" wall-content\">Le tournage a d\u00e9but\u00e9 le 13\u00a0mai au Puy-en-Velay. Il s\u2019est poursuivi en Aveyron. Apr\u00e8s un passage \u00e0 Figeac, l\u2019\u00e9quipe est attendue ce mardi 17\u00a0juin \u00e0 Cahors, pour plusieurs jours de tournage. Le tournage va ensuite se poursuivre dans les Pyr\u00e9n\u00e9es puis en Espagne.<\/p>\n<p class=\" wall-content\"><b>Ce long-m\u00e9trage sortira dans les salles de cin\u00e9ma dans le courant de l\u2019ann\u00e9e 2026.<\/b><\/p>\n<p>Le correspondant de la Vie Quercynoise sur le tournage<\/p>\n<p class=\" wall-content\">Des Lotois ont particip\u00e9 au tournage en tant que figurants. C\u2019est le cas de <b>Raymond Moulinou, le correspondant de La Vie Quercynoise<\/b> sur la commune de Felzins.<\/p>\n<p>Vid\u00e9os : en ce moment sur Actu<\/p>\n<p class=\" wall-content\">Article r\u00e9dig\u00e9 avec la collaboration de R.J.M.<\/p>\n<p class=\" wall-content\">Suivez toute l\u2019actualit\u00e9 de vos villes et m\u00e9dias favoris en vous inscrivant \u00e0 <a href=\"https:\/\/moncompte.actu.fr\" title=\"D\u00e9couvez Mon Actu\" rel=\"nofollow noopener\" data-trk=\"{&quot;cta&quot;:{&quot;action&quot;:&quot;https:\\\/\\\/moncompte.actu.fr&quot;,&quot;category&quot;:&quot;mon compte&quot;,&quot;from&quot;:&quot;article footer&quot;,&quot;name&quot;:&quot;Mon actu&quot;,&quot;type&quot;:&quot;cta&quot;}}\" target=\"_blank\">Mon Actu<\/a>.<\/p>\n","protected":false},"excerpt":{"rendered":"Par Marc Louison Publi\u00e9 le 16 juin 2025 \u00e0 11h47 Le Lot, terre de tournages\u2026 Apr\u00e8s Guillaume Canet&hellip;\n","protected":false},"author":2,"featured_media":182496,"comment_status":"","ping_status":"","sticky":false,"template":"","format":"standard","meta":{"footnotes":""},"categories":[1354],"tags":[650,58,59,1346,1011,27,1360],"class_list":{"0":"post-182495","1":"post","2":"type-post","3":"status-publish","4":"format-standard","5":"has-post-thumbnail","7":"category-films","8":"tag-cinema","9":"tag-divertissement","10":"tag-entertainment","11":"tag-films","12":"tag-fr","13":"tag-france","14":"tag-movies"},"share_on_mastodon":{"url":"https:\/\/pubeurope.com\/@fr\/114696864917812070","error":""},"_links":{"self":[{"href":"https:\/\/www.europesays.com\/fr\/wp-json\/wp\/v2\/posts\/182495","targetHints":{"allow":["GET"]}}],"collection":[{"href":"https:\/\/www.europesays.com\/fr\/wp-json\/wp\/v2\/posts"}],"about":[{"href":"https:\/\/www.europesays.com\/fr\/wp-json\/wp\/v2\/types\/post"}],"author":[{"embeddable":true,"href":"https:\/\/www.europesays.com\/fr\/wp-json\/wp\/v2\/users\/2"}],"replies":[{"embeddable":true,"href":"https:\/\/www.europesays.com\/fr\/wp-json\/wp\/v2\/comments?post=182495"}],"version-history":[{"count":0,"href":"https:\/\/www.europesays.com\/fr\/wp-json\/wp\/v2\/posts\/182495\/revisions"}],"wp:featuredmedia":[{"embeddable":true,"href":"https:\/\/www.europesays.com\/fr\/wp-json\/wp\/v2\/media\/182496"}],"wp:attachment":[{"href":"https:\/\/www.europesays.com\/fr\/wp-json\/wp\/v2\/media?parent=182495"}],"wp:term":[{"taxonomy":"category","embeddable":true,"href":"https:\/\/www.europesays.com\/fr\/wp-json\/wp\/v2\/categories?post=182495"},{"taxonomy":"post_tag","embeddable":true,"href":"https:\/\/www.europesays.com\/fr\/wp-json\/wp\/v2\/tags?post=182495"}],"curies":[{"name":"wp","href":"https:\/\/api.w.org\/{rel}","templated":true}]}}