{"id":182501,"date":"2025-06-17T04:42:12","date_gmt":"2025-06-17T04:42:12","guid":{"rendered":"https:\/\/www.europesays.com\/fr\/182501\/"},"modified":"2025-06-17T04:42:12","modified_gmt":"2025-06-17T04:42:12","slug":"trois-personnes-en-garde-a-vue","status":"publish","type":"post","link":"https:\/\/www.europesays.com\/fr\/182501\/","title":{"rendered":"trois personnes en garde \u00e0 vue"},"content":{"rendered":"<p class=\"article-p mdl\">Trois personnes sont actuellement en garde \u00e0 vue dans le cadre de l\u2019enqu\u00eate sur la tentative de homejacking dont a \u00e9t\u00e9 victime l\u2019animateur Christophe Beaugrand, a confirm\u00e9 ce lundi 16 juin \u00e0 RTL le Parquet de Nanterre.\u00a0<\/p>\n<p class=\"article-p mdl\">\u00ab\u00a0Je vous confirme que nous avons <strong>deux mineurs et un majeur en garde \u00e0 vue<\/strong> dans le cadre de ce dossier, confi\u00e9 \u00e0 la brigade de S\u00fbret\u00e9 Territoriale des Hauts-de-Seine\u00a0\u00bb, a indiqu\u00e9 le parquet. Il a toutefois pr\u00e9cis\u00e9 qu\u2019aucune information suppl\u00e9mentaire ne serait communiqu\u00e9e \u00e0 ce stade de l\u2019enqu\u00eate concernant le profil des personnes interpell\u00e9es.<\/p>\n<p class=\"article-p mdl\">Pour rappel, dans la nuit du <strong>mercredi 4 au jeudi 5 juin 2025<\/strong>, Christophe Beaugrand, animateur et soci\u00e9taire des Grosses T\u00eates, et son mari ont \u00e9t\u00e9\u00a0<a class=\"link\" href=\"https:\/\/www.rtl.fr\/actu\/justice-faits-divers\/christophe-beaugrand-et-son-mari-victimes-d-une-violente-tentative-de-home-jacking-7900512623\" rel=\"nofollow noopener\" target=\"_blank\">victimes d\u2019une tentative de homejacking<\/a>\u00a0dans leur maison\u00a0des Hauts-de-Seine.<\/p>\n<p class=\"article-p mdl\">Deux cambrioleurs, arm\u00e9s de clubs de golf, ont fait irruption chez eux en pleine nuit, alors que l\u2019animateur dormait \u00e0 l\u2019\u00e9tage avec son mari. <strong>R\u00e9veill\u00e9 par le bruit,<\/strong> celui-ci \u00e9tait alors descendu et avait \u00e9t\u00e9 frapp\u00e9, alors qu&rsquo;il tentait de pr\u00e9venir les secours. Christophe Beaugrand, de son c\u00f4t\u00e9,\u00a0<a class=\"link\" href=\"https:\/\/www.rtl.fr\/actu\/justice-faits-divers\/a-a-ete-tres-tres-tres-long-christophe-beaugrand-raconte-la-tentative-de-home-jacking-a-son-domicile-7900512952\" rel=\"nofollow noopener\" target=\"_blank\">\u00e9tait parvenu \u00e0 se cacher avec son fils<\/a>.\u00a0<\/p>\n<p class=\"article-p mdl\">Le parquet de Nanterre avait alors ouvert une enqu\u00eate pour vol aggrav\u00e9 et violences aggrav\u00e9es.<\/p>\n<p>    L&rsquo;\u00e9quipe de l&rsquo;\u00e9mission vous recommande<\/p>\n<p class=\"s-newsletter__title\">\n                L\u2019actualit\u00e9 par la r\u00e9daction de RTL dans votre bo\u00eete mail.\n            <\/p>\n<p class=\"s-newsletter__subtitle\">\n                Gr\u00e2ce \u00e0 votre compte RTL abonnez-vous \u00e0 la newsletter RTL info pour suivre toute l&rsquo;actualit\u00e9 au quotidien\n            <\/p>\n<p>\n                                    Lire la suite\n                                <\/p>\n","protected":false},"excerpt":{"rendered":"Trois personnes sont actuellement en garde \u00e0 vue dans le cadre de l\u2019enqu\u00eate sur la tentative de homejacking&hellip;\n","protected":false},"author":2,"featured_media":182502,"comment_status":"","ping_status":"","sticky":false,"template":"","format":"standard","meta":{"footnotes":""},"categories":[8],"tags":[2441,9462,5410,58,59,107,1011,27,1175],"class_list":{"0":"post-182501","1":"post","2":"type-post","3":"status-publish","4":"format-standard","5":"has-post-thumbnail","7":"category-divertissement","8":"tag-arrestation","9":"tag-cambriolages","10":"tag-christophe-beaugrand","11":"tag-divertissement","12":"tag-entertainment","13":"tag-fil-info","14":"tag-fr","15":"tag-france","16":"tag-vol"},"share_on_mastodon":{"url":"https:\/\/pubeurope.com\/@fr\/114696876647336296","error":""},"_links":{"self":[{"href":"https:\/\/www.europesays.com\/fr\/wp-json\/wp\/v2\/posts\/182501","targetHints":{"allow":["GET"]}}],"collection":[{"href":"https:\/\/www.europesays.com\/fr\/wp-json\/wp\/v2\/posts"}],"about":[{"href":"https:\/\/www.europesays.com\/fr\/wp-json\/wp\/v2\/types\/post"}],"author":[{"embeddable":true,"href":"https:\/\/www.europesays.com\/fr\/wp-json\/wp\/v2\/users\/2"}],"replies":[{"embeddable":true,"href":"https:\/\/www.europesays.com\/fr\/wp-json\/wp\/v2\/comments?post=182501"}],"version-history":[{"count":0,"href":"https:\/\/www.europesays.com\/fr\/wp-json\/wp\/v2\/posts\/182501\/revisions"}],"wp:featuredmedia":[{"embeddable":true,"href":"https:\/\/www.europesays.com\/fr\/wp-json\/wp\/v2\/media\/182502"}],"wp:attachment":[{"href":"https:\/\/www.europesays.com\/fr\/wp-json\/wp\/v2\/media?parent=182501"}],"wp:term":[{"taxonomy":"category","embeddable":true,"href":"https:\/\/www.europesays.com\/fr\/wp-json\/wp\/v2\/categories?post=182501"},{"taxonomy":"post_tag","embeddable":true,"href":"https:\/\/www.europesays.com\/fr\/wp-json\/wp\/v2\/tags?post=182501"}],"curies":[{"name":"wp","href":"https:\/\/api.w.org\/{rel}","templated":true}]}}