{"id":182505,"date":"2025-06-17T04:44:09","date_gmt":"2025-06-17T04:44:09","guid":{"rendered":"https:\/\/www.europesays.com\/fr\/182505\/"},"modified":"2025-06-17T04:44:09","modified_gmt":"2025-06-17T04:44:09","slug":"maprimerenov-une-partie-du-dispositif-finalement-maintenue","status":"publish","type":"post","link":"https:\/\/www.europesays.com\/fr\/182505\/","title":{"rendered":"MaPrimeR\u00e9nov\u2019\u00a0: une partie du dispositif finalement maintenue"},"content":{"rendered":"<p class=\"paragraph text_align_left\">La fili\u00e8re du b\u00e2timent a semble-t-il r\u00e9ussi \u00e0 se faire entendre. Et la ministre charg\u00e9e du Logement, Val\u00e9rie L\u00e9tard, \u00e0 imposer son arbitrage. Face \u00e0 <a href=\"https:\/\/www.leparisien.fr\/economie\/suspension-de-maprimerenov-on-ne-va-pas-se-laisser-crever-sans-rien-dire-les-professionnels-vent-debout-05-06-2025-EPXWPSLV7FG5DDZYKEP5DPV7EE.php\" target=\"_self\" rel=\"noopener\">la bronca<\/a> qu\u2019avait provoqu\u00e9e <a href=\"https:\/\/www.leparisien.fr\/economie\/renovation-energetique-maprimerenov-suspendue-des-juillet-03-06-2025-NVVSMWFZGRB4DJYPMCJDCKYLMQ.php\" target=\"_blank\" rel=\"noreferrer noopener\">l\u2019annonce de la suspension de MaPrimeR\u00e9nov\u2019<\/a>jusqu\u2019au 15 septembre, le gouvernement a finalement d\u00e9cid\u00e9 de maintenir en place une partie du dispositif, \u00e0 savoir les \u00ab monogestes \u00bb, soit les travaux isol\u00e9s de r\u00e9novation des logements, comme l\u2019isolation des combles ou le remplacement d\u2019une chaudi\u00e8re au gaz ou au fioul par un syst\u00e8me de chauffage plus vertueux, type pompe \u00e0 chaleur (PAC). <\/p>\n<p class=\"paragraph text_align_left\">Les \u00ab r\u00e9novations d\u2019ampleur \u00bb, c\u2019est-\u00e0-dire conjuguant plusieurs gestes, sont en revanche bien exclues temporairement du dispositif, et m\u00eame sans doute plus t\u00f4t que pr\u00e9vu. Selon nos informations, cette suspension, annonc\u00e9e initialement \u00e0 partir du 1er juillet, pourrait intervenir avant la fin de cette semaine, vendredi ou samedi au plus tard. \u00ab Depuis son annonce, le nombre de dossiers d\u00e9pos\u00e9s pour MaPrimeR\u00e9nov\u2019 a plus que doubl\u00e9, confie une source gouvernementale. On est pass\u00e9 de 200 dossiers par jour, \u00e0 plus de 400. Il faut fermer les vannes. \u00bb<b> <\/b><\/p>\n<p class=\"paragraph text_align_left\">Concernant les monogestes, \u00ab la fermeture temporaire du guichet ne les concernera donc finalement pas, car l\u2019action sp\u00e9cifique de <a href=\"https:\/\/www.leparisien.fr\/economie\/fraudes-aberrations-du-systeme-mon-accompagnateur-renov-point-faible-de-maprimerenov-13-06-2025-JFMHWMGO75FMJNF26CRLK5GQ2I.php\" target=\"_blank\" rel=\"noreferrer noopener\">lutte contre la fraude<\/a> sera concentr\u00e9e sur la r\u00e9novation d\u2019ampleur, confirme Matignon au Parisien-Aujourd\u2019hui en France. Toutefois, l\u2019enveloppe budg\u00e9taire consacr\u00e9e \u00e0 MaPrimeR\u00e9nov\u2019 (r\u00e9novation d\u2019ampleur et monogestes) sera rigoureusement respect\u00e9e, sans coupe ni rallonge, d\u2019ici la fin de l\u2019ann\u00e9e. \u00bb<\/p>\n<p>La col\u00e8re de la fili\u00e8re b\u00e2timent<\/p>\n<p class=\"paragraph text_align_left\">Depuis la semaine derni\u00e8re, <a href=\"https:\/\/www.leparisien.fr\/economie\/maprimerenov-a-tue-mon-entreprise-le-temoignage-choc-dun-patron-qui-a-rendu-les-armes-26-05-2025-CAJZIQ5MQRFOZLRUF4PV2RHRC4.php\" target=\"_blank\" rel=\"noreferrer noopener\">la fili\u00e8re<\/a> \u00e9tait tr\u00e8s remont\u00e9e contre cette d\u00e9cision de suspendre MaPrimeR\u00e9nov\u2019. Les adh\u00e9rents de la F\u00e9d\u00e9ration fran\u00e7aise du b\u00e2timent (FFB) avaient notamment fait savoir qu\u2019avec ce gel, \u00ab un point de rupture avait \u00e9t\u00e9 atteint \u00bb. R\u00e9unie en congr\u00e8s la semaine derni\u00e8re, la direction de cette puissante f\u00e9d\u00e9ration avait demand\u00e9 au gouvernement a minima le maintien des monogestes. \u00c0 d\u00e9faut de quoi elle mena\u00e7ait d\u2019engager \u00ab avec ses f\u00e9d\u00e9rations locales des actions revendicatives de terrain \u00bb.<\/p>\n<p class=\"paragraph text_align_left\">Sur le terrain, de nombreuses collectivit\u00e9s craignaient \u00e9galement un effet domino d\u2019une suspension g\u00e9n\u00e9ralis\u00e9e de MaPrimeR\u00e9nov\u2019 : les aides locales distribu\u00e9es aux particuliers pour la r\u00e9novation \u00e9tant en effet en partie cal\u00e9es sur ce dispositif d\u2019aide publique. \u00ab La suspension de MaPrimeR\u00e9nov\u2019 pourrait remettre en cause toute cette cha\u00eene de financement compl\u00e9mentaire, par effet papillon \u00bb, expliquait ainsi Julien Chambon, le maire (Renaissance) de Houilles, en charge du logement au conseil d\u00e9partemental des Yvelines.<\/p>\n<p>Une suspension motiv\u00e9e par la lutte contre la fraude<\/p>\n<p class=\"paragraph text_align_left\">Le gouvernement avait justifi\u00e9 <a href=\"https:\/\/www.leparisien.fr\/economie\/maprimerenov-le-ministre-de-leconomie-eric-lombard-confirme-la-suspension-du-dispositif-04-06-2025-QI27HCYPEVHDHAKIHEZPCLMJTE.php\" target=\"_blank\" rel=\"noreferrer noopener\">la suspension temporaire<\/a> de MaPrimeR\u00e9nov\u2019 au nom notamment de la lutte contre la fraude. Il s\u2019agissait \u00ab de faire le m\u00e9nage \u00bb, selon l\u2019expression d\u2019une source gouvernementale, parmi les nombreuses entreprises plus ou moins honn\u00eates qui s\u2019\u00e9taient engouffr\u00e9es dans cette activit\u00e9 de la r\u00e9novation, attir\u00e9es par les montants des aides publiques, qui peuvent attendre parfois plusieurs dizaines de milliers d\u2019euros pour un seul chantier, lorsqu\u2019il s\u2019agit de r\u00e9novation dite d\u2019ampleur.<\/p>\n<p class=\"paragraph text_align_left\">Dans le viseur du gouvernement : les fameux MAR (pour Mon accompagnateur r\u00e9nov\u2019), des <a href=\"https:\/\/www.leparisien.fr\/economie\/suspension-de-maprimerenov-on-ne-va-pas-se-laisser-crever-sans-rien-dire-les-professionnels-vent-debout-05-06-2025-EPXWPSLV7FG5DDZYKEP5DPV7EE.php\" rel=\"noopener\" target=\"_blank\">entreprises en charge des travaux<\/a>, parfois des particuliers, mais \u00e9galement des professionnels dont le r\u00f4le est de jouer les interm\u00e9diaires. \u00ab On en compte actuellement 1 336 sous la forme de structures agr\u00e9\u00e9es, soit 3 789 MAR \u00bb, pr\u00e9cise l\u2019Agence nationale de l\u2019habitat (Anah), qui g\u00e8re MaPrimeR\u00e9nov\u2019pour le compte de l\u2019\u00c9tat. Mais un certain nombre de ces structures, au moins une sur dix, estime la fili\u00e8re, ne respecteraient pas les r\u00e8gles. Le gouvernement, au travers de l\u2019Anah, ou encore de la R\u00e9pression des fraudes (DGCCRF), n\u2019aura donc pas trop de l\u2019\u00e9t\u00e9 pour remettre le dispositif d\u2019\u00e9querre. Et d\u2019autant plus si les monogestes demeurent finalement dans le dispositif.<\/p>\n","protected":false},"excerpt":{"rendered":"La fili\u00e8re du b\u00e2timent a semble-t-il r\u00e9ussi \u00e0 se faire entendre. Et la ministre charg\u00e9e du Logement, Val\u00e9rie&hellip;\n","protected":false},"author":2,"featured_media":182506,"comment_status":"","ping_status":"","sticky":false,"template":"","format":"standard","meta":{"footnotes":""},"categories":[6],"tags":[35,33,34,1011,27,3746],"class_list":{"0":"post-182505","1":"post","2":"type-post","3":"status-publish","4":"format-standard","5":"has-post-thumbnail","7":"category-economie","8":"tag-business","9":"tag-economie","10":"tag-economy","11":"tag-fr","12":"tag-france","13":"tag-futurs"},"share_on_mastodon":{"url":"https:\/\/pubeurope.com\/@fr\/114696884277462416","error":""},"_links":{"self":[{"href":"https:\/\/www.europesays.com\/fr\/wp-json\/wp\/v2\/posts\/182505","targetHints":{"allow":["GET"]}}],"collection":[{"href":"https:\/\/www.europesays.com\/fr\/wp-json\/wp\/v2\/posts"}],"about":[{"href":"https:\/\/www.europesays.com\/fr\/wp-json\/wp\/v2\/types\/post"}],"author":[{"embeddable":true,"href":"https:\/\/www.europesays.com\/fr\/wp-json\/wp\/v2\/users\/2"}],"replies":[{"embeddable":true,"href":"https:\/\/www.europesays.com\/fr\/wp-json\/wp\/v2\/comments?post=182505"}],"version-history":[{"count":0,"href":"https:\/\/www.europesays.com\/fr\/wp-json\/wp\/v2\/posts\/182505\/revisions"}],"wp:featuredmedia":[{"embeddable":true,"href":"https:\/\/www.europesays.com\/fr\/wp-json\/wp\/v2\/media\/182506"}],"wp:attachment":[{"href":"https:\/\/www.europesays.com\/fr\/wp-json\/wp\/v2\/media?parent=182505"}],"wp:term":[{"taxonomy":"category","embeddable":true,"href":"https:\/\/www.europesays.com\/fr\/wp-json\/wp\/v2\/categories?post=182505"},{"taxonomy":"post_tag","embeddable":true,"href":"https:\/\/www.europesays.com\/fr\/wp-json\/wp\/v2\/tags?post=182505"}],"curies":[{"name":"wp","href":"https:\/\/api.w.org\/{rel}","templated":true}]}}