{"id":182507,"date":"2025-06-17T04:46:14","date_gmt":"2025-06-17T04:46:14","guid":{"rendered":"https:\/\/www.europesays.com\/fr\/182507\/"},"modified":"2025-06-17T04:46:14","modified_gmt":"2025-06-17T04:46:14","slug":"pourquoi-la-ligne-nouvelle-paris-normandie-est-toujours-dactualite","status":"publish","type":"post","link":"https:\/\/www.europesays.com\/fr\/182507\/","title":{"rendered":"pourquoi la Ligne Nouvelle Paris Normandie est toujours d&rsquo;actualit\u00e9"},"content":{"rendered":"<p>            Par<br \/>\n        <strong><br \/>\n            <a href=\"https:\/\/actu.fr\/auteur\/thomas-rideau\" title=\"Consulter tous les articles de Thomas Rideau\" target=\"_blank\" rel=\"noopener\">Thomas Rideau<\/a><br \/>\n        <\/strong><\/p>\n<p>        Publi\u00e9 le<\/p>\n<p>            16 juin 2025 \u00e0 17h28<br \/>\n        ; mis \u00e0 jour le 16 juin 2025 \u00e0 19h44    <\/p>\n<p>\u00ab\u2009Paradoxalement, le projet est relanc\u00e9.\u2009\u00bb La <a href=\"https:\/\/actu.fr\/tag\/lnpn-ligne-nouvelle-paris-normandie\" target=\"_blank\" rel=\"noopener\">ligne nouvelle Paris \u2013 Normandie (LNPN)<\/a> a fait couler des tonnes d\u2019encre. Mais peut-\u00eatre qu\u2019elle va continuer <strong>\u00e0 alimenter le d\u00e9bat<\/strong>. Ce vendredi 13\u00a0juin 2025, <a href=\"https:\/\/actu.fr\/normandie\/rouen_76540\/nouvelle-ligne-ferroviaire-entre-paris-et-la-normandie-le-projet-est-annule-pour-le-moment_62775138.html\" target=\"_blank\" rel=\"noopener\">le projet a connu un s\u00e9rieux contrecoup<\/a>, le Conseil d\u2019\u00e9tat ayant valid\u00e9 le sch\u00e9ma directeur de la R\u00e9gion \u00cele-de-France portant sur l\u2019environnement (SDRIF-E). Un sch\u00e9ma sur lequel ne se trouve donc pas la LNPN. Le coup est tr\u00e8s dur pour les habitants de <a href=\"https:\/\/actu.fr\/76actu\/\" target=\"_blank\" rel=\"noopener\">la Seine-Maritime<\/a>. Cette ligne attendue depuis des ann\u00e9es par les Normands ne se fera pas. En l\u2019\u00e9tat. Mais la partie n\u2019est pas perdue. Du tout. On vous explique.<\/p>\n<p>LA LNPN est-elle vraiment morte\u2009?<\/p>\n<p class=\" wall-content\">Quand <strong>Cyrille Moreau<\/strong>, vice-pr\u00e9sident de la <a href=\"https:\/\/actu.fr\/tag\/metropole-rouen\" target=\"_blank\" rel=\"noopener\">M\u00e9tropole Rouen Normandie<\/a> entend les mots d\u2019arr\u00eat ou de gel concernant le projet LNPN, il s\u2019\u00e9trangle\u2009: \u00ab\u2009Avec cette annonce, nous sommes dans l\u2019ordre du fake. Il y a \u00e0 la fois une part de v\u00e9rit\u00e9 et une part de mensonge. La v\u00e9rit\u00e9 est que le Conseil d\u2019\u00e9tat a valid\u00e9 le SDRIF-E (sch\u00e9ma directeur de la R\u00e9gion \u00cele-de-France, dans lequel la R\u00e9gion \u00cele-de-France a d\u00e9cid\u00e9 de ne pas faire figurer la LNPN). Le mensonge est de faire croire que par l\u00e0 le projet de LNPN est abandonn\u00e9.\u2009\u00bb<\/p>\n<p class=\" wall-content\">\u00ab\u2009Pour Val\u00e9rie P\u00e9cresse, c\u2019est avant tout une man\u0153uvre politicienne,<strong> c\u2019est malin, mais c\u2019est malsain<\/strong>. Si l\u2019\u00c9tat r\u00e9affirme sa d\u00e9cision de faire la LNPN et qu\u2019un trac\u00e9 sera adopt\u00e9, elle sera oblig\u00e9e de l\u2019int\u00e9grer dans son sch\u00e9ma. Elle pourra alors dire \u00e0 ses \u00e9lus\u2009: l\u2019\u00c9tat m\u2019a forc\u00e9 la main\u2009\u00bb, analyse l\u2019\u00e9lu \u00e9cologiste.<\/p>\n<p>Encore une fois\u2009: Les Yvelines sont gagnantes dans ce projet<\/p>\n<p class=\" wall-content\">Puis, revenant sur les arguments en faveur d\u2019une ligne qui profiterait aux deux R\u00e9gions, l\u2019\u00e9lu souligne\u2009: \u00ab\u2009Si on ne fait pas au moins la premi\u00e8re partie de la ligne, aux heures de pointe,<strong> pour faire fonctionner Eole<\/strong> (NDLR l<a href=\"https:\/\/actu.fr\/normandie\/rouen_76540\/sncf-des-travaux-vont-perturber-la-circulation-des-trains-sur-la-ligne-paris-rouen-le-havre-voici-quand_62661846.html\" target=\"_blank\" rel=\"noopener\">a prolongation du RER E jusqu\u2019\u00e0 Mantes-la-Jolie<\/a>), sur huit trains normands, il faudra en prendre deux. Il faut imp\u00e9rativement partager les faisceaux, et pour le faire dans de bonnes conditions, il faut faire le doublement du Mantois. Sinon il y aura une d\u00e9gradation des conditions de trajets \u00e0 la fois des trains normands et des trains franciliens.\u2009\u00bb<\/p>\n<p class=\" wall-content\">Le son de cloche est assez similaire chez Jean-Baptiste Gastinne, vice-pr\u00e9sident \u00e0 la R\u00e9gion Normande. \u00ab\u2009Il faut rappeler que<strong> le projet est inscrit dans la loi<\/strong> et est d\u2019int\u00e9r\u00eat national\u2009\u00bb et en aucun cas la validation de ce sch\u00e9ma directeur met fin au projet de LNPN. \u00ab\u2009Paradoxalement, il est relanc\u00e9. Dans deux semaines, nous avons une r\u00e9union de pilotage sous l\u2019\u00e9gide du ministre des Transports [Philippe Tabarot] le 1er\u00a0juillet. \u00c7a faisait un an qu\u2019il n\u2019y en avait pas eu\u2009\u00bb, explique le vice-pr\u00e9sident.<\/p>\n<p>\u00ab\u2009C\u2019est compliqu\u00e9 d\u2019\u00eatre contre un projet ferroviaire\u2009\u00bb<\/p>\n<p class=\" wall-content\">Mais l\u2019\u00e9lu entend les r\u00e9sistances yvelinoises et assure qu\u2019il existe<strong> \u00ab\u2009des marges de discussions\u2009\u00bb<\/strong>, aussi bien sur le trac\u00e9 que sur les modalit\u00e9s de trajet avec, pourquoi pas, un arr\u00eat marqu\u00e9 \u00e0 Mantes. \u00ab\u2009On va rouvrir les discussions.\u2009\u00bb<\/p>\n<p class=\" wall-content\">\u00ab\u2009C\u2019est compliqu\u00e9 d\u2019\u00eatre contre un projet ferroviaire\u2009\u00bb, note <strong>Jean-Baptiste Gastinne<\/strong>. \u00ab\u2009Depuis 2019, les fr\u00e9quentations du train normand ont bondi de 25\u2009%. On d\u00e9carbone tous les transports. On ne pourrait pas comprendre qu\u2019on abandonne un tel projet ferroviaire de cette envergure.\u2009\u00bb<\/p>\n<p class=\" wall-content\"><strong>Avec Fabien Massin<\/strong><\/p>\n<p>Suivez l\u2019actualit\u00e9 de Rouen <a href=\"https:\/\/www.whatsapp.com\/channel\/0029VaKfnf99hXF2ddApFB1D\" target=\"_blank\" rel=\"noopener\">sur notre cha\u00eene WhatsApp<\/a> et <a href=\"https:\/\/www.tiktok.com\/@76actu.fr?lang=fr\" target=\"_blank\" rel=\"noopener\">sur notre compte TikTok<\/a><\/p>\n<p class=\" wall-content\">Suivez toute l\u2019actualit\u00e9 de vos villes et m\u00e9dias favoris en vous inscrivant \u00e0 <a href=\"https:\/\/moncompte.actu.fr\" title=\"D\u00e9couvez Mon Actu\" rel=\"nofollow noopener\" data-trk=\"{&quot;cta&quot;:{&quot;action&quot;:&quot;https:\\\/\\\/moncompte.actu.fr&quot;,&quot;category&quot;:&quot;mon compte&quot;,&quot;from&quot;:&quot;article footer&quot;,&quot;name&quot;:&quot;Mon actu&quot;,&quot;type&quot;:&quot;cta&quot;}}\" target=\"_blank\">Mon Actu<\/a>.<\/p>\n<p>                    <script async src=\"\/\/www.tiktok.com\/embed.js\"><\/script><\/p>\n","protected":false},"excerpt":{"rendered":"Par Thomas Rideau Publi\u00e9 le 16 juin 2025 \u00e0 17h28 ; mis \u00e0 jour le 16 juin 2025&hellip;\n","protected":false},"author":2,"featured_media":182508,"comment_status":"","ping_status":"","sticky":false,"template":"","format":"standard","meta":{"footnotes":""},"categories":[4],"tags":[11,1011,27,31551,12,52,25,8691,2215],"class_list":{"0":"post-182507","1":"post","2":"type-post","3":"status-publish","4":"format-standard","5":"has-post-thumbnail","7":"category-france","8":"tag-actualites","9":"tag-fr","10":"tag-france","11":"tag-lnpn-ligne-nouvelle-paris-normandie","12":"tag-news","13":"tag-planete","14":"tag-republique-francaise","15":"tag-rer-e","16":"tag-sncf"},"share_on_mastodon":{"url":"https:\/\/pubeurope.com\/@fr\/114696892136602882","error":""},"_links":{"self":[{"href":"https:\/\/www.europesays.com\/fr\/wp-json\/wp\/v2\/posts\/182507","targetHints":{"allow":["GET"]}}],"collection":[{"href":"https:\/\/www.europesays.com\/fr\/wp-json\/wp\/v2\/posts"}],"about":[{"href":"https:\/\/www.europesays.com\/fr\/wp-json\/wp\/v2\/types\/post"}],"author":[{"embeddable":true,"href":"https:\/\/www.europesays.com\/fr\/wp-json\/wp\/v2\/users\/2"}],"replies":[{"embeddable":true,"href":"https:\/\/www.europesays.com\/fr\/wp-json\/wp\/v2\/comments?post=182507"}],"version-history":[{"count":0,"href":"https:\/\/www.europesays.com\/fr\/wp-json\/wp\/v2\/posts\/182507\/revisions"}],"wp:featuredmedia":[{"embeddable":true,"href":"https:\/\/www.europesays.com\/fr\/wp-json\/wp\/v2\/media\/182508"}],"wp:attachment":[{"href":"https:\/\/www.europesays.com\/fr\/wp-json\/wp\/v2\/media?parent=182507"}],"wp:term":[{"taxonomy":"category","embeddable":true,"href":"https:\/\/www.europesays.com\/fr\/wp-json\/wp\/v2\/categories?post=182507"},{"taxonomy":"post_tag","embeddable":true,"href":"https:\/\/www.europesays.com\/fr\/wp-json\/wp\/v2\/tags?post=182507"}],"curies":[{"name":"wp","href":"https:\/\/api.w.org\/{rel}","templated":true}]}}