{"id":182509,"date":"2025-06-17T04:47:10","date_gmt":"2025-06-17T04:47:10","guid":{"rendered":"https:\/\/www.europesays.com\/fr\/182509\/"},"modified":"2025-06-17T04:47:10","modified_gmt":"2025-06-17T04:47:10","slug":"les-dirigeants-du-g7-affirment-le-droit-disrael-a-se-defendre","status":"publish","type":"post","link":"https:\/\/www.europesays.com\/fr\/182509\/","title":{"rendered":"Les dirigeants du G7 affirment le droit d\u2019Isra\u00ebl \u00e0 \u00ab\u00a0se d\u00e9fendre\u00a0\u00bb\u2026"},"content":{"rendered":"<p>Donald Trump a quitt\u00e9 le sommet du G7<\/p>\n<p>Donald Trump vient de quitter en h\u00e9licopt\u00e8re le sommet du G7 au Canada, un jour plus t\u00f4t qu\u2019initialement pr\u00e9vu, afin de se consacrer selon la Maison-Blanche au conflit entre Isra\u00ebl et l\u2019Iran.<\/p>\n<p>Le pr\u00e9sident am\u00e9ricain a toutefois sign\u00e9 juste avant ce retour pr\u00e9cipit\u00e9 pour Washington un communiqu\u00e9 commun dans lequel les chefs d\u2019Etat et de gouvernement du groupe appellent \u00e0 une \u00ab\u00a0d\u00e9sescalade\u00a0\u00bb au Moyen-Orient.<\/p>\n<p>Le G7 affirme le droit d\u2019Isra\u00ebl \u00e0 \u00ab\u00a0se d\u00e9fendre\u00a0\u00bb<\/p>\n<p>Les dirigeants du G7, r\u00e9unis au Canada, affirment le droit d\u2019Isra\u00ebl \u00e0 \u00ab\u00a0se d\u00e9fendre\u00a0\u00bb et appellent \u00e0 \u00ab\u00a0prot\u00e9ger les civils\u00a0\u00bb. Dans une d\u00e9claration commune, ils affirment que \u00ab\u00a0l\u2019Iran est la principale source d\u2019instabilit\u00e9 et de terrorisme dans la r\u00e9gion\u00a0\u00bb et ajoutent\u00a0: \u00ab\u00a0Nous avons toujours \u00e9t\u00e9 clairs sur le fait que l\u2019Iran ne pourra jamais disposer d\u2019une arme nucl\u00e9aire\u00a0\u00bb.<\/p>\n<p>\u00ab\u00a0Nous demandons instamment que la r\u00e9solution de la crise en Iran aboutisse \u00e0 une d\u00e9sescalade plus vaste des hostilit\u00e9s au Moyen-Orient, y compris \u00e0 un cessez-le-feu \u00e0 Gaza\u00a0\u00bb, \u00e9crivent-ils enfin.<\/p>\n<p>Netanyahou affirme qu\u2019Isra\u00ebl est en train de changer \u00ab\u00a0la face du Moyen-Orient\u00a0\u00bb<\/p>\n<p>Avec ses frappes sur l\u2019Iran, Isra\u00ebl est en train de changer \u00ab\u00a0la face du Moyen-Orient\u00a0\u00bb, a d\u00e9clar\u00e9 lundi soir le Premier ministre isra\u00e9lien. Benyamin Netanyahou a \u00e9galement appel\u00e9 les Iraniens \u00e0 s\u2019\u00e9lever contre la \u00ab\u00a0tyrannie\u00a0\u00bb au pouvoir \u00e0 T\u00e9h\u00e9ran.<\/p>\n<p>L\u2019alerte a\u00e9rienne dans le nord d\u2019Isra\u00ebl est lev\u00e9e<\/p>\n<p>L\u2019arm\u00e9e isra\u00e9lienne vient d\u2019annoncer aux habitants des r\u00e9gions concern\u00e9es qu\u2019ils peuvent d\u00e9sormais quitter les abris.<\/p>\n<p>Alerte a\u00e9rienne dans le nord d\u2019Isra\u00ebl<\/p>\n<p>Les sir\u00e8nes d\u2019alerte a\u00e9rienne ont retenti ce mardi \u00e0 l\u2019aube dans plusieurs points du nord d\u2019Isra\u00ebl, a annonc\u00e9 l\u2019arm\u00e9e qui a dit avoir \u00ab\u00a0identifi\u00e9 des missiles lanc\u00e9s depuis l\u2019Iran vers le territoire de l\u2019Etat d\u2019Isra\u00ebl\u00a0\u00bb.<\/p>\n<p>Des pays arabes et musulmans en faveur d\u2019une \u00ab\u00a0zone exempte d\u2019armes nucl\u00e9aires\u00a0\u00bb au Moyen-Orient<\/p>\n<p>Dans un communiqu\u00e9 conjoint publi\u00e9 lundi, des pays arabes et musulmans soulignent \u00ab\u00a0l\u2019urgence de cr\u00e9er une zone exempte d\u2019armes nucl\u00e9aires et d\u2019autres armes de destruction massive au Moyen-Orient, s\u2019appliquant \u00e0 tous les \u00c9tats de la r\u00e9gion sans exception\u00a0\u00bb.<\/p>\n<p>Parmi les signataires figurent les m\u00e9diateurs du Qatar et d\u2019Oman, aux c\u00f4t\u00e9s de l\u2019Arabie saoudite, l\u2019\u00c9gypte, le Soudan, la Somalie, la Mauritanie, l\u2019Alg\u00e9rie, la Libye, le Kowe\u00eft, l\u2019Irak, la Jordanie, les \u00c9mirats arabes unis, le Bahre\u00efn, le Tchad, Djibouti, les Comores, la Turquie, ainsi que le Pakistan, unique pays musulman \u00e0 poss\u00e9der l\u2019arme nucl\u00e9aire et non-signataire du Trait\u00e9 sur la non-prolif\u00e9ration (TNP). Isra\u00ebl est largement pr\u00e9sum\u00e9 poss\u00e9der des armes nucl\u00e9aires, bien qu\u2019il ne l\u2019ait jamais officiellement reconnu.<\/p>\n<p>Les forces am\u00e9ricaines restent \u00ab\u00a0dans une posture d\u00e9fensive\u00a0\u00bb au Moyen-Orient<\/p>\n<p>Les forces am\u00e9ricaines \u00ab\u00a0sont dans une posture d\u00e9fensive\u00a0\u00bb au Moyen-Orient \u00ab\u00a0et cela n\u2019a pas chang\u00e9\u00a0\u00bb, vient d\u2019indiquer un porte-parole de la Maison-Blanche, Alex Pfeiffer, sur X. \u00ab\u00a0Nous d\u00e9fendrons les int\u00e9r\u00eats am\u00e9ricains\u00a0\u00bb dans la r\u00e9gion, ajoute-t-il \u00e9galement.<\/p>\n<p>Tsahal annonce une nouvelle vague de missiles iraniens en direction d\u2019Isra\u00ebl<\/p>\n<p>Selon CNN, l\u2019arm\u00e9e isra\u00e9lienne a d\u00e9clar\u00e9 que l\u2019Iran avait tir\u00e9 une nouvelle s\u00e9rie de missiles vers Isra\u00ebl, demandant \u00e0 la population de se r\u00e9fugier dans les abris et d\u2019y rester jusqu\u2019\u00e0 nouvel ordre. Selon Tsahal, \u00ab\u00a0les syst\u00e8mes de d\u00e9fense isra\u00e9liens s\u2019efforcent actuellement d\u2019intercepter la menace\u00a0\u00bb.<\/p>\n<p>Macron d\u00e9conseille de changer le r\u00e9gime iranien par la force<\/p>\n<p>Lors d\u2019un point presse depuis le sommet des dirigeants du G7 au Canada, Emmanuel Macron estime que vouloir changer le r\u00e9gime en Iran par la force serait une \u00ab\u00a0erreur strat\u00e9gique\u00a0\u00bb. Selon lui, \u00ab\u00a0tous ceux qui croient qu\u2019en frappant avec des bombes depuis l\u2019ext\u00e9rieur on sauve un pays malgr\u00e9 lui-m\u00eame et contre lui-m\u00eame se sont toujours tromp\u00e9s\u00a0\u00bb.<\/p>\n<p>Trump va quitter pr\u00e9matur\u00e9ment le G7<\/p>\n<p> \u00abA cause de ce qui se passe au Moyen-Orient, le pr\u00e9sident Trump va partir ce soir apr\u00e8s le d\u00eener\u00a0\u00bb avec les autres dirigeants du sommet du G7 au Canada, vient d\u2019annoncer sa porte-parole Karoline Leavitt sur X. Le pr\u00e9sident am\u00e9ricain, dont le s\u00e9jour au Canada devait se prolonger jusqu\u2019\u00e0 mardi et se conclure par une conf\u00e9rence de presse en fin de journ\u00e9e, \u00ab\u00a0rentre \u00e0 Washington pour s\u2019occuper de nombreux sujets importants\u00a0\u00bb.<\/p>\n<p>Trump lance un avertissement aux habitants de T\u00e9h\u00e9ran<\/p>\n<p> \u00abTout le monde devrait \u00e9vacuer T\u00e9h\u00e9ran imm\u00e9diatement\u00a0\u00bb, a d\u00e9clar\u00e9 lundi Donald Trump sur son r\u00e9seau Truth Social. \u00ab\u00a0L\u2019Iran aurait d\u00fb signer l'\u00a0\u00bbaccord\u00a0\u00bb quand je leur ai dit de signer. Quel dommage et quel g\u00e2chis de vies humaines. Pour le dire simplement, L\u2019IRAN NE PEUT PAS AVOIR D\u2019ARME NUCLEAIRE\u00a0\u00bb, a aussi \u00e9crit le pr\u00e9sident am\u00e9ricain.<\/p>\n<p>Bienvenue dans ce nouveau Live<\/p>\n<p>Bonsoir \u00e0 toutes et \u00e0 tous. Alors que la situation continue de s\u2019envenimer entre l\u2019Iran et Isra\u00ebl, la r\u00e9daction de 20 Minutes reste mobilis\u00e9e pour vous donner les derni\u00e8res informations sur le conflit. Pour la cinqui\u00e8me nuit cons\u00e9cutive, les deux pays \u00e9changent barrages de missiles et menaces guerri\u00e8res. T\u00e9h\u00e9ran annonce notamment des frappes \u00ab\u00a0sans interruption jusqu\u2019\u00e0 l\u2019aube\u00a0\u00bb apr\u00e8s une nouvelle vague d\u2019attaques isra\u00e9liennes contre sa t\u00e9l\u00e9vision nationale et plusieurs autres cibles.<\/p>\n","protected":false},"excerpt":{"rendered":"Donald Trump a quitt\u00e9 le sommet du G7 Donald Trump vient de quitter en h\u00e9licopt\u00e8re le sommet du&hellip;\n","protected":false},"author":2,"featured_media":182510,"comment_status":"","ping_status":"","sticky":false,"template":"","format":"standard","meta":{"footnotes":""},"categories":[2],"tags":[47,11,952,7613,3259,75,73,1011,27,3019,664,74,12,10458,133],"class_list":{"0":"post-182509","1":"post","2":"type-post","3":"status-publish","4":"format-standard","5":"has-post-thumbnail","7":"category-actualites","8":"tag-actualite","9":"tag-actualites","10":"tag-benyamin-netanyahou","11":"tag-conflit-au-proche-orient","12":"tag-conflit-israelo-palestinien","13":"tag-donald-trump","14":"tag-etats-unis","15":"tag-fr","16":"tag-france","17":"tag-iran","18":"tag-israel","19":"tag-monde","20":"tag-news","21":"tag-programme-nucleaire-iranien","22":"tag-video"},"share_on_mastodon":{"url":"https:\/\/pubeurope.com\/@fr\/114696896043048943","error":""},"_links":{"self":[{"href":"https:\/\/www.europesays.com\/fr\/wp-json\/wp\/v2\/posts\/182509","targetHints":{"allow":["GET"]}}],"collection":[{"href":"https:\/\/www.europesays.com\/fr\/wp-json\/wp\/v2\/posts"}],"about":[{"href":"https:\/\/www.europesays.com\/fr\/wp-json\/wp\/v2\/types\/post"}],"author":[{"embeddable":true,"href":"https:\/\/www.europesays.com\/fr\/wp-json\/wp\/v2\/users\/2"}],"replies":[{"embeddable":true,"href":"https:\/\/www.europesays.com\/fr\/wp-json\/wp\/v2\/comments?post=182509"}],"version-history":[{"count":0,"href":"https:\/\/www.europesays.com\/fr\/wp-json\/wp\/v2\/posts\/182509\/revisions"}],"wp:featuredmedia":[{"embeddable":true,"href":"https:\/\/www.europesays.com\/fr\/wp-json\/wp\/v2\/media\/182510"}],"wp:attachment":[{"href":"https:\/\/www.europesays.com\/fr\/wp-json\/wp\/v2\/media?parent=182509"}],"wp:term":[{"taxonomy":"category","embeddable":true,"href":"https:\/\/www.europesays.com\/fr\/wp-json\/wp\/v2\/categories?post=182509"},{"taxonomy":"post_tag","embeddable":true,"href":"https:\/\/www.europesays.com\/fr\/wp-json\/wp\/v2\/tags?post=182509"}],"curies":[{"name":"wp","href":"https:\/\/api.w.org\/{rel}","templated":true}]}}