{"id":18251,"date":"2025-04-11T21:02:11","date_gmt":"2025-04-11T21:02:11","guid":{"rendered":"https:\/\/www.europesays.com\/fr\/18251\/"},"modified":"2025-04-11T21:02:11","modified_gmt":"2025-04-11T21:02:11","slug":"lyon-les-archeologues-font-une-decouverte-exceptionnelle-sur-la-colline-de-fourviere","status":"publish","type":"post","link":"https:\/\/www.europesays.com\/fr\/18251\/","title":{"rendered":"Lyon : les arch\u00e9ologues font une d\u00e9couverte exceptionnelle sur la colline de Fourvi\u00e8re"},"content":{"rendered":"<p>C&rsquo;est un vestige que les arch\u00e9ologues cherchaient depuis longtemps \u00e0 Lyon. Au c\u0153ur du cimeti\u00e8re de Loyasse, perch\u00e9 sur la colline de Fourvi\u00e8re, ils ont d\u00e9couvert l&rsquo;une des principales entr\u00e9es de Lugdunum.<\/p>\n<p>\u00ab\u00a0On ne s&rsquo;attendait pas \u00e0 la trouver ici\u00a0\u00bb, note <b>Sophie Fran\u00e7ois<\/b>, directrice du service arch\u00e9ologique de la Ville de Lyon. <\/p>\n<p>De cette porte antique, principale entr\u00e9e dans Lugdunum, les arch\u00e9ologues ont pu trouver l&rsquo;une des deux tours. Elle devait probablement s&rsquo;\u00e9lever \u00e0 plus de dix m\u00e8tres. <\/p>\n<p>Une portion de voie romaine a \u00e9galement \u00e9t\u00e9 exhum\u00e9e. \u00ab\u00a0La voie de l&rsquo;oc\u00e9an\u00a0\u00bb, qui menait en r\u00e9alit\u00e9 vers la Manche et Boulogne-sur-Mer. Des cheminements pi\u00e9tons et d&rsquo;autres, pour les charrettes, \u00e9taient am\u00e9nag\u00e9s. <\/p>\n<p>\u00ab\u00a0Cela nous apprend que l&rsquo;enceinte de la Ville \u00e9tait en fait bien plus importante que ce que l&rsquo;on imaginait au d\u00e9part&rsquo;, poursuit Sophie Fran\u00e7ois.<\/p>\n<p>Un foss\u00e9 de la Bataille de Lyon ?<\/p>\n<p>Les arch\u00e9ologues qui ont fouill\u00e9 les lieux dans le cadre d&rsquo;un chantier actuellement en cours sur le cimeti\u00e8re de Loyasse ont aussi d\u00e9couvert un foss\u00e9. <\/p>\n<p>\u00ab\u00a0Cet ouvrage pourrait correspondre \u00e0 l&rsquo;un des foss\u00e9s d\u00e9fensifs creus\u00e9s par Clodius Albinus pour emp\u00eacher l&rsquo;acc\u00e8s \u00e0 la porte et ainsi interdire l&rsquo;entr\u00e9e de la ville aux troupes de Septime S\u00e9v\u00e8re en 197, \u00e0 l&rsquo;occasion de la bataille de Lyon. Il s&rsquo;agirait ainsi du <b>seul t\u00e9moin physique majeur<\/b> de cette bataille retrouv\u00e9 \u00e0 l&rsquo;heure actuelle\u00a0\u00bb, pr\u00e9cisent les services de la Ville. <\/p>\n<p>Entass\u00e9s dans ce foss\u00e9, de multiples objets ont \u00e9t\u00e9 r\u00e9cup\u00e9r\u00e9s. Des c\u00e9ramiques, mais aussi, le squelette d&rsquo;un cheval&#8230; Autant de d\u00e9couvertes qui feront l&rsquo;objet de recherches dans les mois qui viennent. <\/p>\n<p>\u00c0 noter pour les curieux : les vestiges seront exceptionnellement ouverts \u00e0 la visite du public, <a class=\"url\" href=\"https:\/\/inscriptions.lyon.fr\/InscriptionSimple\/jsp\/site\/Portal.jsp?page=appointment&amp;view=getAppointmentFormFirstStep&amp;id_form=2134&amp;nb_week=0\" target=\"_blank\" rel=\"nofollow noopener\">sur inscription ici<\/a>, les samedis 12 et 19 avril 2025. Les fouilles seront ensuite r\u00e9enffouient pour permettre leur pr\u00e9servation le temps du chantier.<\/p>\n<p><\/p>\n","protected":false},"excerpt":{"rendered":"C&rsquo;est un vestige que les arch\u00e9ologues cherchaient depuis longtemps \u00e0 Lyon. Au c\u0153ur du cimeti\u00e8re de Loyasse, perch\u00e9&hellip;\n","protected":false},"author":2,"featured_media":18252,"comment_status":"","ping_status":"","sticky":false,"template":"","format":"standard","meta":{"footnotes":""},"categories":[1889],"tags":[1111,11,7269,2430,7272,1777,674,1011,27,7271,2428,12,7270,25],"class_list":{"0":"post-18251","1":"post","2":"type-post","3":"status-publish","4":"format-standard","5":"has-post-thumbnail","7":"category-lyon","8":"tag-actu","9":"tag-actualites","10":"tag-archeologues","11":"tag-auvergne-rhone-alpes","12":"tag-empire-romain","13":"tag-eu","14":"tag-europe","15":"tag-fr","16":"tag-france","17":"tag-loyasse","18":"tag-lyon","19":"tag-news","20":"tag-porte-antique","21":"tag-republique-francaise"},"share_on_mastodon":{"url":"https:\/\/pubeurope.com\/@fr\/114321355241033362","error":""},"_links":{"self":[{"href":"https:\/\/www.europesays.com\/fr\/wp-json\/wp\/v2\/posts\/18251","targetHints":{"allow":["GET"]}}],"collection":[{"href":"https:\/\/www.europesays.com\/fr\/wp-json\/wp\/v2\/posts"}],"about":[{"href":"https:\/\/www.europesays.com\/fr\/wp-json\/wp\/v2\/types\/post"}],"author":[{"embeddable":true,"href":"https:\/\/www.europesays.com\/fr\/wp-json\/wp\/v2\/users\/2"}],"replies":[{"embeddable":true,"href":"https:\/\/www.europesays.com\/fr\/wp-json\/wp\/v2\/comments?post=18251"}],"version-history":[{"count":0,"href":"https:\/\/www.europesays.com\/fr\/wp-json\/wp\/v2\/posts\/18251\/revisions"}],"wp:featuredmedia":[{"embeddable":true,"href":"https:\/\/www.europesays.com\/fr\/wp-json\/wp\/v2\/media\/18252"}],"wp:attachment":[{"href":"https:\/\/www.europesays.com\/fr\/wp-json\/wp\/v2\/media?parent=18251"}],"wp:term":[{"taxonomy":"category","embeddable":true,"href":"https:\/\/www.europesays.com\/fr\/wp-json\/wp\/v2\/categories?post=18251"},{"taxonomy":"post_tag","embeddable":true,"href":"https:\/\/www.europesays.com\/fr\/wp-json\/wp\/v2\/tags?post=18251"}],"curies":[{"name":"wp","href":"https:\/\/api.w.org\/{rel}","templated":true}]}}