{"id":182511,"date":"2025-06-17T04:48:11","date_gmt":"2025-06-17T04:48:11","guid":{"rendered":"https:\/\/www.europesays.com\/fr\/182511\/"},"modified":"2025-06-17T04:48:11","modified_gmt":"2025-06-17T04:48:11","slug":"on-vit-de-notre-passion-et-cest-bien","status":"publish","type":"post","link":"https:\/\/www.europesays.com\/fr\/182511\/","title":{"rendered":"\u00ab\u00a0On vit de notre passion et c\u2019est bien\u00a0\u00bb"},"content":{"rendered":"<p>Les commerces regorgent d\u2019histoires et celles que nous offre l\u2019actualit\u00e9 appelouse sont belles.<\/p>\n<p>Ces derni\u00e8res semaines, deux restaurants de Firminy ont \u00e9t\u00e9 repris par des salari\u00e9s. Tous se sont lanc\u00e9s dans le grand bain apr\u00e8s avoir \u00e9t\u00e9 employ\u00e9s et aux commandes des \u00e9tablissements pendant une dur\u00e9e diff\u00e9rente. Ils ont fait le grand saut, mais pas forc\u00e9ment dans l\u2019inconnu puisqu&rsquo;ils \u00e9taient d\u00e9j\u00e0 habitu\u00e9s \u00e0 tout g\u00e9rer.<\/p>\n<p>Sylvia Forge et Baptiste Hubster ont pris les r\u00eanes d\u2019\u00d4 Corso et ont rouvert le restaurant jeudi 22\u00a0mai. Au 8, Tiphanie Marchant a pris la suite de son d\u00e9sormais ancien patron, parti \u00e0 la retraite.<\/p>\n<p>\u00ab\u00a0C\u2019est le moment\u00a0\u00bb<\/p>\n<p>Le couple qui pr\u00e9side \u00e0 la destin\u00e9e d\u2019\u00d4 Corso s\u2019est connu \u00e0 Lyon, l\u00e0 o\u00f9 la jeune&#8230;<\/p>\n","protected":false},"excerpt":{"rendered":"Les commerces regorgent d\u2019histoires et celles que nous offre l\u2019actualit\u00e9 appelouse sont belles. Ces derni\u00e8res semaines, deux restaurants&hellip;\n","protected":false},"author":2,"featured_media":182512,"comment_status":"","ping_status":"","sticky":false,"template":"","format":"standard","meta":{"footnotes":""},"categories":[9653],"tags":[1111,11,2430,4406,33,7539,1777,674,107,10282,10283,1011,27,3367,12,25,4001],"class_list":{"0":"post-182511","1":"post","2":"type-post","3":"status-publish","4":"format-standard","5":"has-post-thumbnail","7":"category-saint-etienne","8":"tag-actu","9":"tag-actualites","10":"tag-auvergne-rhone-alpes","11":"tag-commerce-et-services","12":"tag-economie","13":"tag-edition-loire-sud","14":"tag-eu","15":"tag-europe","16":"tag-fil-info","17":"tag-firminy","18":"tag-firminy-ville","19":"tag-fr","20":"tag-france","21":"tag-loire","22":"tag-news","23":"tag-republique-francaise","24":"tag-saint-etienne"},"share_on_mastodon":{"url":"https:\/\/pubeurope.com\/@fr\/114696900017806526","error":""},"_links":{"self":[{"href":"https:\/\/www.europesays.com\/fr\/wp-json\/wp\/v2\/posts\/182511","targetHints":{"allow":["GET"]}}],"collection":[{"href":"https:\/\/www.europesays.com\/fr\/wp-json\/wp\/v2\/posts"}],"about":[{"href":"https:\/\/www.europesays.com\/fr\/wp-json\/wp\/v2\/types\/post"}],"author":[{"embeddable":true,"href":"https:\/\/www.europesays.com\/fr\/wp-json\/wp\/v2\/users\/2"}],"replies":[{"embeddable":true,"href":"https:\/\/www.europesays.com\/fr\/wp-json\/wp\/v2\/comments?post=182511"}],"version-history":[{"count":0,"href":"https:\/\/www.europesays.com\/fr\/wp-json\/wp\/v2\/posts\/182511\/revisions"}],"wp:featuredmedia":[{"embeddable":true,"href":"https:\/\/www.europesays.com\/fr\/wp-json\/wp\/v2\/media\/182512"}],"wp:attachment":[{"href":"https:\/\/www.europesays.com\/fr\/wp-json\/wp\/v2\/media?parent=182511"}],"wp:term":[{"taxonomy":"category","embeddable":true,"href":"https:\/\/www.europesays.com\/fr\/wp-json\/wp\/v2\/categories?post=182511"},{"taxonomy":"post_tag","embeddable":true,"href":"https:\/\/www.europesays.com\/fr\/wp-json\/wp\/v2\/tags?post=182511"}],"curies":[{"name":"wp","href":"https:\/\/api.w.org\/{rel}","templated":true}]}}