{"id":182513,"date":"2025-06-17T04:49:12","date_gmt":"2025-06-17T04:49:12","guid":{"rendered":"https:\/\/www.europesays.com\/fr\/182513\/"},"modified":"2025-06-17T04:49:12","modified_gmt":"2025-06-17T04:49:12","slug":"saint-etienne-limprimerie-reboul-change-a-nouveau-dactionnaires","status":"publish","type":"post","link":"https:\/\/www.europesays.com\/fr\/182513\/","title":{"rendered":"Saint-Etienne : l\u2019imprimerie Reboul change \u00e0 nouveau d\u2019actionnaires"},"content":{"rendered":"<p><img loading=\"lazy\" decoding=\"async\" alt=\"\u00a9 Denis Meynard - Sud Offset Imprimerie est depuis l\u2019an dernier dans le giron d\u2019ICA.\" data-zoom-src=\"https:\/\/www.europesays.com\/fr\/wp-content\/uploads\/2025\/06\/initial-sud-offset.jpg\" data-zoomable=\"\" height=\"702\" src=\"https:\/\/www.europesays.com\/fr\/wp-content\/uploads\/2025\/06\/initial-sud-offset.jpg\" width=\"1248\"\/>  <\/p>\n<p class=\"article-desc\">\u00a9 Denis Meynard &#8211; Sud Offset Imprimerie est depuis l\u2019an dernier dans le giron d\u2019ICA. <\/p>\n<p>La soci\u00e9t\u00e9 Icrea (groupe familial ICA\u00a0: Imprimerie Courand &amp; Associ\u00e9s) de Tignieu-Jameyzieu, en Is\u00e8re, est le repreneur des actifs de l\u2019ex-Scop Auraprint-x, en <strong>redressement judiciaire depuis octobre dernier<\/strong>. <\/p>\n<p>Elle comprend principalement l\u2019outil industriel regroup\u00e9 sur le site de l\u2019imprimerie Reboul, acquise par Auraprint-x en f\u00e9vrier 2024, car ce dernier a ferm\u00e9 ses ateliers d\u2019Yssingeaux en fin d\u2019ann\u00e9e derni\u00e8re et s\u2019appr\u00eatait \u00e0 faire de m\u00eame \u00e0 Montagny, <a href=\"https:\/\/mesinfos.fr\/42000-saint-etienne\/saint-etienne-de-nouveaux-actionnaires-en-vue-pour-l-imprimerie-reboul-222950.html\" target=\"_blank\" rel=\"noopener\">dans le Roannais<\/a>. <\/p>\n<p>Le groupe is\u00e9rois reprend 30 salari\u00e9s <\/p>\n<p>Comme le souhaitaient les repr\u00e9sentants des salari\u00e9s, cette offre, qui porte sur <strong>la reprise de 30 personnes<\/strong>, a \u00e9t\u00e9 pr\u00e9f\u00e9r\u00e9e \u00e0 celle du groupe Sprint. <\/p>\n<p>Lequel proposait d\u2019en conserver 39, plus le dirigeant de l\u2019ex-Scop, Jean-Marc Marzona. La proposition retenue par le tribunal de commerce du Puy-en-Velay associe par ailleurs l\u2019actuel directeur de la production d\u2019Auraprint-x, <strong>Lucas Vanden, qui conservera cette fonction et d\u00e9tiendra 10% du capital <\/strong>de la nouvelle soci\u00e9t\u00e9, au c\u00f4t\u00e9 d\u2019Icrea (90%). <\/p>\n<p>Dirig\u00e9e par R\u00e9mi Courand, ICA a r\u00e9alis\u00e9 en 2024 <strong>un chiffre d\u2019affaires de 11,2 millions d\u2019euros<\/strong> avec 56 salari\u00e9s. Il a repris en f\u00e9vrier 2024 la soci\u00e9t\u00e9 Sud Offset Imprimerie, qui emploie huit personnes \u00e0 La Ricamarie. <\/p>\n<p>L\u2019entreprise familiale envisage d\u00e9sormais un rapprochement de ses deux sites de production de la r\u00e9gion st\u00e9phanoise.<\/p>\n","protected":false},"excerpt":{"rendered":"\u00a9 Denis Meynard &#8211; Sud Offset Imprimerie est depuis l\u2019an dernier dans le giron d\u2019ICA. La soci\u00e9t\u00e9 Icrea&hellip;\n","protected":false},"author":2,"featured_media":182514,"comment_status":"","ping_status":"","sticky":false,"template":"","format":"standard","meta":{"footnotes":""},"categories":[9653],"tags":[1111,11,2430,1777,674,1011,27,693,12,25,4001,15880],"class_list":{"0":"post-182513","1":"post","2":"type-post","3":"status-publish","4":"format-standard","5":"has-post-thumbnail","7":"category-saint-etienne","8":"tag-actu","9":"tag-actualites","10":"tag-auvergne-rhone-alpes","11":"tag-eu","12":"tag-europe","13":"tag-fr","14":"tag-france","15":"tag-industrie","16":"tag-news","17":"tag-republique-francaise","18":"tag-saint-etienne","19":"tag-ville-de-saint-etienne"},"share_on_mastodon":{"url":"https:\/\/pubeurope.com\/@fr\/114696904137449452","error":""},"_links":{"self":[{"href":"https:\/\/www.europesays.com\/fr\/wp-json\/wp\/v2\/posts\/182513","targetHints":{"allow":["GET"]}}],"collection":[{"href":"https:\/\/www.europesays.com\/fr\/wp-json\/wp\/v2\/posts"}],"about":[{"href":"https:\/\/www.europesays.com\/fr\/wp-json\/wp\/v2\/types\/post"}],"author":[{"embeddable":true,"href":"https:\/\/www.europesays.com\/fr\/wp-json\/wp\/v2\/users\/2"}],"replies":[{"embeddable":true,"href":"https:\/\/www.europesays.com\/fr\/wp-json\/wp\/v2\/comments?post=182513"}],"version-history":[{"count":0,"href":"https:\/\/www.europesays.com\/fr\/wp-json\/wp\/v2\/posts\/182513\/revisions"}],"wp:featuredmedia":[{"embeddable":true,"href":"https:\/\/www.europesays.com\/fr\/wp-json\/wp\/v2\/media\/182514"}],"wp:attachment":[{"href":"https:\/\/www.europesays.com\/fr\/wp-json\/wp\/v2\/media?parent=182513"}],"wp:term":[{"taxonomy":"category","embeddable":true,"href":"https:\/\/www.europesays.com\/fr\/wp-json\/wp\/v2\/categories?post=182513"},{"taxonomy":"post_tag","embeddable":true,"href":"https:\/\/www.europesays.com\/fr\/wp-json\/wp\/v2\/tags?post=182513"}],"curies":[{"name":"wp","href":"https:\/\/api.w.org\/{rel}","templated":true}]}}