{"id":182519,"date":"2025-06-17T04:52:23","date_gmt":"2025-06-17T04:52:23","guid":{"rendered":"https:\/\/www.europesays.com\/fr\/182519\/"},"modified":"2025-06-17T04:52:23","modified_gmt":"2025-06-17T04:52:23","slug":"portes-ouvertes-chez-opel-et-diat-ce-week-end-a-toulon-et-ollioules","status":"publish","type":"post","link":"https:\/\/www.europesays.com\/fr\/182519\/","title":{"rendered":"Portes Ouvertes chez Opel et DIAT ce week-end \u00e0 Toulon et Ollioules"},"content":{"rendered":"<p class=\"ai-optimize-8 ai-optimize-introduction\"><strong>Publi-reportage<\/strong><\/p>\n<p class=\"ai-optimize-6 ai-optimize-introduction\">Ce jeudi 12 juin, la concession <strong>Opel Toulon<\/strong> a organis\u00e9 un \u00e9v\u00e9nement original et festif autour de la <strong>pr\u00e9sentation exclusive du nouveau Frontera hybride<\/strong>.<br \/>Au programme : <strong>d\u00e9gustation de vins<\/strong>, <strong>d\u00e9fil\u00e9 de mode<\/strong>, ambiance conviviale et d\u00e9couverte d\u2019un mod\u00e8le qui marque un nouveau tournant pour la marque allemande.<\/p>\n<p><img loading=\"lazy\" decoding=\"async\" class=\"size-full wp-image-54337\" src=\"https:\/\/www.europesays.com\/fr\/wp-content\/uploads\/2025\/06\/Portes-ouvertes-Diat-Opel-Toulon-et-Olioules.jpg\" alt=\"Ports Ouvertes Opel Diat Toulon et Ollioules\" width=\"800\" height=\"449\"  \/>Les mannequins b\u00e9n\u00e9voles de B Comme Charlie \u00e0 suivre sur instagram<br \/>\n<strong>Opel Toulon lance le nouveau Frontera et annonce un week-end Portes Ouvertes avec DIAT et Opel Ollioules<\/strong><\/p>\n<p class=\"ai-optimize-7\">Le <strong>nouveau Frontera<\/strong> s\u00e9duit par son design moderne, son format compact et sa motorisation hybride, adapt\u00e9e aux usages quotidiens comme aux escapades du week-end. Le public pr\u00e9sent a pu approcher le v\u00e9hicule, monter \u00e0 bord et profiter des conseils des \u00e9quipes Opel.<\/p>\n<p class=\"ai-optimize-8\">Ce lancement marque aussi l\u2019ouverture d\u2019un <strong>week-end sp\u00e9cial Portes Ouvertes<\/strong>, \u00e0 ne pas manquer !<\/p>\n<p><strong>13, 14 et 15 juin : Portes Ouvertes chez Opel et DIAT \u00e0 Toulon et Ollioules<\/strong><\/p>\n<p class=\"ai-optimize-10\">Tout au long du week-end, les concessions <strong>Opel Toulon<\/strong>, <strong>Opel Ollioules<\/strong> et <strong>DIAT<\/strong> (repr\u00e9sentant les marques <strong>Jeep<\/strong>, <strong>Alfa Romeo<\/strong>, <strong>Fiat<\/strong> et <strong>Abarth<\/strong>) vous accueillent pour d\u00e9couvrir leurs gammes, poser vos questions et essayer les v\u00e9hicules.<\/p>\n<p>Au programme :<\/p>\n<ul>\n<li class=\"ai-optimize-12\"><strong>V\u00e9hicules neufs et occasions disponibles imm\u00e9diatement<\/strong><\/li>\n<li class=\"ai-optimize-13\"><strong>Offres de reprise avantageuses<\/strong><\/li>\n<li class=\"ai-optimize-14\"><strong>Solutions de financement adapt\u00e9es<\/strong><\/li>\n<li class=\"ai-optimize-15\"><strong>Essais sur place et conseils personnalis\u00e9s<\/strong><\/li>\n<\/ul>\n<p class=\"ai-optimize-16\">Que vous cherchiez un SUV, une citadine, une familiale ou une sportive, vous trouverez un large choix, des conseils, et des \u00e9quipes disponibles dans les deux concessions.<\/p>\n<p class=\"ai-optimize-17\"><strong>Rendez-vous d\u00e8s ce vendredi 13 juin<\/strong> dans les concessions de Toulon et Ollioules.<br \/>Un seul mot d\u2019ordre : <strong>tester, comparer, et pourquoi pas repartir au volant de votre prochaine voiture !<\/strong><\/p>\n<p class=\"ai-optimize-6\"><a href=\"https:\/\/www.tressol-chabrier.com\/\" rel=\"nofollow noopener\" target=\"_blank\">Groupe Tressol Chabrier\u00a0<\/a><\/p>\n<p class=\"ai-optimize-7\"><a href=\"https:\/\/www.opel.fr\/vehicules\/frontera\/frontera-bev\/overview.html?&amp;utm_source=google&amp;utm_medium=cpc&amp;utm_id=21656419428&amp;utm_campaign=21656419428&amp;utm_term=2303978278704&amp;utm_content=21656419428_177396089225_2303978278704&amp;gad_source=1&amp;gad_campaignid=21656419428&amp;gbraid=0AAAAAD88AquK0DBw4EjYfLMBxYMDLjlSs&amp;gclid=Cj0KCQjwmK_CBhCEARIsAMKwcD7zZTW0OCAPYk6FuOy6wv8x4krGLwLO4JozZPS7MIvV_a0gk89GHKUaAl-fEALw_wcB&amp;gclsrc=aw.ds\" target=\"_blank\" rel=\"noopener nofollow\">Le nouveau Frontera<\/a><\/p>\n<p class=\"ai-optimize-8\">Grande Panda<\/p>\n<p class=\"ai-optimize-6\">A lire aussi<\/p>\n<p class=\"ai-optimize-7\"><a href=\"https:\/\/www.info83.fr\/la-concession-diat-du-groupe-tressol-chabrier-accueille-jeep\/\" target=\"_blank\" rel=\"noopener nofollow\">La Concession DIAT du groupe Tressol Chabrier accueille JEEP<\/a><\/p>\n<p class=\"ai-optimize-9\"><a href=\"https:\/\/www.info83.fr\/la-grande-panda-devoilee-en-avant-premiere-chez-diat\/\" target=\"_blank\" rel=\"noopener nofollow\">La Grande Panda d\u00e9voil\u00e9e en avant-premi\u00e8re chez DIAT<\/a><\/p>\n<p class=\"ai-optimize-8\"><strong><img decoding=\"async\" class=\"emoji\" role=\"img\" draggable=\"false\" src=\"https:\/\/s.w.org\/images\/core\/emoji\/13.1.0\/svg\/1f538.svg\" alt=\"\ud83d\udd38\" data-pin-no-hover=\"true\"\/>Info83, le Var proche de vous<br \/><\/strong><\/p>\n<p class=\"ai-optimize-9\"><img decoding=\"async\" class=\"emoji\" role=\"img\" draggable=\"false\" src=\"https:\/\/s.w.org\/images\/core\/emoji\/13.1.0\/svg\/27a1.svg\" alt=\"\u27a1\ufe0f\" data-pin-no-hover=\"true\"\/>\u00a0<a href=\"https:\/\/bit.ly\/2OZZMMK\" target=\"_blank\" rel=\"noopener noreferrer nofollow\">Facebook Info83<\/a><\/p>\n<p class=\"ai-optimize-10\"><img decoding=\"async\" class=\"emoji\" role=\"img\" draggable=\"false\" src=\"https:\/\/s.w.org\/images\/core\/emoji\/13.1.0\/svg\/27a1.svg\" alt=\"\u27a1\ufe0f\" data-pin-no-hover=\"true\"\/>\u00a0<a href=\"https:\/\/bit.ly\/2ONkTC9\" target=\"_blank\" rel=\"noopener noreferrer nofollow\">Youtube Info83<\/a><\/p>\n","protected":false},"excerpt":{"rendered":"Publi-reportage Ce jeudi 12 juin, la concession Opel Toulon a organis\u00e9 un \u00e9v\u00e9nement original et festif autour de&hellip;\n","protected":false},"author":2,"featured_media":182520,"comment_status":"","ping_status":"","sticky":false,"template":"","format":"standard","meta":{"footnotes":""},"categories":[9619],"tags":[1111,11,32059,1777,674,1011,27,12,32060,32061,14241,882,25,2310],"class_list":{"0":"post-182519","1":"post","2":"type-post","3":"status-publish","4":"format-standard","5":"has-post-thumbnail","7":"category-toulon","8":"tag-actu","9":"tag-actualites","10":"tag-diat-toulon","11":"tag-eu","12":"tag-europe","13":"tag-fr","14":"tag-france","15":"tag-news","16":"tag-nouveau-frontera-toulon","17":"tag-opel-tressol-chabrier","18":"tag-portes-ouvertes","19":"tag-provence-alpes-cote-dazur","20":"tag-republique-francaise","21":"tag-toulon"},"share_on_mastodon":{"url":"https:\/\/pubeurope.com\/@fr\/114696915911108994","error":""},"_links":{"self":[{"href":"https:\/\/www.europesays.com\/fr\/wp-json\/wp\/v2\/posts\/182519","targetHints":{"allow":["GET"]}}],"collection":[{"href":"https:\/\/www.europesays.com\/fr\/wp-json\/wp\/v2\/posts"}],"about":[{"href":"https:\/\/www.europesays.com\/fr\/wp-json\/wp\/v2\/types\/post"}],"author":[{"embeddable":true,"href":"https:\/\/www.europesays.com\/fr\/wp-json\/wp\/v2\/users\/2"}],"replies":[{"embeddable":true,"href":"https:\/\/www.europesays.com\/fr\/wp-json\/wp\/v2\/comments?post=182519"}],"version-history":[{"count":0,"href":"https:\/\/www.europesays.com\/fr\/wp-json\/wp\/v2\/posts\/182519\/revisions"}],"wp:featuredmedia":[{"embeddable":true,"href":"https:\/\/www.europesays.com\/fr\/wp-json\/wp\/v2\/media\/182520"}],"wp:attachment":[{"href":"https:\/\/www.europesays.com\/fr\/wp-json\/wp\/v2\/media?parent=182519"}],"wp:term":[{"taxonomy":"category","embeddable":true,"href":"https:\/\/www.europesays.com\/fr\/wp-json\/wp\/v2\/categories?post=182519"},{"taxonomy":"post_tag","embeddable":true,"href":"https:\/\/www.europesays.com\/fr\/wp-json\/wp\/v2\/tags?post=182519"}],"curies":[{"name":"wp","href":"https:\/\/api.w.org\/{rel}","templated":true}]}}