{"id":182526,"date":"2025-06-17T04:59:16","date_gmt":"2025-06-17T04:59:16","guid":{"rendered":"https:\/\/www.europesays.com\/fr\/182526\/"},"modified":"2025-06-17T04:59:16","modified_gmt":"2025-06-17T04:59:16","slug":"un-succes-de-piolle-avec-3-des-grenoblois","status":"publish","type":"post","link":"https:\/\/www.europesays.com\/fr\/182526\/","title":{"rendered":"UN \u00a0\u00bb SUCC\u00c9S \u00a0\u00bb DE PIOLLE AVEC&#8230; 3 % DES GRENOBLOIS"},"content":{"rendered":"<p>Posted On 17 juin 2025 <\/p>\n<p>Malgr\u00e9 la publicit\u00e9, le co\u00fbt \u00e9lev\u00e9, seulement 3 % des grenoblois participent <a href=\"https:\/\/grenoble-le-changement.fr\/2024\/12\/18\/budget-participatif-a-grenoble-lechec-de-la-fausse-democratie-citoyenne\/\" target=\"_blank\" rel=\"noopener\">aux budgets dits \u00ab\u00a0participatifs\u00a0\u00bb<\/a> et pour Eric Piolle ( DL du 15\/6\/25) c&rsquo;est \u00e9videmment un grand succ\u00e8s. M\u00eame s&rsquo;il reconnait \u00e0 l&rsquo;approche des \u00e9lections qu&rsquo;il faudra \u00a0\u00bb peut \u00eatre le repenser, faire autre chose &#8230;\u00a0\u00bb .\u00a0<\/p>\n<p>Un d\u00e9tail en effet: les quartiers sud, la moiti\u00e9 de la ville en est exclue de fait car elle a d&rsquo;autres priorit\u00e9s que d&rsquo;imaginer par exemple \u00a0\u00bb des zones de compost de nos d\u00e9chets humains (f\u00e8ces) dans des quartiers pilotes de Grenoble aliment\u00e9es par des toilettes s\u00e8ches \u00e0 s\u00e9paration de particuliers , afin d&rsquo;alimenter le centre horticole de Grenoble\u00a0\u00bb .\u00a0<\/p>\n<p><a href=\"https:\/\/grenoble-le-changement.fr\/2025\/05\/28\/bide-de-la-biennale-la-municipalite-avoue-500-000-e-de-depenses\/\" target=\"_blank\" rel=\"noopener\">Au 50 place des g\u00e9ants<\/a>, dans un logement social g\u00e9r\u00e9 par les \u00e9lus, un femme chef de famille doit dormir dans une seule chambre avec ses enfants, les autres chambres \u00e9tant envahies de moisissures dues aux infiltrations.\u00a0 Elle n&rsquo;a pas pens\u00e9 au compost que pourrait fournir ses toilettes.\u00a0<\/p>\n<p><img decoding=\"async\" data-id=\"75084\" src=\"https:\/\/i1.wp.com\/grenoble-le-changement.fr\/wp-content\/uploads\/2024\/07\/Gre-Box-de\u0301gradation-.aJPG_-scaled.jpg?w=678&amp;ssl=1\" alt=\"\" class=\"wp-image-75084 jetpack-lazy-image\" data-recalc-dims=\"1\" data-lazy-src=\"https:\/\/i1.wp.com\/grenoble-le-changement.fr\/wp-content\/uploads\/2024\/07\/Gre-Box-de\u0301gradation-.aJPG_-scaled.jpg?w=678&amp;is-pending-load=1#038;ssl=1\" \/><\/p>\n<p><img decoding=\"async\" data-id=\"69931\" src=\"https:\/\/i2.wp.com\/grenoble-le-changement.fr\/wp-content\/uploads\/2023\/11\/Budgets-participatifs-boites-a\u0300-livres-e.jpg?w=678&amp;ssl=1\" alt=\"\" class=\"wp-image-69931 jetpack-lazy-image\" data-recalc-dims=\"1\" data-lazy-src=\"https:\/\/i2.wp.com\/grenoble-le-changement.fr\/wp-content\/uploads\/2023\/11\/Budgets-participatifs-boites-a\u0300-livres-e.jpg?w=678&amp;is-pending-load=1#038;ssl=1\" \/>.<br \/>\nMalgr\u00e9 l&rsquo;\u00e9chec du pr\u00e9c\u00e9dent, un nouveau projet de boite \u00e0 livre est propos\u00e9 en 2025 sans que la municipalit\u00e9 ait trait\u00e9 la question de l&rsquo;entretien et du fonctionnement &#8230;.<\/p>\n<p><strong>UN CACHE MIS\u00c9RE POUR LA MUNICIPALIT\u00c9<\/strong><\/p>\n<p>Mais <a href=\"https:\/\/grenoble-le-changement.fr\/2019\/04\/22\/budget-participatif-la-democratie-virtuelle-est-morte\/\" target=\"_blank\" rel=\"noopener\">ces budgets sont d&rsquo;abord un cache mis\u00e8re<\/a> pour la municipalit\u00e9\u00a0 Ils lui permettent de parler d&rsquo;autre chose que de remplir ses obligations et de r\u00e9pondre aux attentes nombreuses des habitants dans tous les quartiers. Ils lui permettent de ne pas remplir un engagement autrement contraignant, celui de pr\u00e9senter un budget avec plusieurs options et de le mettre en d\u00e9bat chaque ann\u00e9e.<\/p>\n<p><strong>HI\u00c9RARCHISER LES BESOINS, INTRODUIRE UNE LECTURE SOCIALE<\/strong><\/p>\n<p>Les propositions d&rsquo;habitants d&rsquo;am\u00e9nager telle place, tel cours, de planter un arbre ici , un banc l\u00e0, une table de ping pong , des aires de jeux ou une fresque auraient une autre allure s&rsquo;ils \u00e9taient int\u00e9gr\u00e9s dans des choix budg\u00e9taires globaux permettant de hi\u00e9rarchiser les besoins, avec en particulier une lecture sociale et de solidarit\u00e9. Egalement en fonction <a href=\"https:\/\/grenoble-le-changement.fr\/2023\/09\/03\/impots-le-courrier-mensonger-deric-piolle-aux-grenoblois\/\" target=\"_blank\" rel=\"noopener\">du taux d&rsquo;imp\u00f4ts souhait\u00e9.<\/a>\u00a0<\/p>\n<p><strong>DE QUOI SONT PRIV\u00c9S D&rsquo;AUTRES GRENOBLOIS PAR CES PROJETS?<\/strong><\/p>\n<p>En \u00e9chappant \u00e0 toutes ces donn\u00e9es la municipalit\u00e9\u00a0 permet \u00e0 quelques uns de satisfaire un d\u00e9sir, sans que l&rsquo;auteur ne sache de quoi il prive d&rsquo;autres grenoblois et qui sont les concern\u00e9s.\u00a0 En toute irresponsabilit\u00e9 et inconscience. Le m\u00eame , inform\u00e9, ne ferait certainement pas le m\u00eame choix.\u00a0<\/p>\n<p><strong>DES PROJETS IDENTIQUES REVIENNENT<\/strong><\/p>\n<p>D&rsquo;autant qu&rsquo;il n&rsquo;existe aucun bilan des r\u00e9alisations pr\u00e9c\u00e9dentes. Ainsi reviennent dans les projets de budgets participatifs, les boites \u00e0 livres qui existent d\u00e9j\u00e0, lesquelles par absence d&rsquo;entretien sont devenues une friche urbaine, ou les \u00ab\u00a0frigos solidaires\u00a0\u00bb d\u00e9j\u00e0 implant\u00e9s dont aucune le\u00e7on des effets n&rsquo;a \u00e9t\u00e9 tir\u00e9e.<\/p>\n<p><img decoding=\"async\" data-id=\"51402\" src=\"https:\/\/i1.wp.com\/grenoble-le-changement.fr\/wp-content\/uploads\/2022\/01\/WC-eolienne-Mistral-q.jpg?w=678&amp;ssl=1\" alt=\"\" class=\"wp-image-51402 jetpack-lazy-image\" data-recalc-dims=\"1\" data-lazy-src=\"https:\/\/www.europesays.com\/fr\/wp-content\/uploads\/2025\/06\/WC-eolienne-Mistral-q.jpg\" \/><\/p>\n<p><img decoding=\"async\" data-id=\"82654\" src=\"https:\/\/i2.wp.com\/grenoble-le-changement.fr\/wp-content\/uploads\/2025\/06\/Capture-de\u0301cran-2025-06-16-a\u0300-16.41.48.png?w=678&amp;ssl=1\" alt=\"\" class=\"wp-image-82654 jetpack-lazy-image\" data-recalc-dims=\"1\" data-lazy-src=\"https:\/\/i2.wp.com\/grenoble-le-changement.fr\/wp-content\/uploads\/2025\/06\/Capture-de\u0301cran-2025-06-16-a\u0300-16.41.48.png?w=678&amp;is-pending-load=1#038;ssl=1\" \/><br \/>\nLes toilettes \u00e0 \u00e9oliennes ( 110 000 \u20ac) r\u00e9sultat d&rsquo;un pr\u00e9c\u00e9dent budget participatif, install\u00e9es parc Paul Mistral, n&rsquo;ont pas fonctionn\u00e9 et viennent d&rsquo;\u00eatre enlev\u00e9es dans le cadre des travaux engag\u00e9s &#8230;. <a target=\"_blank\" href=\"https:\/\/www.tiktok.com\/@guizmaths?lang=fr\" rel=\"noopener\">( image Guizmath qui est all\u00e9 voir sur place)<\/a> <\/p>\n<p><strong>AUCUNE LECON DE L&rsquo;ARGENT PUBLIC DILAPID\u00c9<\/strong><\/p>\n<p>Les toilettes s\u00e8ches install\u00e9es au jardin de ville ( 55 000 \u20ac) ou <a href=\"https:\/\/grenoble-le-changement.fr\/2023\/09\/03\/impots-le-courrier-mensonger-deric-piolle-aux-grenoblois\/\" target=\"_blank\" rel=\"noopener\">les toilettes \u00e0 \u00e9oliennes ( 110 000 \u20ac)<\/a> r\u00e9sultat d&rsquo;un pr\u00e9c\u00e9dent budget participatif , install\u00e9es parc Paul Mistral et qui n&rsquo;ont pas fonctionn\u00e9 viennent d&rsquo;\u00eatre retir\u00e9es dans le cadre du nouvel am\u00e9nagement du parc. La municipalit\u00e9 ne tire aucune le\u00e7ons de cet argent public dilapid\u00e9, le \u00a0\u00bb porteur de projet\u00a0\u00bb est d\u00e9j\u00e0 loin , est pass\u00e9 \u00e0 autre chose, apr\u00e8s avoir fait d\u00e9penser le montant de 3 appartements \u00e0 Villeneuve pour des chiottes qui devaient sauver la plan\u00e8te.\u00a0<\/p>\n<p><strong>ON VEUT V\u00c9G\u00c9TALISER LA PLACE SCHUMAN &#8230; <\/strong>\u00a0<\/p>\n<p>Ce niveau d&rsquo;irresponsabilit\u00e9 effraie. L&rsquo;absence de prise en compte des habitants est affolant. Ainsi, existe un projet sur la place Robert Schuman, \u00e0 Europole, une place min\u00e9ralis\u00e9e puisque la municipalit\u00e9 Carignon &#8211; qui a r\u00e9alis\u00e9 par ailleurs 20 hectares de parc et jardins- a cr\u00e9\u00e9 en sous sol\u00a0 un parking de 1000 places. Mais elle est entour\u00e9e de bureaux.\u00a0<\/p>\n<p><strong>&#8230; MAIS PAS LA PLACE DES G\u00c9ANTS \u00e0 VILLENEUVE ENTOUR\u00c9E D&rsquo;HABITANTS<\/strong><\/p>\n<p>Tandis que la place des G\u00e9ants, \u00e0 Villeneuve, r\u00e9alis\u00e9e par les Verts et la municipalit\u00e9 Dubedout est \u00e9galement min\u00e9ralis\u00e9e puisqu&rsquo;il y a un parking en dessous. Sauf, qu&rsquo;elle, elle est entour\u00e9e d&rsquo;habitations nombreuses. Et bien c&rsquo;est la place Schumann pour laquelle est port\u00e9 \u00ab\u00a0un projet avec du mobilier urbain v\u00e9g\u00e9talis\u00e9 et ombrag\u00e9 : bancs, transats, pergolas\u00a0\u00bb afin de rendre \u00a0\u00bb ce lieu de passage plus agr\u00e9able et convivial afin qu\u2019il redevienne un lieu de vie adapt\u00e9 au changement climatique.\u00a0\u00bb<\/p>\n<p><img decoding=\"async\" data-id=\"32895\" src=\"https:\/\/i0.wp.com\/grenoble-le-changement.fr\/wp-content\/uploads\/2019\/02\/palce-des-ge\u0301ants-le\u0301gumes-bio-.jpeg?w=678&amp;ssl=1\" alt=\"\" class=\"wp-image-32895 jetpack-lazy-image\" data-recalc-dims=\"1\" data-lazy-src=\"https:\/\/i0.wp.com\/grenoble-le-changement.fr\/wp-content\/uploads\/2019\/02\/palce-des-ge\u0301ants-le\u0301gumes-bio-.jpeg?w=678&amp;is-pending-load=1#038;ssl=1\" \/><\/p>\n<p><img decoding=\"async\" data-id=\"82655\" src=\"https:\/\/grenoble-le-changement.fr\/wp-content\/uploads\/2025\/06\/place-robert-schuman.webp\" alt=\"\" class=\"wp-image-82655 jetpack-lazy-image\" data-lazy-src=\"https:\/\/www.europesays.com\/fr\/wp-content\/uploads\/2025\/06\/place-robert-schuman.webp\" \/><br \/>\nla place des G\u00e9ants \u00e0 Villeneuve, min\u00e9ralis\u00e9e sur un parking, entour\u00e9e de nombreux immeubles d&rsquo;habitation n&rsquo;a pas de projet de v\u00e9g\u00e9talisation et d&rsquo;ombrage, mais la place Schuman \u00e0 Europole, entour\u00e9e de bureaux, oui : toute l&rsquo;injustice et la politique anti sociale des Rouge\/verts est r\u00e9sum\u00e9e avec ces choix<\/p>\n<p><strong>SAINT BRUNO: LA VILLE LAISSE VIDE &#8230;<\/strong><\/p>\n<p>On trouve aussi l&rsquo;incroyable : dans un quartier tr\u00e8s en difficult\u00e9s, la ville dispose depuis plus de 10 ans des locaux vides de l&rsquo;ancien commissariat de police, qu&rsquo;elle laisse inoccup\u00e9s! Ne pas utiliser son patrimoine au service des habitants est un vrai scandale. Des habitants passent donc par le \u00a0\u00bb budget participatif\u00a0\u00bb pour la rappeler \u00e0 ses devoirs fondamentaux.\u00a0<\/p>\n<p>&#8230; <strong>L&rsquo;ANCIEN COMMISSARIAT DEPUIS 10 ANS<\/strong><\/p>\n<p>Quelle que soit la qualit\u00e9 et l&rsquo;int\u00e9r\u00eat du projet sportif propos\u00e9 pour ces locaux, qui ne voit qu&rsquo;il s&rsquo;agit l\u00e0 d&rsquo;un enjeu, \u00e0 minima, de quartier et qu&rsquo;il devrait \u00eatre d\u00e9battu dans le cadre de plusieurs options en fonction des besoins et attentes du secteur, prises dans leur globalit\u00e9. Qui concluraient peut \u00eatre \u00e0 un DOJO , mais cette proc\u00e9dure limit\u00e9e, partielle, n&rsquo;est pas adapt\u00e9e \u00e0 un choix de ce type. Elle permet seulement de couvrir l&rsquo;imp\u00e9ritie municipale qui n&rsquo;a rien fait depuis 10 ans.\u00a0<\/p>\n<p><strong>UNE GRANDE ARNAQUE<\/strong><\/p>\n<p>Il s&rsquo;agit d&rsquo;une grande arnaque dont on ne peut exclure que quelques citoyens ne soient pas conscients au milieu\u00a0 d<a href=\"https:\/\/grenoble-le-changement.fr\/2025\/02\/10\/budget-participatif-les-proches-des-verts-lfi-monopolisent-le-dispositif\/\" target=\"_blank\" rel=\"noopener\">&lsquo;un syst\u00e8me organis\u00e9 puisqu&rsquo;on retrouve des affid\u00e9s au Rouge\/Verts<\/a>, d&rsquo;anciens \u00e9lus ou des salari\u00e9s d&rsquo;organismes dirig\u00e9s par eux.\u00a0<\/p>\n<p><img decoding=\"async\" data-id=\"76604\" src=\"https:\/\/i1.wp.com\/grenoble-le-changement.fr\/wp-content\/uploads\/2024\/09\/mur-st-andre-2.png?w=678&amp;ssl=1\" alt=\"\" class=\"wp-image-76604 jetpack-lazy-image\" data-recalc-dims=\"1\" data-lazy-src=\"https:\/\/www.europesays.com\/fr\/wp-content\/uploads\/2025\/06\/mur-st-andre-2.png\" \/><\/p>\n<p><img decoding=\"async\" data-id=\"71765\" src=\"https:\/\/i0.wp.com\/grenoble-le-changement.fr\/wp-content\/uploads\/2024\/02\/e\u0301glise-St-Andre\u0301-fe\u0301vrier-24--scaled.jpg?w=678&amp;ssl=1\" alt=\"\" class=\"wp-image-71765 jetpack-lazy-image\" data-recalc-dims=\"1\" data-lazy-src=\"https:\/\/i0.wp.com\/grenoble-le-changement.fr\/wp-content\/uploads\/2024\/02\/e\u0301glise-St-Andre\u0301-fe\u0301vrier-24--scaled.jpg?w=678&amp;is-pending-load=1#038;ssl=1\" \/><\/p>\n<p><img decoding=\"async\" data-id=\"62145\" src=\"https:\/\/i2.wp.com\/grenoble-le-changement.fr\/wp-content\/uploads\/2023\/05\/st-Louis-st-andre\u0301-.png?w=678&amp;ssl=1\" alt=\"\" class=\"wp-image-62145 jetpack-lazy-image\" data-recalc-dims=\"1\" data-lazy-src=\"https:\/\/i2.wp.com\/grenoble-le-changement.fr\/wp-content\/uploads\/2023\/05\/st-Louis-st-andre\u0301-.png?w=678&amp;is-pending-load=1#038;ssl=1\" \/><\/p>\n<p><img decoding=\"async\" data-id=\"62139\" src=\"https:\/\/i2.wp.com\/grenoble-le-changement.fr\/wp-content\/uploads\/2023\/05\/e\u0301glise-St-Andre\u0301-.-y-scaled.jpg?w=678&amp;ssl=1\" alt=\"\" class=\"wp-image-62139 jetpack-lazy-image\" data-recalc-dims=\"1\" data-lazy-src=\"https:\/\/i2.wp.com\/grenoble-le-changement.fr\/wp-content\/uploads\/2023\/05\/e\u0301glise-St-Andre\u0301-.-y-scaled.jpg?w=678&amp;is-pending-load=1#038;ssl=1\" \/><br \/>\nLa Coll\u00e9giale St Andr\u00e9 qui va f\u00eater ses 800 ans est d\u00e9grad\u00e9e comme l&rsquo;\u00e9glise St Louis: il s&rsquo;agit du patrimoine municipal pas entretenu &#8230;.<\/p>\n<p><strong>LA COLL\u00c9GIALE SAINT ANDRE EST ABANDONN\u00c9E<\/strong><\/p>\n<p>SIl existe aussi une proposition de budget participatif pour r\u00e9parer une chapelle de la coll\u00e9giale Saint Andr\u00e9 <a href=\"https:\/\/grenoble-le-changement.fr\/2019\/12\/31\/st-andre-st-louis-st-bruno-le-patrimoine-religieux-a-labandon\/\" target=\"_blank\" rel=\"noopener\">abandonn\u00e9e alors qu&rsquo;elle va f\u00eater bient\u00f4t ses 800 ans.<\/a> Les \u00e9glises St Louis et ST Bruno sont dans le m\u00eame \u00e9tat. Pourtant la ville de grenoble a un patrimoine cultuel tr\u00e8s petit. Normalement son entretien, assur\u00e9 au fil des ans , est assez ais\u00e9.\u00a0<\/p>\n<p><strong>COMMUNICATION SUR LA TOUR PERRET<\/strong><\/p>\n<p>La municipalit\u00e9\u00a0 a pr\u00e9f\u00e9r\u00e9 <a href=\"https:\/\/grenoble-le-changement.fr\/2024\/06\/18\/larbre-de-la-tour-perret-pour-cacher-labandon-de-la-ville\/\" target=\"_blank\" rel=\"noopener\">communiquer sur la Tour Perret<\/a> ( largement financ\u00e9e par l&rsquo;Etat et le d\u00e9partement), sur les jeux d&rsquo;enfants du parc Paul Mistral ( 2 millions d&rsquo;\u20ac) plut\u00f4t que de traiter ses fondamentaux. Entre l&rsquo;\u00e9lectoralisme et le durable, elle a choisi.<\/p>\n<p>L&rsquo;esbroufe municipale, permet de remplir le \u00a0\u00bb Dauphin\u00e9\u00a0\u00bb et la com&rsquo; fait le reste. Qui sait ce qu&rsquo;il en est au fond de ces \u00ab\u00a0budgets participatifs\u00a0\u00bb, de leur int\u00e9r\u00eat et de leur r\u00e9sultat dans le temps? Personne.<\/p>\n<p><strong>PIOLLE : IL FAUT \u00ab\u00a0PEUT \u00caTRE REPENSER, FAIRE AUTRE CHOSE\u00a0\u00bb<\/strong><\/p>\n<p>Pour qu&rsquo;Eric Piolle reconnaisse qu&rsquo;il faut \u00a0\u00bb peut \u00eatre le repenser, faire autre chose &#8230;\u00a0\u00bb faut il que le dossier soit contestable. <a href=\"https:\/\/grenoble-le-changement.fr\/2024\/11\/23\/laurence-ruffin-verts-lfi-petits-mensonges-et-gros-sabots\/\" target=\"_blank\" rel=\"noopener\">Laurence Ruffin<\/a> , sa candidate, reconnaitra -t-elle le faux ? Mais la question ne lui sera pos\u00e9e par personne. Ici aussi, l&rsquo;arriv\u00e9e du bon sens, l&rsquo;intervention d&rsquo;une citoyennet\u00e9 \u00e9clair\u00e9e , l&rsquo;\u00e9laboration de priorit\u00e9s , la prise en compte de la situation sociale, n&rsquo;interviendront qu&rsquo;avec un changement de majorit\u00e9 municipale.\u00a0 Vivement demain.\u00a0<\/p>\n<p>\t\t\t\t\t\t\t\t\t\t\t<script async src=\"\/\/www.tiktok.com\/embed.js\"><\/script><\/p>\n","protected":false},"excerpt":{"rendered":"Posted On 17 juin 2025 Malgr\u00e9 la publicit\u00e9, le co\u00fbt \u00e9lev\u00e9, seulement 3 % des grenoblois participent aux&hellip;\n","protected":false},"author":2,"featured_media":182527,"comment_status":"","ping_status":"","sticky":false,"template":"","format":"standard","meta":{"footnotes":""},"categories":[9566],"tags":[1111,11,2430,32062,9607,1777,674,1011,27,2731,10136,12,25,19255],"class_list":{"0":"post-182526","1":"post","2":"type-post","3":"status-publish","4":"format-standard","5":"has-post-thumbnail","7":"category-grenoble","8":"tag-actu","9":"tag-actualites","10":"tag-auvergne-rhone-alpes","11":"tag-budgets-participatifs","12":"tag-eric-piolle","13":"tag-eu","14":"tag-europe","15":"tag-fr","16":"tag-france","17":"tag-grenoble","18":"tag-laurence-ruffin","19":"tag-news","20":"tag-republique-francaise","21":"tag-tour-perret"},"share_on_mastodon":{"url":"https:\/\/pubeurope.com\/@fr\/114696944981560058","error":""},"_links":{"self":[{"href":"https:\/\/www.europesays.com\/fr\/wp-json\/wp\/v2\/posts\/182526","targetHints":{"allow":["GET"]}}],"collection":[{"href":"https:\/\/www.europesays.com\/fr\/wp-json\/wp\/v2\/posts"}],"about":[{"href":"https:\/\/www.europesays.com\/fr\/wp-json\/wp\/v2\/types\/post"}],"author":[{"embeddable":true,"href":"https:\/\/www.europesays.com\/fr\/wp-json\/wp\/v2\/users\/2"}],"replies":[{"embeddable":true,"href":"https:\/\/www.europesays.com\/fr\/wp-json\/wp\/v2\/comments?post=182526"}],"version-history":[{"count":0,"href":"https:\/\/www.europesays.com\/fr\/wp-json\/wp\/v2\/posts\/182526\/revisions"}],"wp:featuredmedia":[{"embeddable":true,"href":"https:\/\/www.europesays.com\/fr\/wp-json\/wp\/v2\/media\/182527"}],"wp:attachment":[{"href":"https:\/\/www.europesays.com\/fr\/wp-json\/wp\/v2\/media?parent=182526"}],"wp:term":[{"taxonomy":"category","embeddable":true,"href":"https:\/\/www.europesays.com\/fr\/wp-json\/wp\/v2\/categories?post=182526"},{"taxonomy":"post_tag","embeddable":true,"href":"https:\/\/www.europesays.com\/fr\/wp-json\/wp\/v2\/tags?post=182526"}],"curies":[{"name":"wp","href":"https:\/\/api.w.org\/{rel}","templated":true}]}}